{"id":463942,"date":"2025-10-15T03:39:19","date_gmt":"2025-10-15T03:39:19","guid":{"rendered":"https:\/\/www.europesays.com\/fr\/463942\/"},"modified":"2025-10-15T03:39:19","modified_gmt":"2025-10-15T03:39:19","slug":"entre-croissance-defis-et-engagement-environnemental-haute-garonne","status":"publish","type":"post","link":"https:\/\/www.europesays.com\/fr\/463942\/","title":{"rendered":"Entre croissance, d\u00e9fis et engagement environnemental &#8211; Haute Garonne"},"content":{"rendered":"<p>                    <img width=\"1500\" height=\"1000\" src=\"https:\/\/www.europesays.com\/fr\/wp-content\/uploads\/2025\/10\/Royal-Air-Maroc.jpg\" class=\"img-fluid landscape wp-post-image\" alt=\"Une nouvelle liaison directe vers Marrakech par Royal Air Maroc\" itemprop=\"image\" decoding=\"async\" fetchpriority=\"high\"  \/>                    <\/p>\n<p itemprop=\"name\">\n                                                Une nouvelle liaison directe vers Marrakech par Royal Air Maroc<br \/>\n                         Cr\u00e9dits :<br \/>\n                            Mondadori Portfolio\/Archivio Massimo Insabato\/Massimo Insabato\n                                                <\/p>\n<p><strong>Depuis le d\u00e9but octobre 2025, l\u2019a\u00e9roport Toulouse-Blagnac pr\u00e9sente une activit\u00e9 contrast\u00e9e. Si le trafic international affiche une l\u00e9g\u00e8re croissance au premier trimestre, le volume global reste inf\u00e9rieur de 3,7 % \u00e0 celui de l\u2019ann\u00e9e pr\u00e9c\u00e9dente. <\/strong>&#13;<br \/>\n&#13;<br \/>\nCette baisse s\u2019explique notamment par la fermeture d\u2019une base majeure en avril, impactant certains programmes estivaux.&#13;<br \/>\n&#13;<br \/>\nDans ce contexte, l\u2019ouverture d\u2019une nouvelle liaison directe vers Marrakech par Royal Air Maroc vient renforcer la connectivit\u00e9 internationale. Avec deux vols hebdomadaires programm\u00e9s les lundis et vendredis, \u00e0 partir de 126 \u20ac l&rsquo;aller-retour. Cette ligne r\u00e9pond \u00e0 une double demande : celle de la diaspora marocaine en Occitanie et des voyageurs cherchant une destination ensoleill\u00e9e, accessible en 2 h 15 depuis Toulouse. Les avions offrent le confort avec restauration gratuite et prise en charge des \u00e9quipements sportifs dans la limite d&rsquo;un poids total de 23 kg.&#13;<br \/>\n&#13;<br \/>\nCependant, des d\u00e9fis subsistent, notamment en ce qui concerne la gestion des vols nocturnes pour limiter les nuisances. La r\u00e9glementation visant \u00e0 restreindre les vols apr\u00e8s minuit continue de faire d\u00e9bat parmi les autorit\u00e9s et acteurs locaux, sans d\u00e9cision d\u00e9finitive \u00e0 ce jour.<\/p>\n<p>                Cet article est r\u00e9serv\u00e9 aux abonn\u00e9s.<\/p>\n<p class=\"signature\" itemscope=\"\" itemprop=\"Author\" itemtype=\"http:\/\/schema.org\/Person\">\n                DBE\n            <\/p>\n","protected":false},"excerpt":{"rendered":"Une nouvelle liaison directe vers Marrakech par Royal Air Maroc Cr\u00e9dits : Mondadori Portfolio\/Archivio Massimo Insabato\/Massimo Insabato Depuis&hellip;\n","protected":false},"author":2,"featured_media":463943,"comment_status":"","ping_status":"","sticky":false,"template":"","format":"standard","meta":{"footnotes":""},"categories":[2816],"tags":[1111,11,1777,674,1011,27,12,2680,301,25,2312],"class_list":{"0":"post-463942","1":"post","2":"type-post","3":"status-publish","4":"format-standard","5":"has-post-thumbnail","7":"category-toulouse","8":"tag-actu","9":"tag-actualites","10":"tag-eu","11":"tag-europe","12":"tag-fr","13":"tag-france","14":"tag-news","15":"tag-occitanie","16":"tag-premium","17":"tag-republique-francaise","18":"tag-toulouse"},"share_on_mastodon":{"url":"https:\/\/pubeurope.com\/@fr\/115376106651963013","error":""},"_links":{"self":[{"href":"https:\/\/www.europesays.com\/fr\/wp-json\/wp\/v2\/posts\/463942","targetHints":{"allow":["GET"]}}],"collection":[{"href":"https:\/\/www.europesays.com\/fr\/wp-json\/wp\/v2\/posts"}],"about":[{"href":"https:\/\/www.europesays.com\/fr\/wp-json\/wp\/v2\/types\/post"}],"author":[{"embeddable":true,"href":"https:\/\/www.europesays.com\/fr\/wp-json\/wp\/v2\/users\/2"}],"replies":[{"embeddable":true,"href":"https:\/\/www.europesays.com\/fr\/wp-json\/wp\/v2\/comments?post=463942"}],"version-history":[{"count":0,"href":"https:\/\/www.europesays.com\/fr\/wp-json\/wp\/v2\/posts\/463942\/revisions"}],"wp:featuredmedia":[{"embeddable":true,"href":"https:\/\/www.europesays.com\/fr\/wp-json\/wp\/v2\/media\/463943"}],"wp:attachment":[{"href":"https:\/\/www.europesays.com\/fr\/wp-json\/wp\/v2\/media?parent=463942"}],"wp:term":[{"taxonomy":"category","embeddable":true,"href":"https:\/\/www.europesays.com\/fr\/wp-json\/wp\/v2\/categories?post=463942"},{"taxonomy":"post_tag","embeddable":true,"href":"https:\/\/www.europesays.com\/fr\/wp-json\/wp\/v2\/tags?post=463942"}],"curies":[{"name":"wp","href":"https:\/\/api.w.org\/{rel}","templated":true}]}}