{"id":463946,"date":"2025-10-15T03:43:15","date_gmt":"2025-10-15T03:43:15","guid":{"rendered":"https:\/\/www.europesays.com\/fr\/463946\/"},"modified":"2025-10-15T03:43:15","modified_gmt":"2025-10-15T03:43:15","slug":"cette-ville-de-lherault-est-la-plus-vieille-de-france","status":"publish","type":"post","link":"https:\/\/www.europesays.com\/fr\/463946\/","title":{"rendered":"cette ville de l&rsquo;H\u00e9rault est la plus vieille de France"},"content":{"rendered":"<p><strong>Marseille est souvent d\u00e9crite comme la plus vieille ville de France, mais une commune de l\u2019H\u00e9rault la d\u00e9passe d\u2019une vingtaine d\u2019ann\u00e9es. <\/strong><\/p>\n<p><img fetchpriority=\"high\" decoding=\"async\" width=\"1200\" height=\"800\" src=\"https:\/\/www.europesays.com\/fr\/wp-content\/uploads\/2025\/10\/Beziers.jpg\" alt=\"b\u00e9ziers\"  \/><\/p>\n<p>La cr\u00e9ation de B\u00e9ziers remonte \u00e0 625 avant J.-C. \u00a9 Pixemac \/ Depositphotos.com<\/p>\n<p>Non, ce n\u2019est pas Marseille ! Contrairement \u00e0 la croyance populaire, la cit\u00e9 phoc\u00e9enne n\u2019est pas la plus vieille ville de France. Sa date de cr\u00e9ation remonte bien aux alentours de 600 avant J.-C. Mais une ville aurait \u00e9t\u00e9 fond\u00e9e quelques ann\u00e9es avant Marseille, pr\u00e9cis\u00e9ment un quart de si\u00e8cle. Et, elle se trouve en Occitanie, dans le d\u00e9partement de l\u2019H\u00e9rault. <a href=\"https:\/\/www.lejournaltoulousain.fr\/occitanie\/herault\/beziers\/grands-sites-occitanie-tresors-patrimoniaux-beziers-canal-midi-279556\/\" target=\"_blank\" rel=\"noopener\">Il s\u2019agit de B\u00e9ziers<\/a>. Son histoire urbaine commence effectivement t\u00f4t. Elle a \u00e9t\u00e9 <strong>construite au plus tard vers 625 avant J.-C.<\/strong> au sommet de la colline Saint-Jacques, par des colons d\u2019origine dorienne, l\u2019une des ethnies majeures de la Gr\u00e8ce antique. Une date qui a \u00e9t\u00e9 confirm\u00e9e par de toutes r\u00e9centes d\u00e9couvertes.<\/p>\n<p>En effet, les chantiers arch\u00e9ologiques de l\u2019\u00eelot Saint-Jacques et de celui des Chaudronniers, et le sondage des Halles, men\u00e9s ces derni\u00e8res ann\u00e9es, ont permis de la pr\u00e9ciser. \u00ab Il y a encore peu de temps, les marqueurs mat\u00e9riels pointaient une fondation autour de 590 avant J.-C. \u00bb, pr\u00e9cise <a href=\"https:\/\/www.ville-beziers.fr\/culture\/archeologie\" target=\"_blank\" rel=\"noopener\">le service arch\u00e9ologique municipal de B\u00e9ziers<\/a>. Des donn\u00e9es acquises en centre-ville, dans les ann\u00e9es 1980, estimaient effectivement que B\u00e9ziers \u00e9tait au moins aussi pr\u00e9coce que Marseille. Ce qui constituait d\u00e9j\u00e0 une d\u00e9couverte majeure. Avant, <strong>la gr\u00e9cit\u00e9, c\u2019est-\u00e0-dire le caract\u00e8re grec, de B\u00e9ziers \u00e9tait effectivement totalement ignor\u00e9e<\/strong>. Et pour cause, aucune fouille arch\u00e9ologique n\u2019avait encore \u00e9t\u00e9 men\u00e9e en centre-ville.<\/p>\n<p>Les origines de la ville de B\u00e9ziers<\/p>\n<p>Si les Grecs se sont \u00e9tablis sur la colline de Saint-Jacques, ce n\u2019est pas par hasard. En effet, ils y avaient nou\u00e9 des contacts avec les populations locales, y avaient vu un certain potentiel agricole et commercial et avait besoin d\u2019implanter de nouvelles colonies pour offrir \u00e0 leurs nombreux citoyens un cadre et des moyens de subsistance, comme l\u2019explique le service arch\u00e9ologique. Tout d\u2019abord, les Grecs \u00e9rigent un site d\u00e9fensif d\u2019une superficie proche de 2 hectares. Il se transforme bient\u00f4t en ville d\u2019environ 12 hectares. Une <strong>premi\u00e8re agglom\u00e9ration qui portait vraisemblablement le nom de Rh\u00f2de<\/strong>, selon les derni\u00e8res recherches. Celle-ci avait alors toutes les caract\u00e9ristiques d\u2019une cit\u00e9 grecque.<\/p>\n<p>En effet, son urbanisme suit un plan orthonorm\u00e9. Ses <strong>larges rues sont bord\u00e9es de maisons, de boutiques et d\u2019ateliers artisanaux<\/strong>, notamment de poterie et de m\u00e9tallurgie. Une boulangerie se trouvait m\u00eame pr\u00e8s de La Madeleine. Les \u00e9difices sont par ailleurs couverts de tuiles en terre cuite d\u00e8s -500 avant J.-C., alors que celles-ci sont inconnues dans le reste de la Gaule et le resteront jusqu\u2019\u00e0 la p\u00e9riode romaine. D\u2019apr\u00e8s les d\u00e9couvertes r\u00e9alis\u00e9es, l\u2019agora, le centre politique et culturel de la cit\u00e9, aurait pris place entre <a href=\"https:\/\/www.lejournaltoulousain.fr\/occitanie\/herault\/beziers\/halles-beziers-plus-beau-marche-france-315604\/\" target=\"_blank\" rel=\"noopener\">les Halles<\/a> et l\u2019h\u00f4tel de ville, et un b\u00e2timent public li\u00e9 au culte se trouve sous l\u2019actuelle place du Forum. Dans cette zone, des d\u00e9p\u00f4ts votifs, fragments de poup\u00e9es en terre cuite et de vases cultuels ont notamment \u00e9t\u00e9 retrouv\u00e9s.<\/p>\n<p>De cit\u00e9 prosp\u00e8re \u00e0 un abandon complet<\/p>\n<p>Vers 500 avant notre \u00e8re, Rh\u00f2de est une agglom\u00e9ration qui s\u2019\u00e9tend sur plus de 35 hectares. Ce qui en fait \u00ab <strong>le site le plus vaste et le plus dynamique entre le Rh\u00f4ne et les Pyr\u00e9n\u00e9es<\/strong> \u00bb, souligne le service arch\u00e9ologique. En plus de la culture de la vigne, la vinification et la plantation d\u2019oliviers, la production de c\u00e9ramiques tourn\u00e9es y est florissante. Preuve en est, le nombre de fours de potier y est tr\u00e8s important. Toute sorte de vaisselle et objets en terre cuite y \u00e9taient alors confectionn\u00e9s. Le travail du m\u00e9tal et la confection textile ont \u00e9galement une place importante. Enfin, on y r\u00e9alisait la collecte et le commerce du corail rouge de M\u00e9diterran\u00e9e qui devait \u00eatre \u00e9chang\u00e9 avec les populations celtiques.<\/p>\n<blockquote class=\"instagram-media\" data-instgrm-captioned=\"\" data-instgrm-permalink=\"https:\/\/www.instagram.com\/p\/DMPjxHPipmL\/?utm_source=ig_embed&amp;utm_campaign=loading\" data-instgrm-version=\"14\" style=\" background:#FFF; border:0; border-radius:3px; box-shadow:0 0 1px 0 rgba(0,0,0,0.5),0 1px 10px 0 rgba(0,0,0,0.15); margin: 1px; max-width:540px; min-width:326px; padding:0; width:99.375%; width:-webkit-calc(100% - 2px); width:calc(100% - 2px);\"\/>\n<p>Le Ve si\u00e8cle avant J.-C. est donc une p\u00e9riode prosp\u00e8re pour B\u00e9ziers. Mais cela ne va pas durer. En effet, \u00e0 partir de 350 avant notre \u00e8re, un certain essoufflement se fait ressentir. Et celui-ci ne va pas s\u2019am\u00e9liorer. Bien au contraire. Il va effectivement s\u2019accentuer et conduire, ni plus ni moins, \u00e0<strong> l\u2019abandon total du site vers 300 avant J.-C<\/strong>. \u00ab En l\u2019\u00e9tat actuel des recherches, aucune occupation du IIIe si\u00e8cle n\u2019a pu \u00eatre mise en \u00e9vidence \u00bb, pr\u00e9cise le service arch\u00e9ologique municipal. Il faudra attendre le d\u00e9but du IIe si\u00e8cle avant notre \u00e8re pour que le site soit de nouveau occup\u00e9 par les Gaulois, puis les Romains. Et encore bien des si\u00e8cles pour que la ville de B\u00e9ziers, telle qu\u2019on la conna\u00eet aujourd\u2019hui, voit le jour.<\/p>\n<p><script async src=\"\/\/www.instagram.com\/embed.js\"><\/script><\/p>\n","protected":false},"excerpt":{"rendered":"Marseille est souvent d\u00e9crite comme la plus vieille ville de France, mais une commune de l\u2019H\u00e9rault la d\u00e9passe&hellip;\n","protected":false},"author":2,"featured_media":463947,"comment_status":"","ping_status":"","sticky":false,"template":"","format":"standard","meta":{"footnotes":""},"categories":[2814],"tags":[1111,11,58824,1777,674,1011,27,884,12,2828,882,25],"class_list":{"0":"post-463946","1":"post","2":"type-post","3":"status-publish","4":"format-standard","5":"has-post-thumbnail","7":"category-marseille","8":"tag-actu","9":"tag-actualites","10":"tag-ce-nu2019est-pas-marseille-cette-ville-de-lhu00e9rault-est-la-plus-vieille-de-france","11":"tag-eu","12":"tag-europe","13":"tag-fr","14":"tag-france","15":"tag-marseille","16":"tag-news","17":"tag-non","18":"tag-provence-alpes-cote-dazur","19":"tag-republique-francaise"},"share_on_mastodon":{"url":"https:\/\/pubeurope.com\/@fr\/115376121705416533","error":""},"_links":{"self":[{"href":"https:\/\/www.europesays.com\/fr\/wp-json\/wp\/v2\/posts\/463946","targetHints":{"allow":["GET"]}}],"collection":[{"href":"https:\/\/www.europesays.com\/fr\/wp-json\/wp\/v2\/posts"}],"about":[{"href":"https:\/\/www.europesays.com\/fr\/wp-json\/wp\/v2\/types\/post"}],"author":[{"embeddable":true,"href":"https:\/\/www.europesays.com\/fr\/wp-json\/wp\/v2\/users\/2"}],"replies":[{"embeddable":true,"href":"https:\/\/www.europesays.com\/fr\/wp-json\/wp\/v2\/comments?post=463946"}],"version-history":[{"count":0,"href":"https:\/\/www.europesays.com\/fr\/wp-json\/wp\/v2\/posts\/463946\/revisions"}],"wp:featuredmedia":[{"embeddable":true,"href":"https:\/\/www.europesays.com\/fr\/wp-json\/wp\/v2\/media\/463947"}],"wp:attachment":[{"href":"https:\/\/www.europesays.com\/fr\/wp-json\/wp\/v2\/media?parent=463946"}],"wp:term":[{"taxonomy":"category","embeddable":true,"href":"https:\/\/www.europesays.com\/fr\/wp-json\/wp\/v2\/categories?post=463946"},{"taxonomy":"post_tag","embeddable":true,"href":"https:\/\/www.europesays.com\/fr\/wp-json\/wp\/v2\/tags?post=463946"}],"curies":[{"name":"wp","href":"https:\/\/api.w.org\/{rel}","templated":true}]}}