{"id":463948,"date":"2025-10-15T03:44:12","date_gmt":"2025-10-15T03:44:12","guid":{"rendered":"https:\/\/www.europesays.com\/fr\/463948\/"},"modified":"2025-10-15T03:44:12","modified_gmt":"2025-10-15T03:44:12","slug":"luniversite-daix-marseille-sengage-contre-le-racisme-et-lantisemitisme","status":"publish","type":"post","link":"https:\/\/www.europesays.com\/fr\/463948\/","title":{"rendered":"L\u2019Universit\u00e9 d\u2019Aix-Marseille s\u2019engage contre le racisme et l\u2019antis\u00e9mitisme"},"content":{"rendered":"<p>Des campus aux couleurs de l\u2019antiracisme. L\u2019Universit\u00e9 d\u2019Aix-Marseille, qui depuis plus de dix ans a fait de la lutte contre les discriminations et la promotion de l\u2019\u00e9galit\u00e9 femmes-hommes un axe majeur de sa politique institutionnelle, a lanc\u00e9 le 13 octobre une campagne de lutte contre le racisme et l\u2019antis\u00e9mitisme. L\u2019objectif est \u00e0 la fois de sensibiliser sur le sujet et de lib\u00e9rer la parole, aussi bien des t\u00e9moins que des victimes. Elle en profite aussi pour r\u00e9affirmer un \u00ab principe de tol\u00e9rance z\u00e9ro face \u00e0 tout acte discriminant \u00bb.<\/p>\n<p>R\u00e9alis\u00e9e en interne, la campagne repose sur l\u2019affichage de visuels sur tous les campus, la diffusion de messages sur les supports num\u00e9riques de l\u2019universit\u00e9, l\u2019organisation d\u2019\u00e9v\u00e9nements et d\u2019ateliers et la mise \u00e0 disposition de ressources p\u00e9dagogiques. L\u2019universit\u00e9, qui s\u2019est dot\u00e9e d\u2019outils concrets au-del\u00e0 de la communication (cellule de signalement, ateliers de formation, actions de m\u00e9diation\u2026) se veut \u00ab un espace exemplaire en mati\u00e8re de lutte contre toutes les formes de discrimination \u00bb.<\/p>\n","protected":false},"excerpt":{"rendered":"Des campus aux couleurs de l\u2019antiracisme. L\u2019Universit\u00e9 d\u2019Aix-Marseille, qui depuis plus de dix ans a fait de la&hellip;\n","protected":false},"author":2,"featured_media":463949,"comment_status":"","ping_status":"","sticky":false,"template":"","format":"standard","meta":{"footnotes":""},"categories":[2814],"tags":[1111,11,536,6973,1777,674,1011,27,6974,6972,884,500,12,882,25],"class_list":{"0":"post-463948","1":"post","2":"type-post","3":"status-publish","4":"format-standard","5":"has-post-thumbnail","7":"category-marseille","8":"tag-actu","9":"tag-actualites","10":"tag-communication","11":"tag-digital","12":"tag-eu","13":"tag-europe","14":"tag-fr","15":"tag-france","16":"tag-magazine-strategies","17":"tag-marketing","18":"tag-marseille","19":"tag-medias","20":"tag-news","21":"tag-provence-alpes-cote-dazur","22":"tag-republique-francaise"},"share_on_mastodon":{"url":"https:\/\/pubeurope.com\/@fr\/115376126113425826","error":""},"_links":{"self":[{"href":"https:\/\/www.europesays.com\/fr\/wp-json\/wp\/v2\/posts\/463948","targetHints":{"allow":["GET"]}}],"collection":[{"href":"https:\/\/www.europesays.com\/fr\/wp-json\/wp\/v2\/posts"}],"about":[{"href":"https:\/\/www.europesays.com\/fr\/wp-json\/wp\/v2\/types\/post"}],"author":[{"embeddable":true,"href":"https:\/\/www.europesays.com\/fr\/wp-json\/wp\/v2\/users\/2"}],"replies":[{"embeddable":true,"href":"https:\/\/www.europesays.com\/fr\/wp-json\/wp\/v2\/comments?post=463948"}],"version-history":[{"count":0,"href":"https:\/\/www.europesays.com\/fr\/wp-json\/wp\/v2\/posts\/463948\/revisions"}],"wp:featuredmedia":[{"embeddable":true,"href":"https:\/\/www.europesays.com\/fr\/wp-json\/wp\/v2\/media\/463949"}],"wp:attachment":[{"href":"https:\/\/www.europesays.com\/fr\/wp-json\/wp\/v2\/media?parent=463948"}],"wp:term":[{"taxonomy":"category","embeddable":true,"href":"https:\/\/www.europesays.com\/fr\/wp-json\/wp\/v2\/categories?post=463948"},{"taxonomy":"post_tag","embeddable":true,"href":"https:\/\/www.europesays.com\/fr\/wp-json\/wp\/v2\/tags?post=463948"}],"curies":[{"name":"wp","href":"https:\/\/api.w.org\/{rel}","templated":true}]}}