{"id":463952,"date":"2025-10-15T03:46:35","date_gmt":"2025-10-15T03:46:35","guid":{"rendered":"https:\/\/www.europesays.com\/fr\/463952\/"},"modified":"2025-10-15T03:46:35","modified_gmt":"2025-10-15T03:46:35","slug":"lyon-une-odeur-de-brule-inhabituelle-sentie-dans-la-ville-ce-quil-se-passe","status":"publish","type":"post","link":"https:\/\/www.europesays.com\/fr\/463952\/","title":{"rendered":"Lyon. Une odeur de br\u00fbl\u00e9 inhabituelle sentie dans la ville : ce qu&rsquo;il se passe"},"content":{"rendered":"<p>            Par<br \/>\n        <strong><br \/>\n            <a href=\"https:\/\/actu.fr\/auteur\/theo-zuili\" title=\"Consulter tous les articles de Th\u00e9o Zuili\" target=\"_blank\" rel=\"noopener\">Th\u00e9o Zuili<\/a><br \/>\n        <\/strong><\/p>\n<p>        Publi\u00e9 le<\/p>\n<p>            14 oct. 2025 \u00e0 17h58<br \/>\n        ; mis \u00e0 jour le 14 oct. 2025 \u00e0 19h05    <\/p>\n<p>Une odeur de br\u00fbl\u00e9 sans incendie \u00e0 <a href=\"https:\/\/actu.fr\/lyon\/\" target=\"_blank\" rel=\"noopener\">Lyon<\/a> : des t\u00e9moins rapportent dans plusieurs quartiers une<strong> odeur inhabituelle<\/strong> depuis la mi-journ\u00e9e, ce mardi 14 octobre. Rien d\u2019anormal et aucune raison de s\u2019inqui\u00e9ter selon les pompiers, qui n\u2019enregistrent pas de feu dans l\u2019agglom\u00e9ration.<\/p>\n<p class=\" wall-content\">L\u2019odeur proviendrait peut-\u00eatre de <a href=\"https:\/\/actu.fr\/auvergne-rhone-alpes\/villefranche-sur-saone_69264\/direct-un-incendie-monstrueux-en-cours-a-villefranche-pres-de-lyon-evitez-le-secteur_63296824.html\" target=\"_blank\" rel=\"noopener\">l\u2019impressionnant incendie industriel en cours<\/a> \u00e0 <a href=\"https:\/\/actu.fr\/auvergne-rhone-alpes\/villefranche-sur-saone_69264\" target=\"_blank\" rel=\"noopener\">Villefranche-sur-Sa\u00f4ne<\/a> (Rh\u00f4ne), \u00e0 une trentaine de kilom\u00e8tres au nord. Si la fum\u00e9e a bien d\u00e9riv\u00e9 vers le sud, pouss\u00e9e par le vent, les premi\u00e8res mesures restent rassurantes : aucun risque sanitaire n\u2019a \u00e9t\u00e9 d\u00e9tect\u00e9 pour l\u2019heure dans l\u2019agglom\u00e9ration lyonnaise.<\/p>\n<p class=\" wall-content\">Sur place non plus, les concentrations dans l\u2019air ne sont <strong>pas dangereuses pour la sant\u00e9<\/strong>, y compris celle des plus fragiles. Explications.<\/p>\n<p>Une fum\u00e9e port\u00e9e par le vent<\/p>\n<p class=\" wall-content\">Le panache de fum\u00e9e noire, visible \u00e0 plus de 15 kilom\u00e8tres des lieux du sinistre, continue de se disperser vers le sud sous l\u2019effet du vent du nord. Il atteint d\u00e9sormais l\u2019agglom\u00e9ration de Lyon, expliquant les <strong>effluves de plastique et de<\/strong> <strong>t\u00f4le br\u00fbl\u00e9e<\/strong> per\u00e7us dans plusieurs secteurs, notamment au nord et dans le centre de l\u2019agglom\u00e9ration.<\/p>\n<p>    <img   decoding=\"async\" loading=\"lazy\" src=\"https:\/\/www.europesays.com\/fr\/wp-content\/uploads\/2025\/10\/incendie-pompiers-villefranche-960x640.jpeg\" alt=\"Les pompiers tentent d'\u00e9teindre l'incendie sur les lieux. \" width=\"960\" height=\"640\"\/><br \/>\n    Les pompiers tentent d\u2019\u00e9teindre l\u2019incendie sur les lieux vers 14h30. (\u00a9Anthony Soudani \/ actu Lyon)<\/p>\n<p class=\" wall-content\">L\u2019incendie, d\u00e9clar\u00e9 vers 10 h dans les locaux de l\u2019entreprise caladoise SBTN, sp\u00e9cialis\u00e9e dans la fabrication de pi\u00e8ces en plastique thermoform\u00e9, a ravag\u00e9 plus de 6 500 m\u00b2 de b\u00e2timents avant d\u2019\u00eatre circonscrit, sans faire de bless\u00e9. Il ne s\u2019agit pas d\u2019un site class\u00e9 Seveso.<\/p>\n<p>Des analyses en cours, pas de danger identifi\u00e9<\/p>\n<p class=\" wall-content\">Selon la pr\u00e9fecture du Rh\u00f4ne, <a href=\"https:\/\/actu.fr\/auvergne-rhone-alpes\/villefranche-sur-saone_69264\/incendie-a-villefranche-pres-de-lyon-ce-que-l-on-sait-sur-l-enorme-panache-de-fumee_63297626.html\" target=\"_blank\" rel=\"noopener\">les mesures effectu\u00e9es sur site ne r\u00e9v\u00e8lent \u00ab\u00a0pas de toxicit\u00e9\u00a0\u00bb dans l\u2019air<\/a>. Les relev\u00e9s sont r\u00e9alis\u00e9s en continu pour suivre l\u2019\u00e9volution de la situation.<\/p>\n<p>Votre r\u00e9gion, votre actu !<\/p>\n<p>Recevez chaque jour les infos qui comptent pour vous.<\/p>\n<p>\t<a href=\"https:\/\/actu.fr\/newsletter\" class=\"ac-btn ac-btn--corner ac-btn--medium ac-btn--blue800\" target=\"_blank\" rel=\"noopener\">S&rsquo;incrire<\/a><\/p>\n<p class=\" wall-content\">Du c\u00f4t\u00e9 d\u2019Atmo Auvergne-Rh\u00f4ne-Alpes, l\u2019observatoire de la qualit\u00e9 de l\u2019air note une \u00ab\u00a0l\u00e9g\u00e8re \u00e9l\u00e9vation des niveaux de particules fines\u00a0\u00bb \u00e0 Villefranche dans l\u2019apr\u00e8s-midi, sans franchir de seuil d\u2019alerte. \u00c0 Lyon, la qualit\u00e9 de l\u2019air reste consid\u00e9r\u00e9e comme bonne pour le moment, m\u00eame si l\u2019odeur peut \u00eatre perceptible de mani\u00e8re ponctuelle selon les vents.<\/p>\n<p class=\" wall-content\">\u00ab\u00a0L\u2019\u00e9volution des particules fines reste globalement stable et rassurante\u00a0\u00bb autour de Lyon, o\u00f9 les capteurs de particules fines ne rel\u00e8vent <strong>aucune trace significative<\/strong> du panache de fum\u00e9e de l\u2019incendie.<\/p>\n<p class=\" wall-content\">Les mod\u00e9lisations d\u2019Atmo laissaient pourtant envisager une possible arriv\u00e9e du panache en fin de journ\u00e9e, vers 17 h, mais \u00ab\u00a0le ph\u00e9nom\u00e8ne semble \u00eatre pass\u00e9 l\u00e9g\u00e8rement \u00e0 l\u2019ouest de Lyon\u00a0\u00bb, selon l\u2019organisme. Les vents, orient\u00e9s nord-sud, contribuent \u00e0 diluer progressivement les polluants dans l\u2019atmosph\u00e8re.<\/p>\n<p class=\" wall-content\">Atmo pr\u00e9cise que l\u2019odeur per\u00e7ue dans certains secteurs pourrait provenir \u00ab\u00a0de ph\u00e9nom\u00e8nes compl\u00e8tement distincts\u00a0\u00bb, notamment <strong>la remise en route d\u2019appareils de chauffage<\/strong> ou de chemin\u00e9es domestiques, alors que le fond de particules augmente l\u00e9g\u00e8rement depuis la fin septembre en raison d\u2019un usage accru de ces g\u00e9n\u00e9rateurs de particules fines.<\/p>\n<p class=\" wall-content\">Ces hypoth\u00e8ses restent \u00e0 confirmer, mais aucune donn\u00e9e ne laisse penser \u00e0 un risque sanitaire.<\/p>\n<p>La Sa\u00f4ne surveill\u00e9e<\/p>\n<p class=\" wall-content\">Sur place, les pompiers et les agents de la DREAL (Direction r\u00e9gionale de l\u2019environnement, de l\u2019am\u00e9nagement et du logement) surveillent \u00e9galement les risques de pollution de la Sa\u00f4ne en aval de l\u2019entreprise d\u00e9truite par les flammes. Des barrages ont par ailleurs \u00e9t\u00e9 mis en place pour \u00e9viter que les eaux d\u2019extinction ne rejoignent le r\u00e9seau d\u2019eau potable local.<\/p>\n<p>    <a href=\"https:\/\/www.google.com\/maps\/embed?pb=!1m14!1m8!1m3!1d264513.5570024841!2d4.745599!3d45.987346!3m2!1i1024!2i768!4f13.1!3m3!1m2!1s0x47f49ad1c9463f23%3A0x8081c990b4a6a7ae!2sRue%20Jean%20Chazy%2C%2069400%20Villefranche-sur-Sa%C3%B4ne!5e1!3m2!1sfr!2sfr!4v1760445085307!5m2!1sfr!2sfr\" title=\"Ouvrie le lien\" target=\"_blank\" rel=\"noopener\">Cliquez ici pour visualiser le contenu<\/a><\/p>\n<p class=\" wall-content\">Selon nos informations, <strong>aucune contamination<\/strong> n\u2019a \u00e9t\u00e9 d\u00e9tect\u00e9e \u00e0 ce stade et de nouveaux relev\u00e9s seront r\u00e9alis\u00e9s mercredi pour prendre des mesures si elles s\u2019imposent.<\/p>\n<p>Une dispersion attendue dans la soir\u00e9e<\/p>\n<p class=\" wall-content\">Le vent devrait <strong>continuer de se lever<\/strong> au fil de l\u2019apr\u00e8s-midi et favoriser la dispersion des polluants. Les fum\u00e9es et les odeurs devraient ainsi continuer \u00e0 s\u2019estomper progressivement au cours de la soir\u00e9e, selon Atmo.<\/p>\n<p class=\" wall-content\">C\u2019est plus localement que la fum\u00e9e pourrait persister dans la nuit, alors que les sapeurs-pompiers sont toujours sur place pour \u00e9teindre l\u2019incendie circonscrit plus t\u00f4t dans l\u2019apr\u00e8s-midi.<\/p>\n<p class=\" wall-content\">Personnalisez votre actualit\u00e9 en ajoutant vos villes et m\u00e9dias en favori avec <a href=\"https:\/\/moncompte.actu.fr\" title=\"D\u00e9couvez Mon Actu\" rel=\"nofollow noopener\" data-trk=\"{&quot;cta&quot;:{&quot;action&quot;:&quot;https:\\\/\\\/moncompte.actu.fr&quot;,&quot;category&quot;:&quot;mon compte&quot;,&quot;from&quot;:&quot;article footer&quot;,&quot;name&quot;:&quot;Mon actu&quot;,&quot;type&quot;:&quot;cta&quot;}}\" target=\"_blank\">Mon Actu<\/a>.<\/p>\n","protected":false},"excerpt":{"rendered":"Par Th\u00e9o Zuili Publi\u00e9 le 14 oct. 2025 \u00e0 17h58 ; mis \u00e0 jour le 14 oct. 2025&hellip;\n","protected":false},"author":2,"featured_media":463953,"comment_status":"","ping_status":"","sticky":false,"template":"","format":"standard","meta":{"footnotes":""},"categories":[1889],"tags":[1111,11,2430,1777,674,118,1011,27,1310,2428,12,1311,25,10965],"class_list":{"0":"post-463952","1":"post","2":"type-post","3":"status-publish","4":"format-standard","5":"has-post-thumbnail","7":"category-lyon","8":"tag-actu","9":"tag-actualites","10":"tag-auvergne-rhone-alpes","11":"tag-eu","12":"tag-europe","13":"tag-faits-divers","14":"tag-fr","15":"tag-france","16":"tag-incendie","17":"tag-lyon","18":"tag-news","19":"tag-pompiers","20":"tag-republique-francaise","21":"tag-securite-civile"},"share_on_mastodon":{"url":"https:\/\/pubeurope.com\/@fr\/115376133582290915","error":""},"_links":{"self":[{"href":"https:\/\/www.europesays.com\/fr\/wp-json\/wp\/v2\/posts\/463952","targetHints":{"allow":["GET"]}}],"collection":[{"href":"https:\/\/www.europesays.com\/fr\/wp-json\/wp\/v2\/posts"}],"about":[{"href":"https:\/\/www.europesays.com\/fr\/wp-json\/wp\/v2\/types\/post"}],"author":[{"embeddable":true,"href":"https:\/\/www.europesays.com\/fr\/wp-json\/wp\/v2\/users\/2"}],"replies":[{"embeddable":true,"href":"https:\/\/www.europesays.com\/fr\/wp-json\/wp\/v2\/comments?post=463952"}],"version-history":[{"count":0,"href":"https:\/\/www.europesays.com\/fr\/wp-json\/wp\/v2\/posts\/463952\/revisions"}],"wp:featuredmedia":[{"embeddable":true,"href":"https:\/\/www.europesays.com\/fr\/wp-json\/wp\/v2\/media\/463953"}],"wp:attachment":[{"href":"https:\/\/www.europesays.com\/fr\/wp-json\/wp\/v2\/media?parent=463952"}],"wp:term":[{"taxonomy":"category","embeddable":true,"href":"https:\/\/www.europesays.com\/fr\/wp-json\/wp\/v2\/categories?post=463952"},{"taxonomy":"post_tag","embeddable":true,"href":"https:\/\/www.europesays.com\/fr\/wp-json\/wp\/v2\/tags?post=463952"}],"curies":[{"name":"wp","href":"https:\/\/api.w.org\/{rel}","templated":true}]}}