{"id":463962,"date":"2025-10-15T03:52:14","date_gmt":"2025-10-15T03:52:14","guid":{"rendered":"https:\/\/www.europesays.com\/fr\/463962\/"},"modified":"2025-10-15T03:52:14","modified_gmt":"2025-10-15T03:52:14","slug":"le-nantais-jacques-paris-et-sa-compagne-condamnes-pour-espionnage","status":"publish","type":"post","link":"https:\/\/www.europesays.com\/fr\/463962\/","title":{"rendered":"Le Nantais Jacques Paris et sa compagne condamn\u00e9s pour \u00ab\u00a0espionnage\u00a0\u00bb"},"content":{"rendered":"\n<p>La justice iranienne a condamn\u00e9 deux ressortissants fran\u00e7ais, dont l&rsquo;identit\u00e9 n&rsquo;a pas \u00e9t\u00e9 r\u00e9v\u00e9l\u00e9e, \u00e0 de lourdes peines de prison pour \u00ab\u00a0espionnage\u00a0\u00bb au profit de la France et d&rsquo;Isra\u00ebl, au moment o\u00f9 T\u00e9h\u00e9ran affirme travailler avec Paris \u00e0 un \u00e9change de \u00ab\u00a0prisonniers\u00a0\u00bb. L&rsquo;agence du pouvoir judiciaire iranien, qui a rapport\u00e9 le verdict hier (mardi) n&rsquo;a fourni aucun d\u00e9tail sur l&rsquo;identit\u00e9 des deux condamn\u00e9s.\u00a0<\/p>\n<p>\u00a0<\/p>\n<blockquote><p>\nC\u00e9cile Kohler et Jacques Paris condamn\u00e9s\n<\/p><\/blockquote>\n<p>\u00a0<\/p>\n<p>Interrog\u00e9 par l&rsquo;AFP sur cette condamnation pour savoir s&rsquo;il s&rsquo;agissait de C\u00e9cile Kohler et de Jacques Paris ou de deux autres ressortissants, le minist\u00e8re fran\u00e7ais des Affaires \u00e9trang\u00e8res s&rsquo;est refus\u00e9 \u00e0 tout commentaire. Mais deux sources inform\u00e9es du dossier ont toutefois indiqu\u00e9 \u00e0 l&rsquo;AFP qu&rsquo;il s&rsquo;agit bien de C\u00e9cile Kohler et Jacques Paris.<\/p>\n<p>\u00ab\u00a0Le verdict en premi\u00e8re instance dans l&rsquo;affaire des deux pr\u00e9venus fran\u00e7ais accus\u00e9s d&rsquo;espionnage et arr\u00eat\u00e9s le 9 mars 2023 a \u00e9t\u00e9 rendu\u00a0\u00bb, a d\u00e9clar\u00e9 Mizan, l&rsquo;agence du pouvoir judiciaire. \u00ab\u00a0<strong>L&rsquo;un des pr\u00e9venus a \u00e9t\u00e9 condamn\u00e9 \u00e0 six ans de prison pour espionnage au profit des services de renseignement fran\u00e7ais<\/strong>\u00ab\u00a0, pr\u00e9cise la justice iranienne.\u00a0Le texte ajoute que l&rsquo;individu a \u00e9galement \u00e9t\u00e9 condamn\u00e9 \u00e0 cinq ans de prison pour \u00ab\u00a0association en vue de commettre un crime contre la s\u00e9curit\u00e9 nationale\u00a0\u00bb, et \u00e0 vingt ans d&rsquo;exil pour \u00ab\u00a0coop\u00e9ration en mati\u00e8re de renseignement\u00a0\u00bb avec Isra\u00ebl, ennemi jur\u00e9 du pouvoir iranien.\u00a0<\/p>\n<p>La signification exacte du terme \u00ab\u00a0exil\u00a0\u00bb n&rsquo;\u00e9tait pas imm\u00e9diatement claire, mais dans des affaires similaires, les autorit\u00e9s iraniennes ont envoy\u00e9 les condamn\u00e9s dans des villes ou villages isol\u00e9s, loin des grands centres urbains.<\/p>\n<p>Conform\u00e9ment \u00e0 la r\u00e8gle de cumul des peines en vigueur en Iran, seul le verdict le plus lourd sera appliqu\u00e9.<\/p>\n<p><strong>\u00ab\u00a0Un autre pr\u00e9venu a \u00e9t\u00e9 condamn\u00e9 \u00e0 dix ans de prison pour espionnage au profit des services de renseignement fran\u00e7ais, \u00e0 cinq ans de prison pour association en vue de commettre un crime contre la s\u00e9curit\u00e9 nationale\u00a0\u00bb<\/strong>, a ajout\u00e9 Mizan.\u00a0<\/p>\n<p>Il a en plus \u00e9t\u00e9 condamn\u00e9 \u00e0 dix-sept ans de prison pour \u00ab\u00a0assistance \u00e0 la coop\u00e9ration en mati\u00e8re de renseignement\u00a0\u00bb avec Isra\u00ebl.<\/p>\n<p>Le verdict peut faire l&rsquo;objet d&rsquo;un appel devant la Cour supr\u00eame dans les 20 jours, a pr\u00e9cis\u00e9 Mizan.<\/p>\n<p>\u00a0<\/p>\n<blockquote><p>\nParis consid\u00e8re qu&rsquo;ils sont \u00ab\u00a0retenus comme otages d&rsquo;Etat\u00a0\u00bb en Iran.\n<\/p><\/blockquote>\n<p>\u00a0<\/p>\n<p><strong>C\u00e9cile Kohler et de Jacques Paris sont accus\u00e9s d&rsquo;espionnage pour le compte d&rsquo;Isra\u00ebl, et leurs familles ont d\u00e9crit leur situation comme de plus en plus d\u00e9sesp\u00e9r\u00e9e. <\/strong>Paris consid\u00e8re qu&rsquo;ils sont \u00ab\u00a0retenus comme otages d&rsquo;Etat\u00a0\u00bb en Iran.<\/p>\n<p>Le 12 septembre, le chef de la diplomatie iranienne, Abbas Araghchi, avait d\u00e9clar\u00e9 qu&rsquo;un accord visant \u00e0 \u00e9changer des prisonniers fran\u00e7ais en Iran contre une femme iranienne d\u00e9tenue en France approchait de sa \u00ab\u00a0phase finale\u00a0\u00bb. L&rsquo;\u00e9change propos\u00e9 concerne Mahdieh Esfandiari, une Iranienne arr\u00eat\u00e9e en France en f\u00e9vrier pour avoir fait l&rsquo;apologie du terrorisme sur les r\u00e9seaux sociaux. T\u00e9h\u00e9ran estime qu&rsquo;elle est injustement d\u00e9tenue. Mahdieh Esfandiari, traductrice et dipl\u00f4m\u00e9e de l&rsquo;Universit\u00e9 de Lyon, vivait en France depuis 2018.<\/p>\n<p><strong>Entre 2023 et 2025, au moins cinq Fran\u00e7ais ont \u00e9t\u00e9 lib\u00e9r\u00e9s, apr\u00e8s des mois ou des ann\u00e9es de d\u00e9tention en Iran.<\/strong><\/p>\n<p>Jeudi dernier, Lennart Monterlos, un jeune Franco-Allemand\u00a0arr\u00eat\u00e9 en juin et accus\u00e9 \u00ab\u00a0d&rsquo;espionnage\u00a0\u00bb, a pu regagner la France, apr\u00e8s l&rsquo;annonce de son \u00ab\u00a0acquittement\u00a0\u00bb.<\/p>\n<p style=\"text-align: right;\">AFP<\/p>\n","protected":false},"excerpt":{"rendered":"La justice iranienne a condamn\u00e9 deux ressortissants fran\u00e7ais, dont l&rsquo;identit\u00e9 n&rsquo;a pas \u00e9t\u00e9 r\u00e9v\u00e9l\u00e9e, \u00e0 de lourdes peines&hellip;\n","protected":false},"author":2,"featured_media":463963,"comment_status":"","ping_status":"","sticky":false,"template":"","format":"standard","meta":{"footnotes":""},"categories":[1888],"tags":[11,18927,1777,674,1011,27,3019,18926,766,12,626,25],"class_list":{"0":"post-463962","1":"post","2":"type-post","3":"status-publish","4":"format-standard","5":"has-post-thumbnail","7":"category-paris","8":"tag-actualites","9":"tag-cecile-kholer","10":"tag-eu","11":"tag-europe","12":"tag-fr","13":"tag-france","14":"tag-iran","15":"tag-jacques-paris","16":"tag-nantes","17":"tag-news","18":"tag-paris","19":"tag-republique-francaise"},"share_on_mastodon":{"url":"https:\/\/pubeurope.com\/@fr\/115376157158450491","error":""},"_links":{"self":[{"href":"https:\/\/www.europesays.com\/fr\/wp-json\/wp\/v2\/posts\/463962","targetHints":{"allow":["GET"]}}],"collection":[{"href":"https:\/\/www.europesays.com\/fr\/wp-json\/wp\/v2\/posts"}],"about":[{"href":"https:\/\/www.europesays.com\/fr\/wp-json\/wp\/v2\/types\/post"}],"author":[{"embeddable":true,"href":"https:\/\/www.europesays.com\/fr\/wp-json\/wp\/v2\/users\/2"}],"replies":[{"embeddable":true,"href":"https:\/\/www.europesays.com\/fr\/wp-json\/wp\/v2\/comments?post=463962"}],"version-history":[{"count":0,"href":"https:\/\/www.europesays.com\/fr\/wp-json\/wp\/v2\/posts\/463962\/revisions"}],"wp:featuredmedia":[{"embeddable":true,"href":"https:\/\/www.europesays.com\/fr\/wp-json\/wp\/v2\/media\/463963"}],"wp:attachment":[{"href":"https:\/\/www.europesays.com\/fr\/wp-json\/wp\/v2\/media?parent=463962"}],"wp:term":[{"taxonomy":"category","embeddable":true,"href":"https:\/\/www.europesays.com\/fr\/wp-json\/wp\/v2\/categories?post=463962"},{"taxonomy":"post_tag","embeddable":true,"href":"https:\/\/www.europesays.com\/fr\/wp-json\/wp\/v2\/tags?post=463962"}],"curies":[{"name":"wp","href":"https:\/\/api.w.org\/{rel}","templated":true}]}}