{"id":463968,"date":"2025-10-15T03:55:15","date_gmt":"2025-10-15T03:55:15","guid":{"rendered":"https:\/\/www.europesays.com\/fr\/463968\/"},"modified":"2025-10-15T03:55:15","modified_gmt":"2025-10-15T03:55:15","slug":"carte-interactive-des-fuseaux-horaires-aux-usa","status":"publish","type":"post","link":"https:\/\/www.europesays.com\/fr\/463968\/","title":{"rendered":"Carte interactive des fuseaux horaires aux USA"},"content":{"rendered":"<p>La carte interactive ci-dessous vous affiche l&rsquo;heure dans les diff\u00e9rentes zones des \u00c9tats-Unis continentaux quand il est 20h00 en France (ou Belgique, ou Suisse&#8230;), tout au long de l&rsquo;ann\u00e9e.<\/p>\n<p><\/p>\n<p>Remarque : les dates des jours de changement d&rsquo;heures d&rsquo;\u00e9t\u00e9 ou d&rsquo;hiver aux USA (en rouge) et en Europe de l&rsquo;Ouest (en bleu) sont approximatives, puisque qu&rsquo;elles changent chaque ann\u00e9e.<\/p>\n<p class=\"publication\">Par dommm063<br \/>Mis \u00e0 jour le 14 octobre 2025<\/p>\n","protected":false},"excerpt":{"rendered":"La carte interactive ci-dessous vous affiche l&rsquo;heure dans les diff\u00e9rentes zones des \u00c9tats-Unis continentaux quand il est 20h00&hellip;\n","protected":false},"author":2,"featured_media":463969,"comment_status":"","ping_status":"","sticky":false,"template":"","format":"standard","meta":{"footnotes":""},"categories":[1589],"tags":[4295,11,11617,58827,73,1866,58825,58826,12,1864,1865,1863,308,586],"class_list":{"0":"post-463968","1":"post","2":"type-post","3":"status-publish","4":"format-standard","5":"has-post-thumbnail","7":"category-etats-unis","8":"tag-tats-unis","9":"tag-actualites","10":"tag-carte","11":"tag-changement-dheure","12":"tag-etats-unis","13":"tag-etats-unis-damerique","14":"tag-fuseaux","15":"tag-fuseaux-horaires","16":"tag-news","17":"tag-united-states","18":"tag-united-states-of-america","19":"tag-us","20":"tag-usa","21":"tag-voyage"},"share_on_mastodon":{"url":"https:\/\/pubeurope.com\/@fr\/115376168828499502","error":""},"_links":{"self":[{"href":"https:\/\/www.europesays.com\/fr\/wp-json\/wp\/v2\/posts\/463968","targetHints":{"allow":["GET"]}}],"collection":[{"href":"https:\/\/www.europesays.com\/fr\/wp-json\/wp\/v2\/posts"}],"about":[{"href":"https:\/\/www.europesays.com\/fr\/wp-json\/wp\/v2\/types\/post"}],"author":[{"embeddable":true,"href":"https:\/\/www.europesays.com\/fr\/wp-json\/wp\/v2\/users\/2"}],"replies":[{"embeddable":true,"href":"https:\/\/www.europesays.com\/fr\/wp-json\/wp\/v2\/comments?post=463968"}],"version-history":[{"count":0,"href":"https:\/\/www.europesays.com\/fr\/wp-json\/wp\/v2\/posts\/463968\/revisions"}],"wp:featuredmedia":[{"embeddable":true,"href":"https:\/\/www.europesays.com\/fr\/wp-json\/wp\/v2\/media\/463969"}],"wp:attachment":[{"href":"https:\/\/www.europesays.com\/fr\/wp-json\/wp\/v2\/media?parent=463968"}],"wp:term":[{"taxonomy":"category","embeddable":true,"href":"https:\/\/www.europesays.com\/fr\/wp-json\/wp\/v2\/categories?post=463968"},{"taxonomy":"post_tag","embeddable":true,"href":"https:\/\/www.europesays.com\/fr\/wp-json\/wp\/v2\/tags?post=463968"}],"curies":[{"name":"wp","href":"https:\/\/api.w.org\/{rel}","templated":true}]}}