{"id":463978,"date":"2025-10-15T04:01:15","date_gmt":"2025-10-15T04:01:15","guid":{"rendered":"https:\/\/www.europesays.com\/fr\/463978\/"},"modified":"2025-10-15T04:01:15","modified_gmt":"2025-10-15T04:01:15","slug":"katy-perry-orelsan-et-nick-cave-aux-vieilles-charrues-on-na-jamais-eu-autant-de-tetes-daffiche-confirmees-si-tot","status":"publish","type":"post","link":"https:\/\/www.europesays.com\/fr\/463978\/","title":{"rendered":"Katy Perry, Orelsan et Nick Cave aux Vieilles Charrues\u00a0: \u00ab\u00a0On n\u2019a jamais eu autant de t\u00eates d\u2019affiche confirm\u00e9es si t\u00f4t\u00a0!\u00a0\u00bb"},"content":{"rendered":"<p>Pour la premi\u00e8re fois de son histoire, <a href=\"https:\/\/www.letelegramme.fr\/culture-loisirs\/festivals\/vieilles-charrues\/katy-perry-gims-mika-orelsan-les-vieilles-charrues-devoilent-les-premiers-noms-de-ledition-2026-6908816.php\" target=\"_blank\" rel=\"noopener\">le festival des Vieilles Charrues a choisi d\u2019annoncer, d\u00e8s ce mardi 14 octobre, une dizaine d\u2019artistes majeurs de la prochaine \u00e9dition<\/a>, une d\u00e9cision qui n\u2019\u00e9tait pas pr\u00e9vue \u00e0 l\u2019origine. \u00ab Ce n\u2019\u00e9tait pas une volont\u00e9 de notre part de l\u2019annoncer si t\u00f4t, mais les confirmations sont tomb\u00e9es les unes apr\u00e8s les autres. C\u2019est vrai que c\u2019est la premi\u00e8re fois qu\u2019on annonce autant de noms, et de gros noms, si t\u00f4t \u00bb, affirme le coprogrammateur du festival, Jean-Jacques Toux. Une annonce d\u2019autant plus marquante qu\u2019elle r\u00e9v\u00e8le des t\u00eates d\u2019affiche internationales et fran\u00e7aises de premier plan. Une premi\u00e8re annonce en phase avec l\u2019ADN du festival, qui se veut \u00e9clectique et rassembleur. Sans surprise, cet embryon de programmation fait d\u00e9j\u00e0 grand bruit sur les r\u00e9seaux sociaux.<\/p>\n<p>\u00ab On verra l\u2019effet sur la billetterie \u00bb<\/p>\n<p>\u00ab Il y a quelques gros noms qui vont sans doute surprendre pas mal de gens \u00bb, conc\u00e8de le coprogrammateur du festival, Jean-Jacques Toux. L\u2018engouement est d\u00e9j\u00e0 palpable, notamment port\u00e9 par l\u2019arriv\u00e9e de la superstar am\u00e9ricaine Katy Perry. \u00ab Les retours sur les r\u00e9seaux ont l\u2019air d\u2019\u00eatre assez dingues, donc c\u2019est super \u00bb, se r\u00e9jouit-il, tout en gardant la t\u00eate froide. \u00ab On verra l\u2019effet sur la billetterie dans un second temps \u00bb. L\u2019annonce de Katy Perry, qui remplit des stades, est sans conteste le gros coup de cette premi\u00e8re vague de noms. Sa venue a demand\u00e9 de longues et intenses n\u00e9gociations. \u00ab C\u2019est un dossier qui date de plus de six mois \u00bb, reconna\u00eet Jean-Jacques Toux. La chanteuse pop, qui a vendu 143 millions d\u2019albums, se produira pour la premi\u00e8re fois aux Vieilles Charrues le jeudi soir, avec, \u00e0 ses c\u00f4t\u00e9s, Gims, dont la venue est aussi une premi\u00e8re. Un artiste qui \u00ab incarne toutes les g\u00e9n\u00e9rations \u00bb.<\/p>\n<p>Le \u00ab show int\u00e9gral \u00bb de Nick Cave<\/p>\n<p><a href=\"https:\/\/www.letelegramme.fr\/culture-loisirs\/festivals\/vieilles-charrues\/vieilles-charrues-le-chanteur-australien-nick-cave-annonce-quil-sera-a-laffiche-du-festival-en-2026-6903924.php\" target=\"_blank\" rel=\"noopener\">D\u00e9j\u00e0 annonc\u00e9 il y a quelques jours, Nick Cave &amp; The Bad Seeds<\/a>, figure rock de l\u00e9gende et autre gros coup, fera aussi sa premi\u00e8re apparition au festival apr\u00e8s de nombreuses tentatives de l\u2019y attirer. \u00ab C\u2019est l\u2019artiste absolu pour moi \u00bb, confie Jean-Jacques Toux, qui l\u2019a r\u00e9cemment vu \u00e0 Bercy. \u00ab \ufeffC\u2019\u00e9tait juste incroyable, entre des ballades au piano et du rock tr\u00e8s incandescent. Ses concerts sont absolument dingues \u00bb. Avec ses 40 ans de carri\u00e8re, Nick Cave offrira aux festivaliers le show int\u00e9gral de sa derni\u00e8re tourn\u00e9e, d\u2019une dur\u00e9e exceptionnelle de 2 h 30, \u00ab et pas un show tronqu\u00e9 version festival \u00bb, lance-t-il. L\u2019annonce d\u2019Orelsan, v\u00e9ritable ic\u00f4ne en Bretagne, est \u00e9galement susceptible de provoquer l\u2019euphorie. Apr\u00e8s le succ\u00e8s ph\u00e9nom\u00e9nal de sa tourn\u00e9e et l\u2019absence de date bretonne, sa venue pour une date unique aux Charrues devrait, en effet, combler ses fans bretons. Mika, Jean-Louis Aubert (d\u00e9j\u00e0 pass\u00e9 avec son groupe en 1998, 2011 puis en 2016 avec les Insus), Biga*Ranx, Josman, Feu ! Chatterton et Mosimann compl\u00e8tent cette premi\u00e8re salve de noms.<\/p>\n<p>Premiers retours positifs<\/p>\n<p>Si la programmation 2025 avait essuy\u00e9 quelques critiques, le festival est n\u00e9anmoins parvenu \u00e0 r\u00e9unir 205 000 personnes \u00e0 Kerampuilh. \u00ab C\u2019est la meilleure r\u00e9ponse \u00e0 fournir aux habituels contempteurs des r\u00e9seaux sociaux, selon Jean-Jacques Toux, pour qui \u00ab la seule r\u00e9ponse, c\u2019est la billetterie \u00bb. Cette ann\u00e9e, les premiers retours sur les r\u00e9seaux sont en tout cas tr\u00e8s positifs, signe sans doute de l\u2019adh\u00e9sion du public. Mais, sur les quelque 70 artistes que compte le festival, \u00ab il en reste encore beaucoup \u00e0 venir \u00bb, confirme le coprogrammateur, qui pr\u00e9cise qu\u2019aucune date n\u2019est encore fix\u00e9e pour les prochaines annonces en vue de l\u2019\u00e9dition 2026, pr\u00e9vue du 16 au 19 juillet 2026, \u00e0 Kerampuilh.<\/p>\n<p>Pratique<\/p>\n<p class=\"note\">Ouverture de la billetterie : vendredi 17 octobre, \u00e0 13 h. Infos et r\u00e9servations : vieillescharrues.asso.fr\/Tarifs (frais inclus) : jeudi, 61 \u20ac ; vendredi, 52 \u20ac ; samedi, 52 \u20ac ; dimanche, 52 \u20ac ; Pass 3 jours (JVS), 149 \u20ac ; Pass 3 jours (VSD), 144 \u20ac ; Pass 4 jours, 196 \u20ac.<\/p>\n","protected":false},"excerpt":{"rendered":"Pour la premi\u00e8re fois de son histoire, le festival des Vieilles Charrues a choisi d\u2019annoncer, d\u00e8s ce mardi&hellip;\n","protected":false},"author":2,"featured_media":463979,"comment_status":"","ping_status":"","sticky":false,"template":"","format":"standard","meta":{"footnotes":""},"categories":[2],"tags":[11,1687,3337,1011,27,12,25,35758],"class_list":{"0":"post-463978","1":"post","2":"type-post","3":"status-publish","4":"format-standard","5":"has-post-thumbnail","7":"category-actualites","8":"tag-actualites","9":"tag-culture-loisirs","10":"tag-festivals","11":"tag-fr","12":"tag-france","13":"tag-news","14":"tag-republique-francaise","15":"tag-vieilles-charrues"},"share_on_mastodon":{"url":"https:\/\/pubeurope.com\/@fr\/115376192582521827","error":""},"_links":{"self":[{"href":"https:\/\/www.europesays.com\/fr\/wp-json\/wp\/v2\/posts\/463978","targetHints":{"allow":["GET"]}}],"collection":[{"href":"https:\/\/www.europesays.com\/fr\/wp-json\/wp\/v2\/posts"}],"about":[{"href":"https:\/\/www.europesays.com\/fr\/wp-json\/wp\/v2\/types\/post"}],"author":[{"embeddable":true,"href":"https:\/\/www.europesays.com\/fr\/wp-json\/wp\/v2\/users\/2"}],"replies":[{"embeddable":true,"href":"https:\/\/www.europesays.com\/fr\/wp-json\/wp\/v2\/comments?post=463978"}],"version-history":[{"count":0,"href":"https:\/\/www.europesays.com\/fr\/wp-json\/wp\/v2\/posts\/463978\/revisions"}],"wp:featuredmedia":[{"embeddable":true,"href":"https:\/\/www.europesays.com\/fr\/wp-json\/wp\/v2\/media\/463979"}],"wp:attachment":[{"href":"https:\/\/www.europesays.com\/fr\/wp-json\/wp\/v2\/media?parent=463978"}],"wp:term":[{"taxonomy":"category","embeddable":true,"href":"https:\/\/www.europesays.com\/fr\/wp-json\/wp\/v2\/categories?post=463978"},{"taxonomy":"post_tag","embeddable":true,"href":"https:\/\/www.europesays.com\/fr\/wp-json\/wp\/v2\/tags?post=463978"}],"curies":[{"name":"wp","href":"https:\/\/api.w.org\/{rel}","templated":true}]}}