{"id":463984,"date":"2025-10-15T04:06:16","date_gmt":"2025-10-15T04:06:16","guid":{"rendered":"https:\/\/www.europesays.com\/fr\/463984\/"},"modified":"2025-10-15T04:06:16","modified_gmt":"2025-10-15T04:06:16","slug":"cest-benefique-pour-la-societe-en-general-khachanov-a-rendu-visite-a-un-centre-pour-enfants-autistes-a-almaty","status":"publish","type":"post","link":"https:\/\/www.europesays.com\/fr\/463984\/","title":{"rendered":"\u00ab C\u2019est b\u00e9n\u00e9fique pour la soci\u00e9t\u00e9 en g\u00e9n\u00e9ral \u00bb, Khachanov a rendu visite \u00e0 un centre pour enfants autistes \u00e0 Almaty"},"content":{"rendered":"<p>                <img decoding=\"async\" src=\"https:\/\/www.europesays.com\/fr\/wp-content\/uploads\/2025\/10\/diYX.jpg\" fetchpriority=\"high\" alt=\"\u00ab C\u2019est b\u00e9n\u00e9fique pour la soci\u00e9t\u00e9 en g\u00e9n\u00e9ral \u00bb, Khachanov a rendu visite \u00e0 un centre pour enfants autistes \u00e0 Almaty\"\/><\/p>\n<p>T\u00eate de s\u00e9rie num\u00e9ro 1 et tenant du titre du tournoi ATP 250 d\u2019Almaty, Karen Khachanov a rendu visite \u00e0 un centre pour enfants autistes avant son entr\u00e9e en lice.<\/p>\n<p>Vainqueur de sept titres sur le circuit ATP, Karen Khachanov a fait son retour dans le top 10 r\u00e9cemment. Pr\u00e9sent cette semaine \u00e0 Almaty au Kazakhstan, le Russe de 29 ans esp\u00e8re ainsi d\u00e9fendre son titre acquis l&rsquo;an dernier.<\/p>\n<p>Avant son premier match qui aura lieu contre Jan-Lennard Struff ou Mackenzie McDonald, le vainqueur du Masters 1000 de Paris-Bercy en 2018 a rendu visite \u00e0 des enfants autistes dans un centre de la ville kazakhe avec Fabian Marozsan, \u00e9galement pr\u00e9sent pour participer au tournoi d\u2019Almaty, et les deux hommes ont ainsi jou\u00e9 \u00e0 des jeux avec eux.<\/p>\n<p>Ils leur ont \u00e9galement offert des cadeaux avant de parler avec leurs professeurs et leurs parents. Khachanov a \u00e9voqu\u00e9 le travail r\u00e9alis\u00e9 par la Fondation Bulat Utemuratov qui \u0153uvre pour que chaque enfant puisse avoir une chance de r\u00e9ussite \u00e0 l\u2019\u00e9cole malgr\u00e9 le handicap.<\/p>\n<p>\u00ab Au Kazakhstan, il y a des \u00e9coles et des programmes \u00e9ducatifs, mais il n\u2019y en a pas vraiment qui sont adapt\u00e9s pour ces enfants. C\u2019est pour cela que cette initiative est si importante. Cela aide les enfants \u00e0 s\u2019adapter, \u00e0 sociabiliser, mais \u00e9galement \u00e0 assister aux cours \u00e0 l\u2019\u00e9cole de fa\u00e7on r\u00e9guli\u00e8re.<\/p>\n<p>Je crois que c\u2019est vraiment quelque chose de pr\u00e9cieux. Je suis un parent moi-m\u00eame, j\u2019adore les enfants de mani\u00e8re g\u00e9n\u00e9rale. Donc si je peux passer un peu de temps avec eux et les inspirer de quelque mani\u00e8re que ce soit, c\u2019est d\u00e9j\u00e0 sp\u00e9cial pour moi.<\/p>\n<p>Les enfants autistes ont des besoins et des \u00e9tapes de d\u00e9veloppement diff\u00e9rents, et je pense qu&rsquo;il est important de ne pas les isoler, mais de les aider \u00e0 s&rsquo;int\u00e9grer et \u00e0 socialiser avec les autres.<\/p>\n<p>C&rsquo;est b\u00e9n\u00e9fique non seulement pour eux, mais aussi pour la soci\u00e9t\u00e9 en g\u00e9n\u00e9ral, et pas seulement ici au Kazakhstan, mais partout dans le monde \u00bb, a ainsi assur\u00e9 Khachanov pour Tennis Channel.<\/p>\n","protected":false},"excerpt":{"rendered":"T\u00eate de s\u00e9rie num\u00e9ro 1 et tenant du titre du tournoi ATP 250 d\u2019Almaty, Karen Khachanov a rendu&hellip;\n","protected":false},"author":2,"featured_media":463985,"comment_status":"","ping_status":"","sticky":false,"template":"","format":"standard","meta":{"footnotes":""},"categories":[1415],"tags":[1011,27,60,1467],"class_list":{"0":"post-463984","1":"post","2":"type-post","3":"status-publish","4":"format-standard","5":"has-post-thumbnail","7":"category-tennis","8":"tag-fr","9":"tag-france","10":"tag-sports","11":"tag-tennis"},"share_on_mastodon":{"url":"https:\/\/pubeurope.com\/@fr\/115376212426152848","error":""},"_links":{"self":[{"href":"https:\/\/www.europesays.com\/fr\/wp-json\/wp\/v2\/posts\/463984","targetHints":{"allow":["GET"]}}],"collection":[{"href":"https:\/\/www.europesays.com\/fr\/wp-json\/wp\/v2\/posts"}],"about":[{"href":"https:\/\/www.europesays.com\/fr\/wp-json\/wp\/v2\/types\/post"}],"author":[{"embeddable":true,"href":"https:\/\/www.europesays.com\/fr\/wp-json\/wp\/v2\/users\/2"}],"replies":[{"embeddable":true,"href":"https:\/\/www.europesays.com\/fr\/wp-json\/wp\/v2\/comments?post=463984"}],"version-history":[{"count":0,"href":"https:\/\/www.europesays.com\/fr\/wp-json\/wp\/v2\/posts\/463984\/revisions"}],"wp:featuredmedia":[{"embeddable":true,"href":"https:\/\/www.europesays.com\/fr\/wp-json\/wp\/v2\/media\/463985"}],"wp:attachment":[{"href":"https:\/\/www.europesays.com\/fr\/wp-json\/wp\/v2\/media?parent=463984"}],"wp:term":[{"taxonomy":"category","embeddable":true,"href":"https:\/\/www.europesays.com\/fr\/wp-json\/wp\/v2\/categories?post=463984"},{"taxonomy":"post_tag","embeddable":true,"href":"https:\/\/www.europesays.com\/fr\/wp-json\/wp\/v2\/tags?post=463984"}],"curies":[{"name":"wp","href":"https:\/\/api.w.org\/{rel}","templated":true}]}}