{"id":463986,"date":"2025-10-15T04:08:09","date_gmt":"2025-10-15T04:08:09","guid":{"rendered":"https:\/\/www.europesays.com\/fr\/463986\/"},"modified":"2025-10-15T04:08:09","modified_gmt":"2025-10-15T04:08:09","slug":"qui-est-diogo-moreira-le-futur-equipier-de-johann-zarco","status":"publish","type":"post","link":"https:\/\/www.europesays.com\/fr\/463986\/","title":{"rendered":"Qui est Diogo Moreira, le futur \u00e9quipier de Johann Zarco ?"},"content":{"rendered":"<p>Diogo Moreira a d\u00e9croch\u00e9 son ticket pour le <a href=\"https:\/\/www.autohebdo.fr\/actualites\/motogp\" data-internallinksmanager029f6b8e52c=\"4\" title=\"MotoGP\" rel=\"nofollow noopener\" target=\"_blank\">MotoGP<\/a>. En marge du Grand Prix d\u2019Australie 2025, le jeune br\u00e9silien a officialis\u00e9 son avenir dans l\u2019\u00e9quipe LCR Honda, o\u00f9 il disposera d\u00e8s 2026 d\u2019un contrat pluriannuel, qui le verra devenir le nouvel \u00e9quipier du Fran\u00e7ais Johann Zarco.<\/p>\n<p>Et s\u2019il ne poss\u00e8de pas le palmar\u00e8s de ces pilotes que les r\u00e9sultats en cat\u00e9gories de promotions placent sous les feux des projecteurs, Diogo Moreira ne m\u00e9rite pas moins sa place en MotoGP. Contrairement \u00e0 son homologue en <a href=\"https:\/\/www.autohebdo.fr\/actualites\/f1\" data-internallinksmanager029f6b8e52c=\"1\" title=\"F1\" rel=\"nofollow noopener\" target=\"_blank\">Formule 1<\/a>, Gabriel Bortoleto \u2013 \u00e9galement originaire de Sao Paulo \u2013 le pilote de Moto2 n\u2019a encore rien gagn\u00e9 qui puisse mettre sa vitrine \u00e0 troph\u00e9es en valeur. Pourtant, il est d\u00e9j\u00e0 consid\u00e9r\u00e9 comme un pilote au potentiel \u00e9norme pour avoir un avenir radieux en MotoGP.<\/p>\n<\/p>\n<p>\u00a0<\/p>\n<p>Meilleur rookie<\/p>\n<p>Apr\u00e8s un d\u00e9but de carri\u00e8re discret, lors duquel il fait rapidement le voyage en Espagne pour se frotter aux meilleures recrues d\u2019Europe, il trouve rapidement ses marques en championnat du monde.<\/p>\n<p>En 2022, il \u00e9merge comme l\u2019une des grandes promesses du sport moto br\u00e9silien gr\u00e2ce \u00e0 une ascension fulgurante en Moto3. Entr\u00e9 dans la classe avec l\u2019\u00e9quipe MT Helmets \u2013 MSI aux c\u00f4t\u00e9s de Ryusei Yamanaka, il termine \u00e0 la 6e place pour sa premi\u00e8re course au guidon de la KTM RC250GP. Et ce ne fut pas la seule surprise de cette premi\u00e8re saison. Plus tard, il signe une pole position au Grand Prix de Grande-Bretagne, et termine neuf autres fois dans le top-10, am\u00e9liorant son meilleur r\u00e9sultat personnel en fin de campagne, avec une excellente 5e place sign\u00e9e en Malaisie. Huiti\u00e8me du championnat, il d\u00e9croche le titre de Rookie de l\u2019ann\u00e9e.\u200b Ce n\u2019\u00e9tait que le d\u00e9but.<\/p>\n<p>L\u2019ann\u00e9e suivante, il honore ce statut. Diogo Moreira poursuit chez MT Helmets \u2013 MSI, et termine pour la premi\u00e8re course de cette nouvelle campagne, au Portugal, il termine troisi\u00e8me, d\u00e9crochant son premier podium en championnat du monde. Lors de la deuxi\u00e8me manche, en Argentine, il fait mieux. Le n\u00b010 rallie l\u2019arriv\u00e9e au 2e rang. Faisant preuve d\u2019une r\u00e9gularit\u00e9 quasiment sans faille en d\u00e9but de saison, il encha\u00eene les bons r\u00e9sultats. Malgr\u00e9 un l\u00e9ger creux apr\u00e8s la tr\u00eave estivale, il rebondit de la meilleure des mani\u00e8res avec une victoire en Indon\u00e9sie, sa premi\u00e8re, et la seule de son passage en Moto3. Malgr\u00e9 tout, ces performances lui permettent de r\u00e9it\u00e9rer son classement de l\u2019ann\u00e9e pr\u00e9c\u00e9dente. Il termine \u00e0 nouveau huiti\u00e8me du championnat, et d\u00e9croche son ticket pour le Moto2.<\/p>\n<p>Diogo Moreira, un soutien fort pour Honda<\/p>\n<p class=\"my-2 [&amp;+p]:mt-4 [&amp;_strong:has(+br)]:inline-block [&amp;_strong:has(+br)]:pb-2\">En classe interm\u00e9diaire, il rejoint Italtrans. Pour ne pas trahir sa r\u00e9putation, il termine meilleur rookie. S\u2019il n\u2019est que quatorzi\u00e8me du championnat, il termine l\u2019ann\u00e9e avec un podium lors du Grand Prix de la Solidarit\u00e9 et donne le ton pour 2025 : il faudra le compter parmi les favoris.<\/p>\n<p class=\"my-2 [&amp;+p]:mt-4 [&amp;_strong:has(+br)]:inline-block [&amp;_strong:has(+br)]:pb-2\">En effet, apr\u00e8s un d\u00e9but de saison compliqu\u00e9, il affiche une r\u00e9gularit\u00e9 implacable. Rapidement, il se positionne comme candidat au titre, il engrange treize top-5 en dix-huit manches, dont plusieurs podiums et victoires, notamment \u00e0 Assen, en Autriche et plus r\u00e9cemment en Indon\u00e9sie. \u00c0 l\u2019aube de la 19e manche de l\u2019ann\u00e9e, il se bat pour la t\u00eate du championnat, neuf unit\u00e9s seulement derri\u00e8re Manuel Gonzalez.\u200b Un objectif sur lequel il peut d\u00e9sormais pleinement se concentrer.<\/p>\n<p class=\"my-2 [&amp;+p]:mt-4 [&amp;_strong:has(+br)]:inline-block [&amp;_strong:has(+br)]:pb-2\">Fort d\u2019un palmar\u00e8s humble mais prometteur, c\u2019est surtout sa capacit\u00e9 d\u2019adaptation rapide, et dans toutes les cat\u00e9gories, qui font de Diogo Moreira une recrue de choix. Sa promotion en MotoGP d\u00e8s 2026 n\u2019a rien d\u2019anodin. Son futur \u00e9quipier, Johann Zarco le dit lui-m\u00eame, ce dernier est \u2013 heureusement \u2013 bien plus pr\u00e9par\u00e9 que ne l\u2019\u00e9tait son \u00e9quipier actuel, Somkiat Chantra. Il sera d\u2019une aide pr\u00e9cieuse pour d\u00e9velopper le projet de Honda.<\/p>\n<p class=\"my-2 [&amp;+p]:mt-4 [&amp;_strong:has(+br)]:inline-block [&amp;_strong:has(+br)]:pb-2\">Lors du prochain Grand Prix de Tha\u00eflande, il deviendra le premier Br\u00e9silien \u00e0 int\u00e9grer la grille MotoGP depuis Alex Barros, et profitera de l\u2019ajout du Grand Prix du Br\u00e9sil au calendrier pour marquer un peu plus les fans de son pays.<\/p>\n<p><strong>\u00c0 LIRE AUSSI &gt;\u00a0<a href=\"https:\/\/www.autohebdo.fr\/actualites\/motogp\/diogo-moreira-motogp-lcr-honda.html\" rel=\"nofollow noopener\" target=\"_blank\">Diogo Moreira sera le prochain \u00e9quipier de Johann Zarco<\/a><\/strong><\/p>\n","protected":false},"excerpt":{"rendered":"Diogo Moreira a d\u00e9croch\u00e9 son ticket pour le MotoGP. En marge du Grand Prix d\u2019Australie 2025, le jeune&hellip;\n","protected":false},"author":2,"featured_media":463987,"comment_status":"","ping_status":"","sticky":false,"template":"","format":"standard","meta":{"footnotes":""},"categories":[1413],"tags":[1011,27,1457,1456,60],"class_list":{"0":"post-463986","1":"post","2":"type-post","3":"status-publish","4":"format-standard","5":"has-post-thumbnail","7":"category-moto","8":"tag-fr","9":"tag-france","10":"tag-moto","11":"tag-motocycle","12":"tag-sports"},"share_on_mastodon":{"url":"https:\/\/pubeurope.com\/@fr\/115376220018481267","error":""},"_links":{"self":[{"href":"https:\/\/www.europesays.com\/fr\/wp-json\/wp\/v2\/posts\/463986","targetHints":{"allow":["GET"]}}],"collection":[{"href":"https:\/\/www.europesays.com\/fr\/wp-json\/wp\/v2\/posts"}],"about":[{"href":"https:\/\/www.europesays.com\/fr\/wp-json\/wp\/v2\/types\/post"}],"author":[{"embeddable":true,"href":"https:\/\/www.europesays.com\/fr\/wp-json\/wp\/v2\/users\/2"}],"replies":[{"embeddable":true,"href":"https:\/\/www.europesays.com\/fr\/wp-json\/wp\/v2\/comments?post=463986"}],"version-history":[{"count":0,"href":"https:\/\/www.europesays.com\/fr\/wp-json\/wp\/v2\/posts\/463986\/revisions"}],"wp:featuredmedia":[{"embeddable":true,"href":"https:\/\/www.europesays.com\/fr\/wp-json\/wp\/v2\/media\/463987"}],"wp:attachment":[{"href":"https:\/\/www.europesays.com\/fr\/wp-json\/wp\/v2\/media?parent=463986"}],"wp:term":[{"taxonomy":"category","embeddable":true,"href":"https:\/\/www.europesays.com\/fr\/wp-json\/wp\/v2\/categories?post=463986"},{"taxonomy":"post_tag","embeddable":true,"href":"https:\/\/www.europesays.com\/fr\/wp-json\/wp\/v2\/tags?post=463986"}],"curies":[{"name":"wp","href":"https:\/\/api.w.org\/{rel}","templated":true}]}}