{"id":463988,"date":"2025-10-15T04:09:12","date_gmt":"2025-10-15T04:09:12","guid":{"rendered":"https:\/\/www.europesays.com\/fr\/463988\/"},"modified":"2025-10-15T04:09:12","modified_gmt":"2025-10-15T04:09:12","slug":"f1-arrive-bientot-sur-apple-tv","status":"publish","type":"post","link":"https:\/\/www.europesays.com\/fr\/463988\/","title":{"rendered":"F1 arrive bient\u00f4t sur Apple TV+ !"},"content":{"rendered":"<p>L\u2019attente touche \u00e0 sa fin. Apr\u00e8s son \u00e9norme carton au box-office mondial (629 millions de dollars), <a href=\"https:\/\/www.iphon.fr\/post\/tim-cook-brad-pitt-hamilton\" target=\"_blank\" rel=\"noopener\">F1\u00a0: The Movie<\/a> arrive tr\u00e8s bient\u00f4t sur <a href=\"https:\/\/www.iphon.fr\/post\/apple-tv-plus-films-et-series-octobre-2025\" target=\"_blank\" rel=\"noopener\">Apple TV+<\/a>. Dans un nouveau clip d\u00e9di\u00e9, le service de streaming a en effet r\u00e9v\u00e9l\u00e9 la date de lancement de son blockbuster. Ce sera donc le 12 d\u00e9cembre prochain, comme un petit cadeau de No\u00ebl avant l\u2019heure pour les abonn\u00e9s de la plateforme de la marque \u00e0 la pomme.<\/p>\n<p> Le pari gagnant d\u2019Apple  <\/p>\n<p>Pour rappel, le g\u00e9ant de la Tech n\u2019avait pas l\u00e9sin\u00e9 sur les moyens pour assurer le succ\u00e8s de ce long-m\u00e9trage qui met en vedette Brad Pitt. Son budget d\u00e9passe les 200 millions de dollars, et la firme de Cupertino avait aussi sorti le grand jeu au niveau marketing. La r\u00e9ussite avait \u00e9t\u00e9 au rendez-vous et cette ode \u00e0 la Formule 1 s\u2019en est nettement mieux tir\u00e9 que <a href=\"https:\/\/www.iphon.fr\/post\/france-napoleon-ridley-scott-tardivement-apple-tv\" target=\"_blank\" rel=\"noopener\">Napol\u00e9on de Ridley Scott<\/a> ou <a href=\"https:\/\/www.iphon.fr\/post\/top-3-films-apple-tv-plus-2024\" target=\"_blank\" rel=\"noopener\">Killers of the Flower Moon de Martin Scorsese.<\/a><\/p>\n<p>Pour rappel, voici le synopsis officiel du film\u00a0:<\/p>\n<blockquote>\n<p>Surnomm\u00e9 \u00ab\u00a0le plus grand qui n\u2019ait jamais exist\u00e9\u00a0\u00bb, Sonny Hayes (Brad Pitt) \u00e9tait le pilote de Formule 1 le plus prometteur des ann\u00e9es 1990, jusqu\u2019\u00e0 ce qu\u2019un accident sur le circuit mette presque fin \u00e0 sa carri\u00e8re. Trente ans plus tard, alors qu\u2019il est devenu un coureur automobile nomade, son ancien co\u00e9quipier Ruben Cervantes (Javier Bardem), propri\u00e9taire d\u2019une \u00e9curie de Formule 1 en difficult\u00e9 et au bord de la faillite, reprend contact avec lui. Ruben convainc Sonny de revenir en Formule 1 pour tenter une derni\u00e8re fois de sauver son \u00e9curie et de devenir le num\u00e9ro un mondial. Il pilotera aux c\u00f4t\u00e9s de Joshua Pearce (Damson Idris), la nouvelle recrue de l\u2019\u00e9quipe qui compte bien imposer son propre rythme. Mais alors que les moteurs rugissent, le pass\u00e9 de Sonny le rattrape et il d\u00e9couvre qu\u2019en Formule 1, le concurrent le plus f\u00e9roce de chaque pilote est son propre co\u00e9quipier \u2013 et que le chemin de la r\u00e9demption ne peut \u00eatre emprunt\u00e9 seul.<\/p>\n<\/blockquote>\n<p>Avez-vous pr\u00e9vu de visionner ou de revisionner ce long-m\u00e9trage pour les f\u00eates de fin d\u2019ann\u00e9e\u00a0? Dites-le-nous dans les commentaires.<\/p>\n<p>            <img loading=\"lazy\" width=\"300\" height=\"300\" decoding=\"async\" src=\"data:image\/svg+xml,%3Csvg%20xmlns=\" http:=\"\" alt=\"i-nfo.fr - App officielle iPhon.fr\" data-lazy-src=\"https:\/\/www.europesays.com\/fr\/wp-content\/uploads\/2025\/04\/App-iPhon.jpg\"\/>                                            i-nfo.fr &#8211; App officielle iPhon.fr                 <\/p>\n<p>Par\u00a0: Keleops AG<\/p>\n","protected":false},"excerpt":{"rendered":"L\u2019attente touche \u00e0 sa fin. Apr\u00e8s son \u00e9norme carton au box-office mondial (629 millions de dollars), F1\u00a0: The&hellip;\n","protected":false},"author":2,"featured_media":463989,"comment_status":"","ping_status":"","sticky":false,"template":"","format":"standard","meta":{"footnotes":""},"categories":[1412],"tags":[1451,1452,1453,1454,1455,1011,27,60],"class_list":{"0":"post-463988","1":"post","2":"type-post","3":"status-publish","4":"format-standard","5":"has-post-thumbnail","7":"category-f1","8":"tag-f1","9":"tag-formula-1","10":"tag-formula1","11":"tag-formule-1","12":"tag-formule1","13":"tag-fr","14":"tag-france","15":"tag-sports"},"share_on_mastodon":{"url":"https:\/\/pubeurope.com\/@fr\/115376223949235125","error":""},"_links":{"self":[{"href":"https:\/\/www.europesays.com\/fr\/wp-json\/wp\/v2\/posts\/463988","targetHints":{"allow":["GET"]}}],"collection":[{"href":"https:\/\/www.europesays.com\/fr\/wp-json\/wp\/v2\/posts"}],"about":[{"href":"https:\/\/www.europesays.com\/fr\/wp-json\/wp\/v2\/types\/post"}],"author":[{"embeddable":true,"href":"https:\/\/www.europesays.com\/fr\/wp-json\/wp\/v2\/users\/2"}],"replies":[{"embeddable":true,"href":"https:\/\/www.europesays.com\/fr\/wp-json\/wp\/v2\/comments?post=463988"}],"version-history":[{"count":0,"href":"https:\/\/www.europesays.com\/fr\/wp-json\/wp\/v2\/posts\/463988\/revisions"}],"wp:featuredmedia":[{"embeddable":true,"href":"https:\/\/www.europesays.com\/fr\/wp-json\/wp\/v2\/media\/463989"}],"wp:attachment":[{"href":"https:\/\/www.europesays.com\/fr\/wp-json\/wp\/v2\/media?parent=463988"}],"wp:term":[{"taxonomy":"category","embeddable":true,"href":"https:\/\/www.europesays.com\/fr\/wp-json\/wp\/v2\/categories?post=463988"},{"taxonomy":"post_tag","embeddable":true,"href":"https:\/\/www.europesays.com\/fr\/wp-json\/wp\/v2\/tags?post=463988"}],"curies":[{"name":"wp","href":"https:\/\/api.w.org\/{rel}","templated":true}]}}