{"id":46399,"date":"2025-04-23T11:06:14","date_gmt":"2025-04-23T11:06:14","guid":{"rendered":"https:\/\/www.europesays.com\/fr\/46399\/"},"modified":"2025-04-23T11:06:14","modified_gmt":"2025-04-23T11:06:14","slug":"bruxelles-prend-des-sanctions-contre-la-big-tech-americaine-au-risque-de-provoquer-la-colere-de-trump","status":"publish","type":"post","link":"https:\/\/www.europesays.com\/fr\/46399\/","title":{"rendered":"Bruxelles prend des sanctions contre la Big Tech am\u00e9ricaine, au risque de provoquer la col\u00e8re de Trump"},"content":{"rendered":"<p>Apple est condamn\u00e9 \u00e0 une amende de 500 millions d\u2019euros et Meta \u00e0 200 millions d\u2019euros pour des infractions \u00e0 sa nouvelle r\u00e9glementation sur les march\u00e9s num\u00e9riques (DMA).<\/p>\n<p class=\"fig-paragraph\">La d\u00e9cision \u00e9tait attendue depuis des semaines. La Commission europ\u00e9enne a fini par d\u00e9gainer, mercredi, ses premi\u00e8res amendes contre deux entreprises californiennes de la tech, Apple et Meta, au titre de la\u00a0<a href=\"http:\/\/www.lefigaro.fr\/secteur\/high-tech\/dma-bruxelles-met-un-coup-de-pression-sur-meta-apple-et-google-20240325\" data-fig-type=\"Article\" data-gtm-custom-categorie=\"navigation\" data-gtm-custom-action=\"crossclick\" data-gtm-custom-label=\"Contextuel\" data-gtm-event=\"customEventSPE\" data-fig-domain=\"LEFIGARO\" target=\"_blank\" rel=\"noopener\">r\u00e9glementation sur les march\u00e9s num\u00e9riques (DMA)<\/a>. Apple est frapp\u00e9 d\u2019une amende de 500 millions d\u2019euros pour avoir entrav\u00e9 la concurrence \u00e0 son magasin d\u2019applications, l\u2019App Store, en infraction \u00e0 la r\u00e9glementation europ\u00e9enne. L\u2019entreprise a aussit\u00f4t annonc\u00e9 faire appel de cette d\u00e9cision qui la \u00abcible injustement\u00bb. <a href=\"http:\/\/www.lefigaro.fr\/medias\/reseaux-sociaux-meta-en-pleine-campagne-pour-forcer-google-et-apple-a-verifier-l-age-de-ses-utilisateurs-20250422\" data-fig-type=\"Article\" data-gtm-custom-categorie=\"navigation\" data-gtm-custom-action=\"crossclick\" data-gtm-custom-label=\"Contextuel\" data-gtm-event=\"customEventSPE\" data-fig-domain=\"LEFIGARO\" target=\"_blank\" rel=\"noopener\">Meta<\/a>, propri\u00e9taire de Facebook, se voit de son c\u00f4t\u00e9 infliger une amende de 200 millions d\u2019euros pour avoir forc\u00e9 ses utilisateurs \u00e0 accepter de partager leurs donn\u00e9es.<\/p>\n<p class=\"fig-paragraph\">Ces d\u00e9cisions techniques sont les premi\u00e8res applications du DMA, entr\u00e9 en vigueur en mars 2024, une l\u00e9gislation ambitieuse adopt\u00e9e sous l\u2019\u00e9gide de l\u2019ex-commissaire\u00a0<a href=\"http:\/\/www.lefigaro.fr\/conjoncture\/thierry-breton-la-regulation-favorisera-l-emergence-de-champions-europeens-20250209\" data-fig-type=\"Article\" data-gtm-custom-categorie=\"navigation\" data-gtm-custom-action=\"crossclick\" data-gtm-custom-label=\"Contextuel\" data-gtm-event=\"customEventSPE\" data-fig-domain=\"LEFIGARO\" target=\"_blank\" rel=\"noopener\">Thierry Breton<\/a>\u00a0pour r\u00e9guler le march\u00e9 des g\u00e9ants num\u00e9riques en Europe. Elles rev\u00eatent aussi une dimension politique dans le contexte de tensions commerciales\u2026<\/p>\n<p class=\"fig-premium-paywall__infos\">\n        Cet article est r\u00e9serv\u00e9 aux abonn\u00e9s.        Il vous reste 80% \u00e0 d\u00e9couvrir.\n    <\/p>\n<p>                <img  data- alt=\"Le Figaro\" class=\"fig-img--complete fig-img\"\/><\/p>\n<p class=\"fig-premium-paywall__title\">Vous avez envie de lire la suite ?<\/p>\n<p class=\"fig-premium-paywall__subtitle\">D\u00e9bloquez tous les articles imm\u00e9diatement.<\/p>\n<p class=\"fig-premium-paywall__connect\">\n                D\u00e9j\u00e0 abonn\u00e9\u00a0?                <a class=\"fig-premium-paywall__connect-link\" href=\"https:\/\/connect.lefigaro.fr\/login?client=horizon_web&amp;type=main&amp;redirect_uri=https%3A%2F%2Fwww.lefigaro.fr%2Fsecteur%2Fhigh-tech%2Fl-union-europeenne-prend-ses-premieres-sanctions-financieres-contre-la-big-tech-americaine-20250423\" data-js-gtm=\"{&quot;customCategorie&quot;: &quot;conversion&quot;, &quot;customAction&quot;: &quot;before_Landing_Connexion_paywall_auto&quot;, &quot;customLabel&quot;: &quot;bGVmaWdhcm8uZnJfXzFmMDIwMWZmLThkNzQtNjc5OC1hYzI1LTU1YzkzMzE4MmQ1NV9fTmV3c0ZsYXNo_Bruxelles prend des sanctions contre la Big Tech am\u00e9ricaine, au risque de provoquer la col\u00e8re de Trump_310&quot;, &quot;customIDSPE&quot;: &quot;bGVmaWdhcm8uZnJfXzFmMDIwMWZmLThkNzQtNjc5OC1hYzI1LTU1YzkzMzE4MmQ1NV9fTmV3c0ZsYXNo&quot;, &quot;event&quot;: &quot;customEventSPE&quot;}\" target=\"_blank\" rel=\"noopener\"><br \/>\n                    Connectez-vous<br \/>\n                <\/a>\n            <\/p>\n","protected":false},"excerpt":{"rendered":"Apple est condamn\u00e9 \u00e0 une amende de 500 millions d\u2019euros et Meta \u00e0 200 millions d\u2019euros pour des&hellip;\n","protected":false},"author":2,"featured_media":46400,"comment_status":"","ping_status":"","sticky":false,"template":"","format":"standard","meta":{"footnotes":""},"categories":[1586],"tags":[47,11,733,722,723,1777,674,1779,1011,27,727,726,142,310,655,1016,720,12,719,25,724,725,717,718,1778,364,721,728],"class_list":{"0":"post-46399","1":"post","2":"type-post","3":"status-publish","4":"format-standard","5":"has-post-thumbnail","7":"category-europe","8":"tag-actualite","9":"tag-actualites","10":"tag-apple","11":"tag-blog","12":"tag-blogs","13":"tag-eu","14":"tag-europe","15":"tag-european-union","16":"tag-fr","17":"tag-france","18":"tag-gadget","19":"tag-gadgets","20":"tag-high-tech","21":"tag-internet","22":"tag-iphone","23":"tag-meta","24":"tag-multimedia","25":"tag-news","26":"tag-nouvelles-technolgies","27":"tag-republique-francaise","28":"tag-smartphone","29":"tag-tablette","30":"tag-technologie","31":"tag-tic","32":"tag-ue","33":"tag-union-europeenne","34":"tag-web","35":"tag-widgets"},"share_on_mastodon":{"url":"https:\/\/pubeurope.com\/@fr\/114386959632542868","error":""},"_links":{"self":[{"href":"https:\/\/www.europesays.com\/fr\/wp-json\/wp\/v2\/posts\/46399","targetHints":{"allow":["GET"]}}],"collection":[{"href":"https:\/\/www.europesays.com\/fr\/wp-json\/wp\/v2\/posts"}],"about":[{"href":"https:\/\/www.europesays.com\/fr\/wp-json\/wp\/v2\/types\/post"}],"author":[{"embeddable":true,"href":"https:\/\/www.europesays.com\/fr\/wp-json\/wp\/v2\/users\/2"}],"replies":[{"embeddable":true,"href":"https:\/\/www.europesays.com\/fr\/wp-json\/wp\/v2\/comments?post=46399"}],"version-history":[{"count":0,"href":"https:\/\/www.europesays.com\/fr\/wp-json\/wp\/v2\/posts\/46399\/revisions"}],"wp:featuredmedia":[{"embeddable":true,"href":"https:\/\/www.europesays.com\/fr\/wp-json\/wp\/v2\/media\/46400"}],"wp:attachment":[{"href":"https:\/\/www.europesays.com\/fr\/wp-json\/wp\/v2\/media?parent=46399"}],"wp:term":[{"taxonomy":"category","embeddable":true,"href":"https:\/\/www.europesays.com\/fr\/wp-json\/wp\/v2\/categories?post=46399"},{"taxonomy":"post_tag","embeddable":true,"href":"https:\/\/www.europesays.com\/fr\/wp-json\/wp\/v2\/tags?post=46399"}],"curies":[{"name":"wp","href":"https:\/\/api.w.org\/{rel}","templated":true}]}}