{"id":463990,"date":"2025-10-15T04:10:16","date_gmt":"2025-10-15T04:10:16","guid":{"rendered":"https:\/\/www.europesays.com\/fr\/463990\/"},"modified":"2025-10-15T04:10:16","modified_gmt":"2025-10-15T04:10:16","slug":"un-cyclotouriste-chute-et-se-blesse-a-moelan-sur-mer","status":"publish","type":"post","link":"https:\/\/www.europesays.com\/fr\/463990\/","title":{"rendered":"Un cyclotouriste chute et se blesse \u00e0 Mo\u00eblan-sur-Mer"},"content":{"rendered":"<p>Ce mardi matin, 14 octobre 2025, vers 11\u00a0h, un cyclotouriste a lourdement chut\u00e9 au cours d\u2019une sortie, au niveau du rond-point de Kerglien, sur la route des Plages, \u00e0 Mo\u00eblan-sur-Mer. Il a \u00e9t\u00e9 d\u00e9s\u00e9quilibr\u00e9 en heurtant la roue du v\u00e9lo qui le pr\u00e9c\u00e9dait et a lourdement chut\u00e9 sur la chauss\u00e9e. Bless\u00e9 au visage, le cycliste, \u00e2g\u00e9 de 71 ans, a \u00e9t\u00e9 pris en charge par les sapeurs-pompiers puis transport\u00e9 au centre hospitalier de Quimperl\u00e9.<\/p>\n","protected":false},"excerpt":{"rendered":"Ce mardi matin, 14 octobre 2025, vers 11\u00a0h, un cyclotouriste a lourdement chut\u00e9 au cours d\u2019une sortie, au&hellip;\n","protected":false},"author":2,"featured_media":463991,"comment_status":"","ping_status":"","sticky":false,"template":"","format":"standard","meta":{"footnotes":""},"categories":[1411],"tags":[3085,1154,207,765,1011,27,34818,11878,60],"class_list":{"0":"post-463990","1":"post","2":"type-post","3":"status-publish","4":"format-standard","5":"has-post-thumbnail","7":"category-cyclisme","8":"tag-accidents","9":"tag-cycling","10":"tag-cyclisme","11":"tag-en-continu","12":"tag-fr","13":"tag-france","14":"tag-moelan-sur-mer","15":"tag-quimperle","16":"tag-sports"},"share_on_mastodon":{"url":"https:\/\/pubeurope.com\/@fr\/115376228227855238","error":""},"_links":{"self":[{"href":"https:\/\/www.europesays.com\/fr\/wp-json\/wp\/v2\/posts\/463990","targetHints":{"allow":["GET"]}}],"collection":[{"href":"https:\/\/www.europesays.com\/fr\/wp-json\/wp\/v2\/posts"}],"about":[{"href":"https:\/\/www.europesays.com\/fr\/wp-json\/wp\/v2\/types\/post"}],"author":[{"embeddable":true,"href":"https:\/\/www.europesays.com\/fr\/wp-json\/wp\/v2\/users\/2"}],"replies":[{"embeddable":true,"href":"https:\/\/www.europesays.com\/fr\/wp-json\/wp\/v2\/comments?post=463990"}],"version-history":[{"count":0,"href":"https:\/\/www.europesays.com\/fr\/wp-json\/wp\/v2\/posts\/463990\/revisions"}],"wp:featuredmedia":[{"embeddable":true,"href":"https:\/\/www.europesays.com\/fr\/wp-json\/wp\/v2\/media\/463991"}],"wp:attachment":[{"href":"https:\/\/www.europesays.com\/fr\/wp-json\/wp\/v2\/media?parent=463990"}],"wp:term":[{"taxonomy":"category","embeddable":true,"href":"https:\/\/www.europesays.com\/fr\/wp-json\/wp\/v2\/categories?post=463990"},{"taxonomy":"post_tag","embeddable":true,"href":"https:\/\/www.europesays.com\/fr\/wp-json\/wp\/v2\/tags?post=463990"}],"curies":[{"name":"wp","href":"https:\/\/api.w.org\/{rel}","templated":true}]}}