{"id":463996,"date":"2025-10-15T04:13:12","date_gmt":"2025-10-15T04:13:12","guid":{"rendered":"https:\/\/www.europesays.com\/fr\/463996\/"},"modified":"2025-10-15T04:13:12","modified_gmt":"2025-10-15T04:13:12","slug":"deux-esprits-creatifs-ont-ouvert-un-local-commun-a-parame","status":"publish","type":"post","link":"https:\/\/www.europesays.com\/fr\/463996\/","title":{"rendered":"deux esprits cr\u00e9atifs ont ouvert un local commun \u00e0 Param\u00e9"},"content":{"rendered":"<p>            Par<br \/>\n        <strong><br \/>\n            <a href=\"https:\/\/actu.fr\/auteur\/journaliste-pm\" title=\"Consulter tous les articles de R\u00e9daction Saint-Malo\" target=\"_blank\" rel=\"noopener\">R\u00e9daction Saint-Malo<\/a><br \/>\n        <\/strong><\/p>\n<p>        Publi\u00e9 le<\/p>\n<p>            14 oct. 2025 \u00e0 7h16        <\/p>\n<p>Deux univers se rencontrent \u00ab\u00a0au T\u00e2f, un lieu cr\u00e9atif\u00a0\u00bb \u00e0 <a href=\"https:\/\/actu.fr\/bretagne\/saint-malo_35288\" target=\"_blank\" rel=\"noopener\">Saint-Malo<\/a> (Ille-et-Vilaine).<\/p>\n<p class=\" wall-content\">D\u2019une part avec Marie Aizier, architecte d\u2019int\u00e9rieur de 42 ans (Atelier C\u00e9zembre) qui s\u2019adresse aux commer\u00e7ants et aux particuliers.<\/p>\n<p class=\" wall-content\">D\u2019autre part, avec Fred Borel, producteur de vid\u00e9os de 36 ans (Ducktape) pour les entreprises et les institutions.<\/p>\n<p class=\" wall-content\">Ils ont en commun d\u2019avoir suivi un parcours de reconversion avant de se mettre \u00e0 leur compte pour proposer leurs services respectifs. Ils accueillent les clients sur rendez-vous dans un espace de travail qui leur ressemble.<\/p>\n<p>Am\u00e9nager un espace \u00e0 son image<\/p>\n<p class=\" wall-content\">Auparavant juriste, Marie a suivi une formation pour devenir architecte d\u2019int\u00e9rieur il y a huit ans. \u00ab\u00a0Val\u00e9rie, qui dirige un institut de beaut\u00e9 \u00e0 Param\u00e9, a \u00e9t\u00e9 la premi\u00e8re cliente \u00e0 me faire confiance\u00a0\u00bb, se souvient Marie. \u00ab\u00a0Je collabore avec divers artisans locaux, notamment des menuisiers, pour valoriser des mat\u00e9riaux nobles et durables, mais aussi offrir une base intemporelle.\u00a0\u00bb<\/p>\n<p>Vid\u00e9os : en ce moment sur Actu<\/p>\n<blockquote class=\"ac-article-quote wall-content\">\n<p>Je m\u2019adapte aux budgets et con\u00e7ois tout de A \u00e0 Z, en proposant des planches d\u2019ambiance et des esquisses en 3D.<\/p>\n<p>Marie Aizier<\/p><\/blockquote>\n<p class=\" wall-content\">\u00ab\u00a0J\u2019ai eu l\u2019opportunit\u00e9 de r\u00e9nover les int\u00e9rieurs de plusieurs commerces : des instituts de beaut\u00e9, des salons de coiffure, des chocolateries et des caf\u00e9s-restaurants. A l\u2019\u00e8re des r\u00e9seaux sociaux o\u00f9 l\u2019on voit de tout pour refaire son habitat de telle ou telle fa\u00e7on, les gens se sentent souvent perdus. Ils ont besoin de quelqu\u2019un \u00e0 leur \u00e9coute pour cr\u00e9er un espace qui leur ressemble vraiment.\u00a0\u00bb<\/p>\n<p>Votre r\u00e9gion, votre actu !<\/p>\n<p>Recevez chaque jour les infos qui comptent pour vous.<\/p>\n<p>\t<a href=\"https:\/\/actu.fr\/newsletter\" class=\"ac-btn ac-btn--corner ac-btn--medium ac-btn--blue800\" target=\"_blank\" rel=\"noopener\">S&rsquo;incrire<\/a><br \/>\nDes tournages publicitaires<\/p>\n<p class=\" wall-content\">Apr\u00e8s avoir cr\u00e9\u00e9 son agence cr\u00e9ative Ducktape en 2017 et fait ses d\u00e9buts en r\u00e9gion lilloise, Fred Borel a rejoint la Bretagne r\u00e9cemment. Il souhaite dans un premier temps se faire conna\u00eetre aupr\u00e8s des entreprises des bassins malouins et rennais dans lesquels il estime qu\u2019il y a \u00ab\u00a0une dynamique touristique et culturelle.\u00a0\u00bb<\/p>\n<p class=\" wall-content\">\u00ab\u00a0En tant que producteur de vid\u00e9os ind\u00e9pendant, je collabore avec un r\u00e9seau de prestataires qui poss\u00e8dent les comp\u00e9tences techniques n\u00e9cessaires pour mes projets de tournage : cadreurs, monteurs, motion designers, ing\u00e9nieurs du son\u2026 Mon r\u00f4le est de tout orchestrer pour aboutir au r\u00e9sultat souhait\u00e9 par le client\u00a0\u00bb explique Fred. \u00ab\u00a0Je travaille avec des marques et des acteurs institutionnels pour valoriser des produits, des services, des lancements commerciaux. Je produis de la publicit\u00e9 digitale que l\u2019on peut voir sur les sites de vid\u00e9os en streaming.\u00a0\u00bb<\/p>\n<p>Sites internet\u00a0: <a href=\"https:\/\/www.ateliercezembre.fr\/\" target=\"_blank\" rel=\"noopener\">www.ateliercezembre.fr<\/a> et <a href=\"https:\/\/www.ducktape-videos.com\/\" target=\"_blank\" rel=\"noopener\">www.ducktape-videos.com<\/a> \u00a0<\/p>\n<p class=\" wall-content\">Personnalisez votre actualit\u00e9 en ajoutant vos villes et m\u00e9dias en favori avec <a href=\"https:\/\/moncompte.actu.fr\" title=\"D\u00e9couvez Mon Actu\" rel=\"nofollow noopener\" data-trk=\"{&quot;cta&quot;:{&quot;action&quot;:&quot;https:\\\/\\\/moncompte.actu.fr&quot;,&quot;category&quot;:&quot;mon compte&quot;,&quot;from&quot;:&quot;article footer&quot;,&quot;name&quot;:&quot;Mon actu&quot;,&quot;type&quot;:&quot;cta&quot;}}\" target=\"_blank\">Mon Actu<\/a>.<\/p>\n","protected":false},"excerpt":{"rendered":"Par R\u00e9daction Saint-Malo Publi\u00e9 le 14 oct. 2025 \u00e0 7h16 Deux univers se rencontrent \u00ab\u00a0au T\u00e2f, un lieu&hellip;\n","protected":false},"author":2,"featured_media":463997,"comment_status":"","ping_status":"","sticky":false,"template":"","format":"standard","meta":{"footnotes":""},"categories":[1358],"tags":[1348,1384,1385,344,1386,58,33,59,1011,27],"class_list":{"0":"post-463996","1":"post","2":"type-post","3":"status-publish","4":"format-standard","5":"has-post-thumbnail","7":"category-arts-et-design","8":"tag-arts","9":"tag-arts-and-design","10":"tag-arts-et-design","11":"tag-creation-dentreprise","12":"tag-design","13":"tag-divertissement","14":"tag-economie","15":"tag-entertainment","16":"tag-fr","17":"tag-france"},"share_on_mastodon":{"url":"https:\/\/pubeurope.com\/@fr\/115376240273230925","error":""},"_links":{"self":[{"href":"https:\/\/www.europesays.com\/fr\/wp-json\/wp\/v2\/posts\/463996","targetHints":{"allow":["GET"]}}],"collection":[{"href":"https:\/\/www.europesays.com\/fr\/wp-json\/wp\/v2\/posts"}],"about":[{"href":"https:\/\/www.europesays.com\/fr\/wp-json\/wp\/v2\/types\/post"}],"author":[{"embeddable":true,"href":"https:\/\/www.europesays.com\/fr\/wp-json\/wp\/v2\/users\/2"}],"replies":[{"embeddable":true,"href":"https:\/\/www.europesays.com\/fr\/wp-json\/wp\/v2\/comments?post=463996"}],"version-history":[{"count":0,"href":"https:\/\/www.europesays.com\/fr\/wp-json\/wp\/v2\/posts\/463996\/revisions"}],"wp:featuredmedia":[{"embeddable":true,"href":"https:\/\/www.europesays.com\/fr\/wp-json\/wp\/v2\/media\/463997"}],"wp:attachment":[{"href":"https:\/\/www.europesays.com\/fr\/wp-json\/wp\/v2\/media?parent=463996"}],"wp:term":[{"taxonomy":"category","embeddable":true,"href":"https:\/\/www.europesays.com\/fr\/wp-json\/wp\/v2\/categories?post=463996"},{"taxonomy":"post_tag","embeddable":true,"href":"https:\/\/www.europesays.com\/fr\/wp-json\/wp\/v2\/tags?post=463996"}],"curies":[{"name":"wp","href":"https:\/\/api.w.org\/{rel}","templated":true}]}}