{"id":463998,"date":"2025-10-15T04:14:25","date_gmt":"2025-10-15T04:14:25","guid":{"rendered":"https:\/\/www.europesays.com\/fr\/463998\/"},"modified":"2025-10-15T04:14:25","modified_gmt":"2025-10-15T04:14:25","slug":"blanzy-mine-de-lire-mine-dor-a-lencre-des-rencontres","status":"publish","type":"post","link":"https:\/\/www.europesays.com\/fr\/463998\/","title":{"rendered":"Blanzy &#8211; Mine de lire, mine d&rsquo;or, \u00e0 l&rsquo;encre des rencontres"},"content":{"rendered":"<p>Ils \u00e9taient tous l\u00e0\u2026 Les auteurs, fid\u00e8les ou nouveaux au rendez-vous du salon Mine de Livre de Blanzy. Cinquante-quatre annonc\u00e9s, cinquante-six pr\u00e9sents \u00e0 l\u2019Espace de la Vie Associative, preuve que la passion litt\u00e9raire, \u00e0 Blanzy, donne encore des ailes \u00e0 celles et ceux qui \u00e9crivent avec le c\u0153ur.<\/p>\n<p data-start=\"448\" data-end=\"752\">Ils \u00e9taient tous l\u00e0 aussi\u2026 Les \u00e9lus, et ceux qui aimeraient le devenir en mars 2026. L\u2019\u00e9criture d\u2019une campagne municipale s\u2019esquisse parfois \u00e0 l\u2019encre des promesses, et pourquoi pas, comme le chantait Francis Cabrel, \u00ab\u00a0\u00e0 l\u2019encre de tes yeux\u00ab\u00a0. Une autre forme d\u2019expression \u00e9crite, pourrait-on dire.<\/p>\n<p data-start=\"754\" data-end=\"987\">Mais rendons \u00e0 Mine de Lire ce qui lui appartient, \u00e0 sa pr\u00e9sidente, Martine Servy, et ses b\u00e9n\u00e9voles, artisans de l\u2019ombre qui ont r\u00e9dig\u00e9, mot apr\u00e8s maux, le sc\u00e9nario d\u2019un \u00e9v\u00e9nement devenu, au fil des \u00e9ditions, un vrai succ\u00e8s litt\u00e9raire.<\/p>\n<p data-start=\"989\" data-end=\"1397\">Car accueillir des auteurs ne suffit pas. Encore faut-il que le public r\u00e9ponde \u00e0 l\u2019invitation. Et il a r\u00e9pondu pr\u00e9sent. Non seulement pour approcher les invit\u00e9s d\u2019honneur, Christophe Royer et Estelle Tharreau, mais aussi pour aller \u00e0 la rencontre de tous les autres : romanciers, illustrateurs, libraire, relieur\u2026 Chacun d\u2019eux, \u00e0 sa mani\u00e8re, incarne cette diversit\u00e9 que seul le livre sait encore r\u00e9v\u00e9ler.<\/p>\n<p data-start=\"1399\" data-end=\"1593\">On tourne les pages avec plus d\u2019enthousiasme qu\u2019on ne tourne sa langue avant de parler\u2026 Et peut-\u00eatre est-ce l\u00e0 le plus bel hommage \u00e0 la lecture, cette libert\u00e9 de parole n\u00e9e du silence des mots.<\/p>\n<p data-start=\"1399\" data-end=\"1593\">J.B.<\/p>\n<p data-start=\"1399\" data-end=\"1593\"><a href=\"https:\/\/www.europesays.com\/fr\/wp-content\/uploads\/2025\/10\/EX1A2217.jpg\"><img fetchpriority=\"high\" decoding=\"async\" data-attachment-id=\"202813\" data-permalink=\"https:\/\/linformateurdebourgogne.com\/blanzy-mine-de-lire-mine-dor-a-lencre-des-rencontres\/ex1a2217\/\" data-orig-file=\"https:\/\/www.europesays.com\/fr\/wp-content\/uploads\/2025\/10\/EX1A2217.jpg\" data-orig-size=\"800,533\" data-comments-opened=\"0\" data-image-meta=\"{&quot;aperture&quot;:&quot;0&quot;,&quot;credit&quot;:&quot;&quot;,&quot;camera&quot;:&quot;&quot;,&quot;caption&quot;:&quot;&quot;,&quot;created_timestamp&quot;:&quot;0&quot;,&quot;copyright&quot;:&quot;&quot;,&quot;focal_length&quot;:&quot;0&quot;,&quot;iso&quot;:&quot;0&quot;,&quot;shutter_speed&quot;:&quot;0&quot;,&quot;title&quot;:&quot;&quot;,&quot;orientation&quot;:&quot;0&quot;}\" data-image-title=\"EX1A2217\" data-image-description=\"\" data-image-caption=\"\" data-medium-file=\"https:\/\/linformateurdebourgogne.com\/wp-content\/uploads\/2025\/10\/EX1A2217-300x200.jpg\" data-large-file=\"https:\/\/www.europesays.com\/fr\/wp-content\/uploads\/2025\/10\/EX1A2217.jpg\" class=\"alignnone wp-image-202813 size-full\" src=\"https:\/\/www.europesays.com\/fr\/wp-content\/uploads\/2025\/10\/EX1A2217.jpg\" alt=\"\" width=\"800\" height=\"533\"  \/><\/a> <a href=\"https:\/\/www.europesays.com\/fr\/wp-content\/uploads\/2025\/10\/EX1A2219.jpg\"><img loading=\"lazy\" decoding=\"async\" data-attachment-id=\"202814\" data-permalink=\"https:\/\/linformateurdebourgogne.com\/blanzy-mine-de-lire-mine-dor-a-lencre-des-rencontres\/ex1a2219\/\" data-orig-file=\"https:\/\/www.europesays.com\/fr\/wp-content\/uploads\/2025\/10\/EX1A2219.jpg\" data-orig-size=\"800,533\" data-comments-opened=\"0\" data-image-meta=\"{&quot;aperture&quot;:&quot;0&quot;,&quot;credit&quot;:&quot;&quot;,&quot;camera&quot;:&quot;&quot;,&quot;caption&quot;:&quot;&quot;,&quot;created_timestamp&quot;:&quot;0&quot;,&quot;copyright&quot;:&quot;&quot;,&quot;focal_length&quot;:&quot;0&quot;,&quot;iso&quot;:&quot;0&quot;,&quot;shutter_speed&quot;:&quot;0&quot;,&quot;title&quot;:&quot;&quot;,&quot;orientation&quot;:&quot;0&quot;}\" data-image-title=\"EX1A2219\" data-image-description=\"\" data-image-caption=\"\" data-medium-file=\"https:\/\/linformateurdebourgogne.com\/wp-content\/uploads\/2025\/10\/EX1A2219-300x200.jpg\" data-large-file=\"https:\/\/www.europesays.com\/fr\/wp-content\/uploads\/2025\/10\/EX1A2219.jpg\" class=\"alignnone wp-image-202814 size-full\" src=\"https:\/\/www.europesays.com\/fr\/wp-content\/uploads\/2025\/10\/EX1A2219.jpg\" alt=\"\" width=\"800\" height=\"533\"  \/><\/a> <a href=\"https:\/\/www.europesays.com\/fr\/wp-content\/uploads\/2025\/10\/EX1A2221.jpg\"><img loading=\"lazy\" decoding=\"async\" data-attachment-id=\"202815\" data-permalink=\"https:\/\/linformateurdebourgogne.com\/blanzy-mine-de-lire-mine-dor-a-lencre-des-rencontres\/ex1a2221\/\" data-orig-file=\"https:\/\/www.europesays.com\/fr\/wp-content\/uploads\/2025\/10\/EX1A2221.jpg\" data-orig-size=\"800,533\" data-comments-opened=\"0\" data-image-meta=\"{&quot;aperture&quot;:&quot;0&quot;,&quot;credit&quot;:&quot;&quot;,&quot;camera&quot;:&quot;&quot;,&quot;caption&quot;:&quot;&quot;,&quot;created_timestamp&quot;:&quot;0&quot;,&quot;copyright&quot;:&quot;&quot;,&quot;focal_length&quot;:&quot;0&quot;,&quot;iso&quot;:&quot;0&quot;,&quot;shutter_speed&quot;:&quot;0&quot;,&quot;title&quot;:&quot;&quot;,&quot;orientation&quot;:&quot;0&quot;}\" data-image-title=\"EX1A2221\" data-image-description=\"\" data-image-caption=\"\" data-medium-file=\"https:\/\/linformateurdebourgogne.com\/wp-content\/uploads\/2025\/10\/EX1A2221-300x200.jpg\" data-large-file=\"https:\/\/www.europesays.com\/fr\/wp-content\/uploads\/2025\/10\/EX1A2221.jpg\" class=\"alignnone wp-image-202815 size-full\" src=\"https:\/\/www.europesays.com\/fr\/wp-content\/uploads\/2025\/10\/EX1A2221.jpg\" alt=\"\" width=\"800\" height=\"533\"  \/><\/a> <a href=\"https:\/\/www.europesays.com\/fr\/wp-content\/uploads\/2025\/10\/EX1A2226.jpg\"><img loading=\"lazy\" decoding=\"async\" data-attachment-id=\"202816\" data-permalink=\"https:\/\/linformateurdebourgogne.com\/blanzy-mine-de-lire-mine-dor-a-lencre-des-rencontres\/ex1a2226\/\" data-orig-file=\"https:\/\/www.europesays.com\/fr\/wp-content\/uploads\/2025\/10\/EX1A2226.jpg\" data-orig-size=\"800,533\" data-comments-opened=\"0\" data-image-meta=\"{&quot;aperture&quot;:&quot;0&quot;,&quot;credit&quot;:&quot;&quot;,&quot;camera&quot;:&quot;&quot;,&quot;caption&quot;:&quot;&quot;,&quot;created_timestamp&quot;:&quot;0&quot;,&quot;copyright&quot;:&quot;&quot;,&quot;focal_length&quot;:&quot;0&quot;,&quot;iso&quot;:&quot;0&quot;,&quot;shutter_speed&quot;:&quot;0&quot;,&quot;title&quot;:&quot;&quot;,&quot;orientation&quot;:&quot;0&quot;}\" data-image-title=\"EX1A2226\" data-image-description=\"\" data-image-caption=\"\" data-medium-file=\"https:\/\/linformateurdebourgogne.com\/wp-content\/uploads\/2025\/10\/EX1A2226-300x200.jpg\" data-large-file=\"https:\/\/www.europesays.com\/fr\/wp-content\/uploads\/2025\/10\/EX1A2226.jpg\" class=\"alignnone wp-image-202816 size-full\" src=\"https:\/\/www.europesays.com\/fr\/wp-content\/uploads\/2025\/10\/EX1A2226.jpg\" alt=\"\" width=\"800\" height=\"533\"  \/><\/a> <a href=\"https:\/\/www.europesays.com\/fr\/wp-content\/uploads\/2025\/10\/EX1A2227.jpg\"><img loading=\"lazy\" decoding=\"async\" data-attachment-id=\"202817\" data-permalink=\"https:\/\/linformateurdebourgogne.com\/blanzy-mine-de-lire-mine-dor-a-lencre-des-rencontres\/ex1a2227\/\" data-orig-file=\"https:\/\/www.europesays.com\/fr\/wp-content\/uploads\/2025\/10\/EX1A2227.jpg\" data-orig-size=\"800,533\" data-comments-opened=\"0\" data-image-meta=\"{&quot;aperture&quot;:&quot;0&quot;,&quot;credit&quot;:&quot;&quot;,&quot;camera&quot;:&quot;&quot;,&quot;caption&quot;:&quot;&quot;,&quot;created_timestamp&quot;:&quot;0&quot;,&quot;copyright&quot;:&quot;&quot;,&quot;focal_length&quot;:&quot;0&quot;,&quot;iso&quot;:&quot;0&quot;,&quot;shutter_speed&quot;:&quot;0&quot;,&quot;title&quot;:&quot;&quot;,&quot;orientation&quot;:&quot;0&quot;}\" data-image-title=\"EX1A2227\" data-image-description=\"\" data-image-caption=\"\" data-medium-file=\"https:\/\/linformateurdebourgogne.com\/wp-content\/uploads\/2025\/10\/EX1A2227-300x200.jpg\" data-large-file=\"https:\/\/www.europesays.com\/fr\/wp-content\/uploads\/2025\/10\/EX1A2227.jpg\" class=\"alignnone wp-image-202817 size-full\" src=\"https:\/\/www.europesays.com\/fr\/wp-content\/uploads\/2025\/10\/EX1A2227.jpg\" alt=\"\" width=\"800\" height=\"533\"  \/><\/a> <a href=\"https:\/\/www.europesays.com\/fr\/wp-content\/uploads\/2025\/10\/EX1A2231.jpg\"><img loading=\"lazy\" decoding=\"async\" data-attachment-id=\"202818\" data-permalink=\"https:\/\/linformateurdebourgogne.com\/blanzy-mine-de-lire-mine-dor-a-lencre-des-rencontres\/ex1a2231\/\" data-orig-file=\"https:\/\/www.europesays.com\/fr\/wp-content\/uploads\/2025\/10\/EX1A2231.jpg\" data-orig-size=\"800,533\" data-comments-opened=\"0\" data-image-meta=\"{&quot;aperture&quot;:&quot;0&quot;,&quot;credit&quot;:&quot;&quot;,&quot;camera&quot;:&quot;&quot;,&quot;caption&quot;:&quot;&quot;,&quot;created_timestamp&quot;:&quot;0&quot;,&quot;copyright&quot;:&quot;&quot;,&quot;focal_length&quot;:&quot;0&quot;,&quot;iso&quot;:&quot;0&quot;,&quot;shutter_speed&quot;:&quot;0&quot;,&quot;title&quot;:&quot;&quot;,&quot;orientation&quot;:&quot;0&quot;}\" data-image-title=\"EX1A2231\" data-image-description=\"\" data-image-caption=\"\" data-medium-file=\"https:\/\/linformateurdebourgogne.com\/wp-content\/uploads\/2025\/10\/EX1A2231-300x200.jpg\" data-large-file=\"https:\/\/www.europesays.com\/fr\/wp-content\/uploads\/2025\/10\/EX1A2231.jpg\" class=\"alignnone wp-image-202818 size-full\" src=\"https:\/\/www.europesays.com\/fr\/wp-content\/uploads\/2025\/10\/EX1A2231.jpg\" alt=\"\" width=\"800\" height=\"533\"  \/><\/a> <a href=\"https:\/\/www.europesays.com\/fr\/wp-content\/uploads\/2025\/10\/EX1A2233.jpg\"><img loading=\"lazy\" decoding=\"async\" data-attachment-id=\"202819\" data-permalink=\"https:\/\/linformateurdebourgogne.com\/blanzy-mine-de-lire-mine-dor-a-lencre-des-rencontres\/ex1a2233\/\" data-orig-file=\"https:\/\/www.europesays.com\/fr\/wp-content\/uploads\/2025\/10\/EX1A2233.jpg\" data-orig-size=\"800,533\" data-comments-opened=\"0\" data-image-meta=\"{&quot;aperture&quot;:&quot;0&quot;,&quot;credit&quot;:&quot;&quot;,&quot;camera&quot;:&quot;&quot;,&quot;caption&quot;:&quot;&quot;,&quot;created_timestamp&quot;:&quot;0&quot;,&quot;copyright&quot;:&quot;&quot;,&quot;focal_length&quot;:&quot;0&quot;,&quot;iso&quot;:&quot;0&quot;,&quot;shutter_speed&quot;:&quot;0&quot;,&quot;title&quot;:&quot;&quot;,&quot;orientation&quot;:&quot;0&quot;}\" data-image-title=\"EX1A2233\" data-image-description=\"\" data-image-caption=\"\" data-medium-file=\"https:\/\/linformateurdebourgogne.com\/wp-content\/uploads\/2025\/10\/EX1A2233-300x200.jpg\" data-large-file=\"https:\/\/www.europesays.com\/fr\/wp-content\/uploads\/2025\/10\/EX1A2233.jpg\" class=\"alignnone wp-image-202819 size-full\" src=\"https:\/\/www.europesays.com\/fr\/wp-content\/uploads\/2025\/10\/EX1A2233.jpg\" alt=\"\" width=\"800\" height=\"533\"  \/><\/a> <a href=\"https:\/\/www.europesays.com\/fr\/wp-content\/uploads\/2025\/10\/EX1A2235.jpg\"><img loading=\"lazy\" decoding=\"async\" data-attachment-id=\"202820\" data-permalink=\"https:\/\/linformateurdebourgogne.com\/blanzy-mine-de-lire-mine-dor-a-lencre-des-rencontres\/ex1a2235\/\" data-orig-file=\"https:\/\/www.europesays.com\/fr\/wp-content\/uploads\/2025\/10\/EX1A2235.jpg\" data-orig-size=\"800,533\" data-comments-opened=\"0\" data-image-meta=\"{&quot;aperture&quot;:&quot;0&quot;,&quot;credit&quot;:&quot;&quot;,&quot;camera&quot;:&quot;&quot;,&quot;caption&quot;:&quot;&quot;,&quot;created_timestamp&quot;:&quot;0&quot;,&quot;copyright&quot;:&quot;&quot;,&quot;focal_length&quot;:&quot;0&quot;,&quot;iso&quot;:&quot;0&quot;,&quot;shutter_speed&quot;:&quot;0&quot;,&quot;title&quot;:&quot;&quot;,&quot;orientation&quot;:&quot;0&quot;}\" data-image-title=\"EX1A2235\" data-image-description=\"\" data-image-caption=\"\" data-medium-file=\"https:\/\/linformateurdebourgogne.com\/wp-content\/uploads\/2025\/10\/EX1A2235-300x200.jpg\" data-large-file=\"https:\/\/www.europesays.com\/fr\/wp-content\/uploads\/2025\/10\/EX1A2235.jpg\" class=\"alignnone wp-image-202820 size-full\" src=\"https:\/\/www.europesays.com\/fr\/wp-content\/uploads\/2025\/10\/EX1A2235.jpg\" alt=\"\" width=\"800\" height=\"533\"  \/><\/a> <a href=\"https:\/\/www.europesays.com\/fr\/wp-content\/uploads\/2025\/10\/EX1A2236.jpg\"><img loading=\"lazy\" decoding=\"async\" data-attachment-id=\"202821\" data-permalink=\"https:\/\/linformateurdebourgogne.com\/blanzy-mine-de-lire-mine-dor-a-lencre-des-rencontres\/ex1a2236\/\" data-orig-file=\"https:\/\/www.europesays.com\/fr\/wp-content\/uploads\/2025\/10\/EX1A2236.jpg\" data-orig-size=\"800,533\" data-comments-opened=\"0\" data-image-meta=\"{&quot;aperture&quot;:&quot;0&quot;,&quot;credit&quot;:&quot;&quot;,&quot;camera&quot;:&quot;&quot;,&quot;caption&quot;:&quot;&quot;,&quot;created_timestamp&quot;:&quot;0&quot;,&quot;copyright&quot;:&quot;&quot;,&quot;focal_length&quot;:&quot;0&quot;,&quot;iso&quot;:&quot;0&quot;,&quot;shutter_speed&quot;:&quot;0&quot;,&quot;title&quot;:&quot;&quot;,&quot;orientation&quot;:&quot;0&quot;}\" data-image-title=\"EX1A2236\" data-image-description=\"\" data-image-caption=\"\" data-medium-file=\"https:\/\/linformateurdebourgogne.com\/wp-content\/uploads\/2025\/10\/EX1A2236-300x200.jpg\" data-large-file=\"https:\/\/www.europesays.com\/fr\/wp-content\/uploads\/2025\/10\/EX1A2236.jpg\" class=\"alignnone wp-image-202821 size-full\" src=\"https:\/\/www.europesays.com\/fr\/wp-content\/uploads\/2025\/10\/EX1A2236.jpg\" alt=\"\" width=\"800\" height=\"533\"  \/><\/a> <a href=\"https:\/\/www.europesays.com\/fr\/wp-content\/uploads\/2025\/10\/EX1A2239.jpg\"><img loading=\"lazy\" decoding=\"async\" data-attachment-id=\"202822\" data-permalink=\"https:\/\/linformateurdebourgogne.com\/blanzy-mine-de-lire-mine-dor-a-lencre-des-rencontres\/ex1a2239\/\" data-orig-file=\"https:\/\/www.europesays.com\/fr\/wp-content\/uploads\/2025\/10\/EX1A2239.jpg\" data-orig-size=\"800,533\" data-comments-opened=\"0\" data-image-meta=\"{&quot;aperture&quot;:&quot;0&quot;,&quot;credit&quot;:&quot;&quot;,&quot;camera&quot;:&quot;&quot;,&quot;caption&quot;:&quot;&quot;,&quot;created_timestamp&quot;:&quot;0&quot;,&quot;copyright&quot;:&quot;&quot;,&quot;focal_length&quot;:&quot;0&quot;,&quot;iso&quot;:&quot;0&quot;,&quot;shutter_speed&quot;:&quot;0&quot;,&quot;title&quot;:&quot;&quot;,&quot;orientation&quot;:&quot;0&quot;}\" data-image-title=\"EX1A2239\" data-image-description=\"\" data-image-caption=\"\" data-medium-file=\"https:\/\/linformateurdebourgogne.com\/wp-content\/uploads\/2025\/10\/EX1A2239-300x200.jpg\" data-large-file=\"https:\/\/www.europesays.com\/fr\/wp-content\/uploads\/2025\/10\/EX1A2239.jpg\" class=\"alignnone wp-image-202822 size-full\" src=\"https:\/\/www.europesays.com\/fr\/wp-content\/uploads\/2025\/10\/EX1A2239.jpg\" alt=\"\" width=\"800\" height=\"533\"  \/><\/a> <a href=\"https:\/\/www.europesays.com\/fr\/wp-content\/uploads\/2025\/10\/EX1A2250.jpg\"><img loading=\"lazy\" decoding=\"async\" data-attachment-id=\"202823\" data-permalink=\"https:\/\/linformateurdebourgogne.com\/blanzy-mine-de-lire-mine-dor-a-lencre-des-rencontres\/ex1a2250\/\" data-orig-file=\"https:\/\/www.europesays.com\/fr\/wp-content\/uploads\/2025\/10\/EX1A2250.jpg\" data-orig-size=\"800,533\" data-comments-opened=\"0\" data-image-meta=\"{&quot;aperture&quot;:&quot;0&quot;,&quot;credit&quot;:&quot;&quot;,&quot;camera&quot;:&quot;&quot;,&quot;caption&quot;:&quot;&quot;,&quot;created_timestamp&quot;:&quot;0&quot;,&quot;copyright&quot;:&quot;&quot;,&quot;focal_length&quot;:&quot;0&quot;,&quot;iso&quot;:&quot;0&quot;,&quot;shutter_speed&quot;:&quot;0&quot;,&quot;title&quot;:&quot;&quot;,&quot;orientation&quot;:&quot;0&quot;}\" data-image-title=\"EX1A2250\" data-image-description=\"\" data-image-caption=\"\" data-medium-file=\"https:\/\/linformateurdebourgogne.com\/wp-content\/uploads\/2025\/10\/EX1A2250-300x200.jpg\" data-large-file=\"https:\/\/www.europesays.com\/fr\/wp-content\/uploads\/2025\/10\/EX1A2250.jpg\" class=\"alignnone wp-image-202823 size-full\" src=\"https:\/\/www.europesays.com\/fr\/wp-content\/uploads\/2025\/10\/EX1A2250.jpg\" alt=\"\" width=\"800\" height=\"533\"  \/><\/a> <a href=\"https:\/\/www.europesays.com\/fr\/wp-content\/uploads\/2025\/10\/EX1A2257.jpg\"><img loading=\"lazy\" decoding=\"async\" data-attachment-id=\"202824\" data-permalink=\"https:\/\/linformateurdebourgogne.com\/blanzy-mine-de-lire-mine-dor-a-lencre-des-rencontres\/ex1a2257\/\" data-orig-file=\"https:\/\/www.europesays.com\/fr\/wp-content\/uploads\/2025\/10\/EX1A2257.jpg\" data-orig-size=\"800,533\" data-comments-opened=\"0\" data-image-meta=\"{&quot;aperture&quot;:&quot;0&quot;,&quot;credit&quot;:&quot;&quot;,&quot;camera&quot;:&quot;&quot;,&quot;caption&quot;:&quot;&quot;,&quot;created_timestamp&quot;:&quot;0&quot;,&quot;copyright&quot;:&quot;&quot;,&quot;focal_length&quot;:&quot;0&quot;,&quot;iso&quot;:&quot;0&quot;,&quot;shutter_speed&quot;:&quot;0&quot;,&quot;title&quot;:&quot;&quot;,&quot;orientation&quot;:&quot;0&quot;}\" data-image-title=\"EX1A2257\" data-image-description=\"\" data-image-caption=\"\" data-medium-file=\"https:\/\/linformateurdebourgogne.com\/wp-content\/uploads\/2025\/10\/EX1A2257-300x200.jpg\" data-large-file=\"https:\/\/www.europesays.com\/fr\/wp-content\/uploads\/2025\/10\/EX1A2257.jpg\" class=\"alignnone wp-image-202824 size-full\" src=\"https:\/\/www.europesays.com\/fr\/wp-content\/uploads\/2025\/10\/EX1A2257.jpg\" alt=\"\" width=\"800\" height=\"533\"  \/><\/a> <a href=\"https:\/\/www.europesays.com\/fr\/wp-content\/uploads\/2025\/10\/EX1A2258.jpg\"><img loading=\"lazy\" decoding=\"async\" data-attachment-id=\"202825\" data-permalink=\"https:\/\/linformateurdebourgogne.com\/blanzy-mine-de-lire-mine-dor-a-lencre-des-rencontres\/ex1a2258\/\" data-orig-file=\"https:\/\/www.europesays.com\/fr\/wp-content\/uploads\/2025\/10\/EX1A2258.jpg\" data-orig-size=\"800,533\" data-comments-opened=\"0\" data-image-meta=\"{&quot;aperture&quot;:&quot;0&quot;,&quot;credit&quot;:&quot;&quot;,&quot;camera&quot;:&quot;&quot;,&quot;caption&quot;:&quot;&quot;,&quot;created_timestamp&quot;:&quot;0&quot;,&quot;copyright&quot;:&quot;&quot;,&quot;focal_length&quot;:&quot;0&quot;,&quot;iso&quot;:&quot;0&quot;,&quot;shutter_speed&quot;:&quot;0&quot;,&quot;title&quot;:&quot;&quot;,&quot;orientation&quot;:&quot;0&quot;}\" data-image-title=\"EX1A2258\" data-image-description=\"\" data-image-caption=\"\" data-medium-file=\"https:\/\/linformateurdebourgogne.com\/wp-content\/uploads\/2025\/10\/EX1A2258-300x200.jpg\" data-large-file=\"https:\/\/www.europesays.com\/fr\/wp-content\/uploads\/2025\/10\/EX1A2258.jpg\" class=\"alignnone wp-image-202825 size-full\" src=\"https:\/\/www.europesays.com\/fr\/wp-content\/uploads\/2025\/10\/EX1A2258.jpg\" alt=\"\" width=\"800\" height=\"533\"  \/><\/a> <a href=\"https:\/\/www.europesays.com\/fr\/wp-content\/uploads\/2025\/10\/EX1A2260.jpg\"><img loading=\"lazy\" decoding=\"async\" data-attachment-id=\"202826\" data-permalink=\"https:\/\/linformateurdebourgogne.com\/blanzy-mine-de-lire-mine-dor-a-lencre-des-rencontres\/ex1a2260\/\" data-orig-file=\"https:\/\/www.europesays.com\/fr\/wp-content\/uploads\/2025\/10\/EX1A2260.jpg\" data-orig-size=\"800,533\" data-comments-opened=\"0\" data-image-meta=\"{&quot;aperture&quot;:&quot;0&quot;,&quot;credit&quot;:&quot;&quot;,&quot;camera&quot;:&quot;&quot;,&quot;caption&quot;:&quot;&quot;,&quot;created_timestamp&quot;:&quot;0&quot;,&quot;copyright&quot;:&quot;&quot;,&quot;focal_length&quot;:&quot;0&quot;,&quot;iso&quot;:&quot;0&quot;,&quot;shutter_speed&quot;:&quot;0&quot;,&quot;title&quot;:&quot;&quot;,&quot;orientation&quot;:&quot;0&quot;}\" data-image-title=\"EX1A2260\" data-image-description=\"\" data-image-caption=\"\" data-medium-file=\"https:\/\/linformateurdebourgogne.com\/wp-content\/uploads\/2025\/10\/EX1A2260-300x200.jpg\" data-large-file=\"https:\/\/www.europesays.com\/fr\/wp-content\/uploads\/2025\/10\/EX1A2260.jpg\" class=\"alignnone wp-image-202826 size-full\" src=\"https:\/\/www.europesays.com\/fr\/wp-content\/uploads\/2025\/10\/EX1A2260.jpg\" alt=\"\" width=\"800\" height=\"533\"  \/><\/a> <a href=\"https:\/\/www.europesays.com\/fr\/wp-content\/uploads\/2025\/10\/EX1A2261.jpg\"><img loading=\"lazy\" decoding=\"async\" data-attachment-id=\"202827\" data-permalink=\"https:\/\/linformateurdebourgogne.com\/blanzy-mine-de-lire-mine-dor-a-lencre-des-rencontres\/ex1a2261\/\" data-orig-file=\"https:\/\/www.europesays.com\/fr\/wp-content\/uploads\/2025\/10\/EX1A2261.jpg\" data-orig-size=\"800,533\" data-comments-opened=\"0\" data-image-meta=\"{&quot;aperture&quot;:&quot;0&quot;,&quot;credit&quot;:&quot;&quot;,&quot;camera&quot;:&quot;&quot;,&quot;caption&quot;:&quot;&quot;,&quot;created_timestamp&quot;:&quot;0&quot;,&quot;copyright&quot;:&quot;&quot;,&quot;focal_length&quot;:&quot;0&quot;,&quot;iso&quot;:&quot;0&quot;,&quot;shutter_speed&quot;:&quot;0&quot;,&quot;title&quot;:&quot;&quot;,&quot;orientation&quot;:&quot;0&quot;}\" data-image-title=\"EX1A2261\" data-image-description=\"\" data-image-caption=\"\" data-medium-file=\"https:\/\/linformateurdebourgogne.com\/wp-content\/uploads\/2025\/10\/EX1A2261-300x200.jpg\" data-large-file=\"https:\/\/www.europesays.com\/fr\/wp-content\/uploads\/2025\/10\/EX1A2261.jpg\" class=\"alignnone wp-image-202827 size-full\" src=\"https:\/\/www.europesays.com\/fr\/wp-content\/uploads\/2025\/10\/EX1A2261.jpg\" alt=\"\" width=\"800\" height=\"533\"  \/><\/a> <a href=\"https:\/\/www.europesays.com\/fr\/wp-content\/uploads\/2025\/10\/EX1A2266.jpg\"><img loading=\"lazy\" decoding=\"async\" data-attachment-id=\"202828\" data-permalink=\"https:\/\/linformateurdebourgogne.com\/blanzy-mine-de-lire-mine-dor-a-lencre-des-rencontres\/ex1a2266\/\" data-orig-file=\"https:\/\/www.europesays.com\/fr\/wp-content\/uploads\/2025\/10\/EX1A2266.jpg\" data-orig-size=\"800,533\" data-comments-opened=\"0\" data-image-meta=\"{&quot;aperture&quot;:&quot;0&quot;,&quot;credit&quot;:&quot;&quot;,&quot;camera&quot;:&quot;&quot;,&quot;caption&quot;:&quot;&quot;,&quot;created_timestamp&quot;:&quot;0&quot;,&quot;copyright&quot;:&quot;&quot;,&quot;focal_length&quot;:&quot;0&quot;,&quot;iso&quot;:&quot;0&quot;,&quot;shutter_speed&quot;:&quot;0&quot;,&quot;title&quot;:&quot;&quot;,&quot;orientation&quot;:&quot;0&quot;}\" data-image-title=\"EX1A2266\" data-image-description=\"\" data-image-caption=\"\" data-medium-file=\"https:\/\/linformateurdebourgogne.com\/wp-content\/uploads\/2025\/10\/EX1A2266-300x200.jpg\" data-large-file=\"https:\/\/www.europesays.com\/fr\/wp-content\/uploads\/2025\/10\/EX1A2266.jpg\" class=\"alignnone wp-image-202828 size-full\" src=\"https:\/\/www.europesays.com\/fr\/wp-content\/uploads\/2025\/10\/EX1A2266.jpg\" alt=\"\" width=\"800\" height=\"533\"  \/><\/a><\/p>\n<p data-start=\"1399\" data-end=\"1593\"><a href=\"https:\/\/www.europesays.com\/fr\/wp-content\/uploads\/2025\/10\/20251012_103806.jpg\"><img loading=\"lazy\" decoding=\"async\" data-attachment-id=\"202829\" data-permalink=\"https:\/\/linformateurdebourgogne.com\/blanzy-mine-de-lire-mine-dor-a-lencre-des-rencontres\/20251012_103806\/\" data-orig-file=\"https:\/\/www.europesays.com\/fr\/wp-content\/uploads\/2025\/10\/20251012_103806.jpg\" data-orig-size=\"800,600\" data-comments-opened=\"0\" data-image-meta=\"{&quot;aperture&quot;:&quot;0&quot;,&quot;credit&quot;:&quot;&quot;,&quot;camera&quot;:&quot;&quot;,&quot;caption&quot;:&quot;&quot;,&quot;created_timestamp&quot;:&quot;0&quot;,&quot;copyright&quot;:&quot;&quot;,&quot;focal_length&quot;:&quot;0&quot;,&quot;iso&quot;:&quot;0&quot;,&quot;shutter_speed&quot;:&quot;0&quot;,&quot;title&quot;:&quot;&quot;,&quot;orientation&quot;:&quot;0&quot;}\" data-image-title=\"20251012_103806\" data-image-description=\"\" data-image-caption=\"\" data-medium-file=\"https:\/\/linformateurdebourgogne.com\/wp-content\/uploads\/2025\/10\/20251012_103806-300x225.jpg\" data-large-file=\"https:\/\/www.europesays.com\/fr\/wp-content\/uploads\/2025\/10\/20251012_103806.jpg\" class=\"alignnone wp-image-202829 size-full\" src=\"https:\/\/www.europesays.com\/fr\/wp-content\/uploads\/2025\/10\/20251012_103806.jpg\" alt=\"\" width=\"800\" height=\"600\"  \/><\/a><\/p>\n<p>J\u2019aime \u00e7a\u00a0:<\/p>\n<p>J\u2019aime chargement\u2026<\/p>\n<p><a class=\"sd-link-color\"\/><\/p>\n<p>\n\tArticles similaires\n<\/p>\n<p>\t\t\t\t\t\t <a href=\"https:\/\/linformateurdebourgogne.com\/blanzy-mine-de-lire-mine-dor-a-lencre-des-rencontres\/\" title=\"Lien vers  Blanzy \u2013 Mine de lire, mine d\u2019or, \u00e0 l\u2019encre des rencontres\" rel=\"bookmark nofollow noopener\" target=\"_blank\"> Favori<\/a>.\t\t\t\t\t\t\t\t\t\t\t<\/p>\n","protected":false},"excerpt":{"rendered":"Ils \u00e9taient tous l\u00e0\u2026 Les auteurs, fid\u00e8les ou nouveaux au rendez-vous du salon Mine de Livre de Blanzy.&hellip;\n","protected":false},"author":2,"featured_media":463999,"comment_status":"","ping_status":"","sticky":false,"template":"","format":"standard","meta":{"footnotes":""},"categories":[1357],"tags":[1379,58,59,1011,27,1380],"class_list":{"0":"post-463998","1":"post","2":"type-post","3":"status-publish","4":"format-standard","5":"has-post-thumbnail","7":"category-livres","8":"tag-books","9":"tag-divertissement","10":"tag-entertainment","11":"tag-fr","12":"tag-france","13":"tag-livres"},"share_on_mastodon":{"url":"https:\/\/pubeurope.com\/@fr\/115376244935973534","error":""},"_links":{"self":[{"href":"https:\/\/www.europesays.com\/fr\/wp-json\/wp\/v2\/posts\/463998","targetHints":{"allow":["GET"]}}],"collection":[{"href":"https:\/\/www.europesays.com\/fr\/wp-json\/wp\/v2\/posts"}],"about":[{"href":"https:\/\/www.europesays.com\/fr\/wp-json\/wp\/v2\/types\/post"}],"author":[{"embeddable":true,"href":"https:\/\/www.europesays.com\/fr\/wp-json\/wp\/v2\/users\/2"}],"replies":[{"embeddable":true,"href":"https:\/\/www.europesays.com\/fr\/wp-json\/wp\/v2\/comments?post=463998"}],"version-history":[{"count":0,"href":"https:\/\/www.europesays.com\/fr\/wp-json\/wp\/v2\/posts\/463998\/revisions"}],"wp:featuredmedia":[{"embeddable":true,"href":"https:\/\/www.europesays.com\/fr\/wp-json\/wp\/v2\/media\/463999"}],"wp:attachment":[{"href":"https:\/\/www.europesays.com\/fr\/wp-json\/wp\/v2\/media?parent=463998"}],"wp:term":[{"taxonomy":"category","embeddable":true,"href":"https:\/\/www.europesays.com\/fr\/wp-json\/wp\/v2\/categories?post=463998"},{"taxonomy":"post_tag","embeddable":true,"href":"https:\/\/www.europesays.com\/fr\/wp-json\/wp\/v2\/tags?post=463998"}],"curies":[{"name":"wp","href":"https:\/\/api.w.org\/{rel}","templated":true}]}}