{"id":464024,"date":"2025-10-15T04:28:18","date_gmt":"2025-10-15T04:28:18","guid":{"rendered":"https:\/\/www.europesays.com\/fr\/464024\/"},"modified":"2025-10-15T04:28:18","modified_gmt":"2025-10-15T04:28:18","slug":"lorraine-vladimir-duparc-ce-jeune-nanceien-dans-la-troupe-du-choregraphe-philippe-decoufle","status":"publish","type":"post","link":"https:\/\/www.europesays.com\/fr\/464024\/","title":{"rendered":"Lorraine. Vladimir Duparc, ce jeune Nanc\u00e9ien dans la troupe du chor\u00e9graphe Philippe D\u00e9coufl\u00e9"},"content":{"rendered":"<p>Il est grand. 1m86. Il court vite. Il saute haut. Il tourne facilement. \u00ab\u200aIl a surtout une prestance incroyable. D\u00e9j\u00e0 petit, il prenait toute la lumi\u00e8re\u200a\u00bb, se souvient R\u00e9my Pottier, son ancien professeur de danse au Ballet de Lorraine, aujourd\u2019hui professeur au conservatoire de N\u00eemes. C\u2019est ind\u00e9niablement ce qui a plu, une quinzaine d\u2019ann\u00e9es plus tard, a l&rsquo;un des plus grands chor\u00e9graphes fran\u00e7ais\u200a: Philippe D\u00e9coufl\u00e9.<\/p>\n<p>    &#13;<br \/>\n    &#13;<br \/>\n    &#13;<br \/>\n    <a href=\"https:\/\/cdn-s-www.estrepublicain.fr\/images\/e0f36933-f5f5-45dc-9391-d4a5efcaf0c6\/NW_raw\/le-nanceien-vladimir-duparc-dans-la-piece-stereo-du-choregraphe-philippe-decoufle-photo-paul-bourdrel-1759311324.jpg\" title=\"Le Nanc\u00e9ien Vladimir Duparc dans\u00a0 la pi\u00e8ce \u00ab\u200aSt\u00e9r\u00e9o\u200a\u00bb du chor\u00e9graphe Philippe D\u00e9coufl\u00e9. Photo Paul Bourdrel\" class=\"chocolat-image GA-tracking\" data-ga_type=\"click\" data-ga_category=\"D\u00e9tail\" data-ga_action=\"zoomer\" data-ga_label=\"aggrandir image\" target=\"_blank\" rel=\"noopener\">&#13;<br \/>\n        <img src=\"https:\/\/www.europesays.com\/fr\/wp-content\/uploads\/2025\/10\/le-nanceien-vladimir-duparc-dans-la-piece-stereo-du-choregraphe-philippe-decoufle-photo-paul-bourdre.jpeg\"   alt=\"Le Nanc\u00e9ien Vladimir Duparc dans\u00a0 la pi\u00e8ce \u00ab\u200aSt\u00e9r\u00e9o\u200a\u00bb du chor\u00e9graphe Philippe D\u00e9coufl\u00e9. Photo Paul Bourdrel\" fetchpriority=\"high\" decoding=\"async\" data-mobile=\"NW_listA_M|1759311324\" data-base=\"NW_listA|1759311324\"\/>&#13;<br \/>\n    <\/a>&#13;<\/p>\n<p>Le Nanc\u00e9ien Vladimir Duparc dans\u00a0 la pi\u00e8ce \u00ab\u200aSt\u00e9r\u00e9o\u200a\u00bb du chor\u00e9graphe Philippe D\u00e9coufl\u00e9. Photo Paul Bourdrel<\/p>\n<p>Pourtant, le jeune Nanc\u00e9ien Vladimir Duparc, qui auditionnait alors pour entrer dans sa compagnie, n\u2019avait pas \u00e9t\u00e9 tout \u00e0 fait au bout des demandes de <a href=\"https:\/\/www.estrepublicain.fr\/sport\/2024\/07\/26\/ceremonie-d-ouverture-l-oeil-de-l-architecte-du-spectacle-des-jeux-d-albertville\" target=\"_blank\" rel=\"noopener\">l\u2019homme connu<\/a>, entre autres, pour la mise en sc\u00e8ne des c\u00e9r\u00e9monies d\u2019ouverture et de cl\u00f4ture des <a href=\"https:\/\/www.estrepublicain.fr\/culture-loisirs\/2025\/01\/09\/maud-le-pladec-la-directrice-de-la-danse-des-ceremonies-des-jo-de-paris-arrive-a-nancy\" target=\"_blank\" rel=\"noopener\">Jeux olympiques<\/a> d\u2019Albertville en 1992.<\/p>\n<p>Au culot<\/p>\n<p>Apr\u00e8s quatre jours d\u2019audition tr\u00e8s intenses, et alors qu\u2019ils n\u2019\u00e9taient plus que deux en \u00ab\u200acomp\u00e9tition\u200a\u00bb sur la centaine de danseurs hommes, Vladimir Duparc, qui a construit et nourri sa danse <a href=\"https:\/\/www.estrepublicain.fr\/culture-loisirs\/2024\/12\/07\/lucie-devignes-de-nancy-au-ballet-de-l-opera-national-de-paris\" target=\"_blank\" rel=\"noopener\">\u00e0 Nancy, au Conservatoire<\/a>, refuse un cinqui\u00e8me jour d\u2019audition. Sans acrimonie. Sans amertume. La pression est forte. La fatigue est l\u00e0. Dans ses jambes\u200a: les restes d\u2019une \u00e9norme tourn\u00e9e avec un autre monument de la chor\u00e9graphie, Claude Brumachon, et une de ses pi\u00e8ces embl\u00e9matique \u00ab\u200aFolie\u200a\u00bb.<\/p>\n<p>    &#13;<br \/>\n    &#13;<br \/>\n    &#13;<br \/>\n    <a href=\"https:\/\/cdn-s-www.estrepublicain.fr\/images\/ea100e5c-98c9-4fc0-9901-17a363e0419e\/NW_raw\/photo-dr-1759311324.jpg\" title=\"Photo DR\" class=\"chocolat-image GA-tracking\" data-ga_type=\"click\" data-ga_category=\"D\u00e9tail\" data-ga_action=\"zoomer\" data-ga_label=\"aggrandir image\" target=\"_blank\" rel=\"noopener\">&#13;<br \/>\n        <img src=\"https:\/\/www.europesays.com\/fr\/wp-content\/uploads\/2025\/10\/photo-dr-1759311324.jpg\"   alt=\"Photo DR\" fetchpriority=\"high\" decoding=\"async\" data-mobile=\"NW_listA_M|1759311324\" data-base=\"NW_listA|1759311324\"\/>&#13;<br \/>\n    <\/a>&#13;<\/p>\n<p>Photo DR<\/p>\n<p>Dans son esprit\u200a : la nouvelle tourn\u00e9e avec la compagnie toulousaine Samuel Mathieu qu\u2019il doit entamer la semaine suivante. \u00ab\u200aJ\u2019y avais \u00e9t\u00e9 un peu au culot\u200a\u00bb, reconna\u00eet le\u00a0danseur qui sortait depuis peu du Conservatoire Sup\u00e9rieur de Musique et de Danse de Lyon &#8211; une r\u00e9f\u00e9rence pour tout danseur classique et\/ou contemporain &#8211; avec sa formation, certes tr\u00e8s solide, mais une exp\u00e9rience de la sc\u00e8ne modeste.<\/p>\n<p>    &#13;<br \/>\n    &#13;<br \/>\n    &#13;<br \/>\n    <a href=\"https:\/\/cdn-s-www.estrepublicain.fr\/images\/9d3e5a06-d918-42b2-98b2-766dd3224b9e\/NW_raw\/photo-dr-1759311324.jpg\" title=\"Photo DR\" class=\"chocolat-image GA-tracking\" data-ga_type=\"click\" data-ga_category=\"D\u00e9tail\" data-ga_action=\"zoomer\" data-ga_label=\"aggrandir image\" target=\"_blank\" rel=\"noopener\">&#13;<br \/>\n        <img src=\"https:\/\/www.europesays.com\/fr\/wp-content\/uploads\/2025\/10\/1760502496_351_photo-dr-1759311324.jpg\"   alt=\"Photo DR\" fetchpriority=\"high\" decoding=\"async\" data-mobile=\"NW_listA_M|1759311324\" data-base=\"NW_listA|1759311324\"\/>&#13;<br \/>\n    <\/a>&#13;<\/p>\n<p>Photo DR<\/p>\n<p>\u00ab\u200aD\u00e9coufl\u00e9 recherchait un profil de danseur-acrobate-chanteur. Je ne pouvais pas ex\u00e9cuter de figure. J\u2019avais le pouce cass\u00e9. Et quand on m\u2019a demand\u00e9 de chanter, j\u2019ai improvis\u00e9. Moi je ne sais pas chanter\u200a! Mais ce que je savais c\u2019est que Philippe voulait voir de la performance. J\u2019ai tout l\u00e2ch\u00e9. Je me suis donn\u00e9 \u00e0 200\u00a0% et lanc\u00e9 dans un monologue o\u00f9 j\u2019\u00e9tais physiquement tr\u00e8s engag\u00e9.\u200a\u00bb<\/p>\n<p>                                            <img class=\"placeholder-svg\" loading=\"lazy\" decoding=\"async\" src=\"https:\/\/cdn-files.prsmedia.fr\/files\/REDAC\/images\/svg\/placeholders\/youtube.svg\" alt=\"Youtube PlaceHolder\"\/>               <\/p>\n<p>Ce contenu est bloqu\u00e9 car vous n&rsquo;avez pas accept\u00e9 les cookies et autres traceurs.<\/p>\n<p>En cliquant sur \u00ab J\u2019accepte \u00bb, les cookies et autres traceurs seront d\u00e9pos\u00e9s et vous pourrez visualiser les contenus  (<a href=\"\" class=\"consentModule_policy\" target=\"_blank\" title=\"Consulter la politique de protection des donn\u00e9es du fournisseur\">plus d&rsquo;informations<\/a>).<\/p>\n<p>En cliquant sur \u00ab J\u2019accepte tous les cookies \u00bb, vous autorisez des d\u00e9p\u00f4ts de cookies et autres traceurs pour le stockage de vos donn\u00e9es sur nos sites et applications \u00e0 des fins de personnalisation et de ciblage publicitaire.<\/p>\n<p class=\"consentModule_secondaryText\">Vous gardez la possibilit\u00e9 de retirer votre consentement \u00e0 tout moment en consultant notre <a href=\"https:\/\/www.estrepublicain.fr\/protection-des-donnees\" target=\"_blank\" title=\"Consulter notre politique de protection des donn\u00e9es\" rel=\"noopener\">politique de protection des donn\u00e9es<\/a>. <br \/>&#13;<br \/>\n            <a href=\"https:\/\/www.estrepublicain.fr\/culture-loisirs\/2025\/10\/15\/javascript:Didomi.notice.show()\" class=\"consentModule_cmp\" target=\"_blank\" rel=\"noopener\">G\u00e9rer mes choix<\/a>&#13;\n        <\/p>\n<p>&#13;<br \/>\n                        J&rsquo;accepte&#13;<br \/>\n            J&rsquo;accepte tous les cookies&#13;\n        <\/p>\n<p>  \u00ab\u200aJ\u2019aimais tellement \u00e7a\u200a\u00bb<\/p>\n<p>Une semaine plus tard, coup de t\u00e9l\u00e9phone. Vladimir, qui a tap\u00e9 dans l\u2019\u0153il de <a href=\"https:\/\/www.estrepublicain.fr\/culture-loisirs\/2022\/09\/24\/decoufle-en-stereo-je-voulais-quelque-chose-d-explosif\" target=\"_blank\" rel=\"noopener\">Philippe D\u00e9coufl\u00e9<\/a>, est engag\u00e9 dans sa compagnie pour sa nouvelle pi\u00e8ce \u00ab\u200aSt\u00e9r\u00e9o\u200a\u00bb. \u00c0 21 ans, il est alors le danseur le plus jeune de la troupe.<\/p>\n<p class=\"txt\">J\u2019\u00e9tais baign\u00e9 dedans et j\u2019aimais tellement \u00e7a\u200a!<\/p>\n<p class=\"nom\">Vladimir Duparc<\/p>\n<p>\u00ab\u200aPas \u00e9tonnant\u200a\u00bb, confie R\u00e9my Pottier, son premier professeur \u00e0 Nancy. \u00ab\u200aC\u2019est un danseur merveilleux, un petit bijou. On sent tout de suite que ce sont des gamins qui iront loin.\u200a\u00bb Au-del\u00e0 de ses qualit\u00e9s physiques impressionnantes, \u00ab\u200ail \u00e9tait aussi tr\u00e8s r\u00e9ceptif, \u00e0 l\u2019\u00e9coute et tr\u00e8s \u00e9nergique\u200a\u00bb, d\u00e9taille le professeur et ancien danseur du Ballet de Lorraine. \u00ab\u200aJ\u2019\u00e9tais baign\u00e9 dedans et j\u2019aimais tellement \u00e7a\u200a!\u200a\u00bb, se souvient Vladimir. En effet, avec <a href=\"https:\/\/www.estrepublicain.fr\/culture-loisirs\/2023\/02\/21\/un-atelier-choregraphique-de-style-neoclassique-avec-une-danseuse-emerite\" target=\"_blank\" rel=\"noopener\">une maman, ex-petit rat de l\u2019Op\u00e9ra de Paris<\/a> puis danseuse au <a href=\"https:\/\/www.estrepublicain.fr\/culture-loisirs\/2024\/11\/17\/petter-jacobsson-je-mesure-la-chance-d-avoir-pu-travailler-au-ballet-de-lorraine\" target=\"_blank\" rel=\"noopener\">Ballet de Lorraine<\/a>, le terrain est plus que favorable.<\/p>\n<p>    &#13;<br \/>\n    &#13;<br \/>\n    &#13;<br \/>\n    <a href=\"https:\/\/cdn-s-www.estrepublicain.fr\/images\/fe61ad2f-f0c8-484d-a47f-9c6e1110d956\/NW_raw\/c-est-le-hip-hop-qui-m-a-fait-aimer-la-danse-contemporaine-confie-vladimir-duparc-photo-julie-cherki-1759311324.jpg\" title=\"\u00ab\u200aC\u2019est le hip-hop qui m\u2019a fait aimer la danse contemporaine\u200a\u00bb, confie Vladimir Duparc. Photo Julie Cherki\" class=\"chocolat-image GA-tracking\" data-ga_type=\"click\" data-ga_category=\"D\u00e9tail\" data-ga_action=\"zoomer\" data-ga_label=\"aggrandir image\" target=\"_blank\" rel=\"noopener\">&#13;<br \/>\n        <img src=\"https:\/\/www.europesays.com\/fr\/wp-content\/uploads\/2025\/10\/c-est-le-hip-hop-qui-m-a-fait-aimer-la-danse-contemporaine-confie-vladimir-duparc-photo-julie-cherki.jpeg\"   alt=\"\u00ab\u200aC\u2019est le hip-hop qui m\u2019a fait aimer la danse contemporaine\u200a\u00bb, confie Vladimir Duparc. Photo Julie Cherki\" fetchpriority=\"high\" decoding=\"async\" data-mobile=\"NW_listA_M|1759311324\" data-base=\"NW_listA|1759311324\"\/>&#13;<br \/>\n    <\/a>&#13;<\/p>\n<p>\u00ab\u200aC\u2019est le hip-hop qui m\u2019a fait aimer la danse contemporaine\u200a\u00bb, confie Vladimir Duparc. Photo Julie Cherki<\/p>\n<p>Pour autant, Vladimir fait ses choix. Judo, foot, skateboard (son papa est skateur)\u2026 Il s\u2019essaye \u00e0 plein de disciplines. Il entre au Conservatoire de Nancy pour y \u00e9tudier la batterie. Mais rien ne lui pla\u00eet plus que la <a href=\"https:\/\/www.estrepublicain.fr\/culture-loisirs\/2025\/01\/16\/a-new-york-la-mosellane-nadege-hottier-forme-les-danseurs-du-monde-entier\" target=\"_blank\" rel=\"noopener\">danse<\/a>. Classique \u00e0 l\u2019\u00e9poque \u00ab\u200acar l\u2019univers de la danse contemporaine, je n\u2019y comprenais rien\u200a\u00bb.<\/p>\n<p>Jamais rassasi\u00e9, hyperactif, il encha\u00eene les cours. Il appr\u00e9cie n\u00e9anmoins le cadre qu\u2019offre la stricte discipline de la danse et son c\u00f4t\u00e9 codifi\u00e9. \u00ab\u200aSportivement, c\u2019\u00e9tait aussi tr\u00e8s challengeant\u200a! \u00c7a tourne, \u00e7a saute dans tous les sens.\u200a\u00bb Il saisit les possibilit\u00e9s infinies qu\u2019offre la danse. \u00ab\u200aComme dans le skate, il y a des mouvements qui ont d\u00e9j\u00e0 \u00e9t\u00e9 faits mille fois. Mais c\u2019est la fa\u00e7on de les interpr\u00e9ter qui va tout changer\u200a\u00bb, analyse-t-il.<\/p>\n<p>                                            <img class=\"placeholder-svg\" loading=\"lazy\" decoding=\"async\" src=\"https:\/\/cdn-files.prsmedia.fr\/files\/REDAC\/images\/svg\/placeholders\/youtube.svg\" alt=\"Youtube PlaceHolder\"\/>               <\/p>\n<p>Ce contenu est bloqu\u00e9 car vous n&rsquo;avez pas accept\u00e9 les cookies et autres traceurs.<\/p>\n<p>En cliquant sur \u00ab J\u2019accepte \u00bb, les cookies et autres traceurs seront d\u00e9pos\u00e9s et vous pourrez visualiser les contenus  (<a href=\"\" class=\"consentModule_policy\" target=\"_blank\" title=\"Consulter la politique de protection des donn\u00e9es du fournisseur\">plus d&rsquo;informations<\/a>).<\/p>\n<p>En cliquant sur \u00ab J\u2019accepte tous les cookies \u00bb, vous autorisez des d\u00e9p\u00f4ts de cookies et autres traceurs pour le stockage de vos donn\u00e9es sur nos sites et applications \u00e0 des fins de personnalisation et de ciblage publicitaire.<\/p>\n<p class=\"consentModule_secondaryText\">Vous gardez la possibilit\u00e9 de retirer votre consentement \u00e0 tout moment en consultant notre <a href=\"https:\/\/www.estrepublicain.fr\/protection-des-donnees\" target=\"_blank\" title=\"Consulter notre politique de protection des donn\u00e9es\" rel=\"noopener\">politique de protection des donn\u00e9es<\/a>. <br \/>&#13;<br \/>\n            <a href=\"https:\/\/www.estrepublicain.fr\/culture-loisirs\/2025\/10\/15\/javascript:Didomi.notice.show()\" class=\"consentModule_cmp\" target=\"_blank\" rel=\"noopener\">G\u00e9rer mes choix<\/a>&#13;\n        <\/p>\n<p>&#13;<br \/>\n                        J&rsquo;accepte&#13;<br \/>\n            J&rsquo;accepte tous les cookies&#13;\n        <\/p>\n<p>  \u00ab\u200aLe hip-hop m\u2019a fait aimer la danse contemporaine\u200a\u00bb<\/p>\n<p>Gr\u00e2ce aux cours de hip-hop qu\u2019il d\u00e9couvre \u00e0 l\u2019\u00e2ge de 13 ans avec Julien Le Thoai \u00e0 la MJC Lillebonne \u00e0 Nancy, il s\u2019initie au travail au sol. Il prend alors conscience d\u2019une autre forme de mouvement et s\u2019approprie enfin la danse contemporaine. \u00ab\u200aC\u2019est le hip-hop qui m\u2019a fait aimer la danse contemporaine.\u200a\u00bb<\/p>\n<p>    &#13;<br \/>\n    &#13;<br \/>\n    &#13;<br \/>\n    <a href=\"https:\/\/cdn-s-www.estrepublicain.fr\/images\/d3ffd17f-661e-4120-ba39-755623efd974\/NW_raw\/photo-dr-1759311324.jpg\" title=\"Photo DR\" class=\"chocolat-image GA-tracking\" data-ga_type=\"click\" data-ga_category=\"D\u00e9tail\" data-ga_action=\"zoomer\" data-ga_label=\"aggrandir image\" target=\"_blank\" rel=\"noopener\">&#13;<br \/>\n        <img src=\"https:\/\/www.europesays.com\/fr\/wp-content\/uploads\/2025\/10\/1760502498_241_photo-dr-1759311324.jpg\"   alt=\"Photo DR\" fetchpriority=\"high\" decoding=\"async\" data-mobile=\"NW_listA_M|1759311324\" data-base=\"NW_listA|1759311324\"\/>&#13;<br \/>\n    <\/a>&#13;<\/p>\n<p>Photo DR<\/p>\n<p>Pouss\u00e9 par Emanuela Ciavarella, une de ses professeurs au <a href=\"https:\/\/www.estrepublicain.fr\/culture-loisirs\/2025\/02\/11\/timothee-mahut-un-lorrain-chez-thierry-malandain-a-biarritz\" target=\"_blank\" rel=\"noopener\">conservatoire de Nancy<\/a>, il se pr\u00e9sente aux concours d\u2019entr\u00e9e du Conservatoire Sup\u00e9rieur de Musique et de Danse de Paris et de Lyon. Sur les 400 candidats, il fera partie des 12 retenus \u00e0 Lyon.<\/p>\n<p>\u00c0 Paris, deux semaines avant, on lui fait comprendre \u00ab\u200aqu\u2019il ne sera jamais danseur\u200a\u00bb. Sa brillante et \u00e9lectrisante entr\u00e9e dans le monde professionnel aux c\u00f4t\u00e9s des plus grands de la danse contemporaine fran\u00e7aise prouve tout le contraire.<\/p>\n","protected":false},"excerpt":{"rendered":"Il est grand. 1m86. Il court vite. Il saute haut. Il tourne facilement. \u00ab\u200aIl a surtout une prestance&hellip;\n","protected":false},"author":2,"featured_media":464025,"comment_status":"","ping_status":"","sticky":false,"template":"","format":"standard","meta":{"footnotes":""},"categories":[9635],"tags":[1111,11,1687,1704,1777,674,107,1011,27,775,3457,1702,12,3456,25,3140],"class_list":{"0":"post-464024","1":"post","2":"type-post","3":"status-publish","4":"format-standard","5":"has-post-thumbnail","7":"category-nancy","8":"tag-actu","9":"tag-actualites","10":"tag-culture-loisirs","11":"tag-edition-nancy-et-agglomeration","12":"tag-eu","13":"tag-europe","14":"tag-fil-info","15":"tag-fr","16":"tag-france","17":"tag-grand-est","18":"tag-meurthe-et-moselle","19":"tag-nancy","20":"tag-news","21":"tag-region-lorraine","22":"tag-republique-francaise","23":"tag-spectacle"},"share_on_mastodon":{"url":"https:\/\/pubeurope.com\/@fr\/115376300180819574","error":""},"_links":{"self":[{"href":"https:\/\/www.europesays.com\/fr\/wp-json\/wp\/v2\/posts\/464024","targetHints":{"allow":["GET"]}}],"collection":[{"href":"https:\/\/www.europesays.com\/fr\/wp-json\/wp\/v2\/posts"}],"about":[{"href":"https:\/\/www.europesays.com\/fr\/wp-json\/wp\/v2\/types\/post"}],"author":[{"embeddable":true,"href":"https:\/\/www.europesays.com\/fr\/wp-json\/wp\/v2\/users\/2"}],"replies":[{"embeddable":true,"href":"https:\/\/www.europesays.com\/fr\/wp-json\/wp\/v2\/comments?post=464024"}],"version-history":[{"count":0,"href":"https:\/\/www.europesays.com\/fr\/wp-json\/wp\/v2\/posts\/464024\/revisions"}],"wp:featuredmedia":[{"embeddable":true,"href":"https:\/\/www.europesays.com\/fr\/wp-json\/wp\/v2\/media\/464025"}],"wp:attachment":[{"href":"https:\/\/www.europesays.com\/fr\/wp-json\/wp\/v2\/media?parent=464024"}],"wp:term":[{"taxonomy":"category","embeddable":true,"href":"https:\/\/www.europesays.com\/fr\/wp-json\/wp\/v2\/categories?post=464024"},{"taxonomy":"post_tag","embeddable":true,"href":"https:\/\/www.europesays.com\/fr\/wp-json\/wp\/v2\/tags?post=464024"}],"curies":[{"name":"wp","href":"https:\/\/api.w.org\/{rel}","templated":true}]}}