{"id":464026,"date":"2025-10-15T04:29:19","date_gmt":"2025-10-15T04:29:19","guid":{"rendered":"https:\/\/www.europesays.com\/fr\/464026\/"},"modified":"2025-10-15T04:29:19","modified_gmt":"2025-10-15T04:29:19","slug":"au-menu-du-festival-ce-mercredi","status":"publish","type":"post","link":"https:\/\/www.europesays.com\/fr\/464026\/","title":{"rendered":"au menu du festival ce mercredi"},"content":{"rendered":"<p>Elle \u00e9tait jusqu\u2019ici rest\u00e9e assez centr\u00e9e sur le jazz, la programmation des Nancy jazz Pulsations s\u2019affiche plus h\u00e9t\u00e9roclite ce mercredi soir avec au total treize artistes invit\u00e9s \u00e0 fouler les sc\u00e8nes de quatre salles.<\/p>\n<p>  Bal rap au chapiteau<\/p>\n<p>Un plateau \u00e0 quatre artistes attend les fans de rap sous le chapiteau de la P\u00e9pini\u00e8re. Rappeuse du sud de la France berc\u00e9e par les sons du rap d\u00e9sormais qualifi\u00e9 d\u2019old school d\u2019IAM, inspir\u00e9e par la m\u00e9lancolie de PNL, <strong>Asinine<\/strong> (un mot d\u2019argot qui signifie stupide) va ouvrir ce bal rap d\u00e8s 20\u00a0h avec ses flows autotun\u00e9s et ses productions satur\u00e9es. Suivra <strong>Jungle Jack<\/strong> anciennement Jack Furaxx qui acc\u00e9l\u00e9rera encore le d\u00e9bit au micro. Les instrumentations vont gagner en richesse et vari\u00e9t\u00e9s de style avec le magn\u00e9tique <strong>Mairo<\/strong>.<\/p>\n<p>L\u2019artiste suisse qui aime faire chanter les MC fran\u00e7ais <a href=\"https:\/\/www.estrepublicain.fr\/culture-loisirs\/2025\/10\/10\/oxmo-puccino-les-artistes-sont-des-recepteurs-d-emotions\" target=\"_blank\" rel=\"noopener\">comme Oxmo Puccino<\/a> ira chercher loin dans les origines du genre pour rendre hommage \u00e0 ses racines d\u2019Afrique de l\u2019Est. Et pour le final, le rap devrait se faire plus bondissant et percutant avec <strong>Jolagreen23<\/strong>.<\/p>\n<p>  Metal en fusion \u00e0 L\u2019Autre Canal<\/p>\n<p>L\u2019esprit rock du festival s\u2019est r\u00e9veill\u00e9 ce mardi d\u00e9j\u00e0 avec Kas Product et NCY milky band au Magic. Il se d\u00e9place pour prendre une dimension exp\u00e9rimentale ce soir \u00e0 L\u2019Autre Canal. Il sera livr\u00e9 d\u2019abord dans une esth\u00e9tique baroque et th\u00e9\u00e2trale avec ce pilier de l\u2019avant-garde du black metal new-yorkais qu\u2019est <strong>Imperial Triumphant<\/strong>. Le projet <strong>Master boot record<\/strong> de Victor Love donnera au rock des accents \u00e9lectro synth\u00e9tiques. Enfin <strong>Igorrr <\/strong> (oui, il y a bien trois\u2019\u2019r\u2019\u2019 \u00e0 Igorrr) surprendra avec son projet musical hybride m\u00ealant m\u00e9tal, musique classique, \u00e9lectro et influences balkaniques. La performance est annonc\u00e9e \u00e0 la fois brute et \u00e9mouvante.<\/p>\n<p> Recital jazz \u00e0 l\u2019Op\u00e9ra et \u00e0 la Manufacture <\/p>\n<p>Toutes les places sont prises pour entendre la voix charismatique de la l\u00e9gende vivante du jazz <strong>Dee Dee Bridgewater<\/strong> \u00e0 l\u2019Op\u00e9ra. Mais pour \u00e9couter en live des standards du jazz \u00e0 l\u2019\u00e9tat pur, des places sont toujours disponibles pour le concert piano-voix de <strong>Third Stream<\/strong> , duo compos\u00e9 de Val\u00e9rie Graschaire au chant et Pierre Brouant au clavier. Soyez pr\u00e9venus, avec le quartet d\u2019 <strong>Emile Parisien<\/strong> programm\u00e9 ensuite, le jazz se teintera de rythmes \u00e9lectros et parfois \u00ab\u00a0d\u2019ironie\u00a0\u00bb, ce qui laisse curieux sur la fa\u00e7on dont cette forme d\u2019humour se traduit en musique.<\/p>\n<p>  Grand mix au Magic<\/p>\n<p><strong>Michel Platiniste<\/strong> aura l\u2019honneur d\u2019inaugurer la derni\u00e8re partie de soir\u00e9e dans <a href=\"https:\/\/www.estrepublicain.fr\/culture-loisirs\/2025\/10\/10\/au-chapiteau-ca-balance-pas-mal-pendant-les-visites-scolaires-aussi\" target=\"_blank\" rel=\"noopener\">\u00ab\u00a0la salle qui ne dort jamais\u00a0\u00bb<\/a> qu\u2019il pr\u00e9voit de plonger dans une nostalgie joyeuse des hits de la fin des ann\u00e9es 90. Comme sur leur EP Music 4 Tesla, <strong>Kaba &amp; Hyas<\/strong> fusionneront house, juke, UK garage et bass music. Les anonymes <strong>Mac &amp; Wester<\/strong> fermeront le bal avec un set d\u00e9jant\u00e9 sans complexe.<\/p>\n","protected":false},"excerpt":{"rendered":"Elle \u00e9tait jusqu\u2019ici rest\u00e9e assez centr\u00e9e sur le jazz, la programmation des Nancy jazz Pulsations s\u2019affiche plus h\u00e9t\u00e9roclite&hellip;\n","protected":false},"author":2,"featured_media":464027,"comment_status":"","ping_status":"","sticky":false,"template":"","format":"standard","meta":{"footnotes":""},"categories":[9635],"tags":[1111,11,1687,1704,1777,674,1011,27,775,873,1702,21112,1703,12,3456,25],"class_list":{"0":"post-464026","1":"post","2":"type-post","3":"status-publish","4":"format-standard","5":"has-post-thumbnail","7":"category-nancy","8":"tag-actu","9":"tag-actualites","10":"tag-culture-loisirs","11":"tag-edition-nancy-et-agglomeration","12":"tag-eu","13":"tag-europe","14":"tag-fr","15":"tag-france","16":"tag-grand-est","17":"tag-musique","18":"tag-nancy","19":"tag-nancy-jazz-pulsations","20":"tag-nancy-ville-54b","21":"tag-news","22":"tag-region-lorraine","23":"tag-republique-francaise"},"share_on_mastodon":{"url":"https:\/\/pubeurope.com\/@fr\/115376302555698707","error":""},"_links":{"self":[{"href":"https:\/\/www.europesays.com\/fr\/wp-json\/wp\/v2\/posts\/464026","targetHints":{"allow":["GET"]}}],"collection":[{"href":"https:\/\/www.europesays.com\/fr\/wp-json\/wp\/v2\/posts"}],"about":[{"href":"https:\/\/www.europesays.com\/fr\/wp-json\/wp\/v2\/types\/post"}],"author":[{"embeddable":true,"href":"https:\/\/www.europesays.com\/fr\/wp-json\/wp\/v2\/users\/2"}],"replies":[{"embeddable":true,"href":"https:\/\/www.europesays.com\/fr\/wp-json\/wp\/v2\/comments?post=464026"}],"version-history":[{"count":0,"href":"https:\/\/www.europesays.com\/fr\/wp-json\/wp\/v2\/posts\/464026\/revisions"}],"wp:featuredmedia":[{"embeddable":true,"href":"https:\/\/www.europesays.com\/fr\/wp-json\/wp\/v2\/media\/464027"}],"wp:attachment":[{"href":"https:\/\/www.europesays.com\/fr\/wp-json\/wp\/v2\/media?parent=464026"}],"wp:term":[{"taxonomy":"category","embeddable":true,"href":"https:\/\/www.europesays.com\/fr\/wp-json\/wp\/v2\/categories?post=464026"},{"taxonomy":"post_tag","embeddable":true,"href":"https:\/\/www.europesays.com\/fr\/wp-json\/wp\/v2\/tags?post=464026"}],"curies":[{"name":"wp","href":"https:\/\/api.w.org\/{rel}","templated":true}]}}