{"id":464051,"date":"2025-10-15T04:43:12","date_gmt":"2025-10-15T04:43:12","guid":{"rendered":"https:\/\/www.europesays.com\/fr\/464051\/"},"modified":"2025-10-15T04:43:12","modified_gmt":"2025-10-15T04:43:12","slug":"nice-une-partie-de-ce-quartier-chic-va-etre-reamenagee-des-novembre-voici-ce-qui-est-prevu","status":"publish","type":"post","link":"https:\/\/www.europesays.com\/fr\/464051\/","title":{"rendered":"Nice. Une partie de ce quartier chic va \u00eatre r\u00e9am\u00e9nag\u00e9e d\u00e8s novembre, voici ce qui est pr\u00e9vu"},"content":{"rendered":"<p>            Par<br \/>\n        <strong><br \/>\n            <a href=\"https:\/\/actu.fr\/auteur\/arthur-frand\" title=\"Consulter tous les articles de Arthur Frand\" rel=\"nofollow noopener\" target=\"_blank\">Arthur Frand<\/a><br \/>\n        <\/strong><\/p>\n<p>        Publi\u00e9 le<\/p>\n<p>            15 oct. 2025 \u00e0 6h36        <\/p>\n<p>Un r\u00e9am\u00e9nagement de plus \u00e0 Nice (<a href=\"https:\/\/actu.fr\/provence-alpes-cote-d-azur\/alpes-maritimes_06\" rel=\"nofollow noopener\" target=\"_blank\">Alpes-Maritimes<\/a>). La perspective des \u00e9lections municipales en mars\u00a02026 fait-elle acc\u00e9l\u00e9rer les chantiers\u2009? C\u2019est une possibilit\u00e9. Alors qu\u2019elle pr\u00e9voit une v\u00e9ritable m\u00e9tamorphose de l\u2019avenue Notre-Dame dans les prochains mois comme \u00e9voqu\u00e9 sur <a href=\"https:\/\/actu.fr\/nice\/\" rel=\"nofollow noopener\" target=\"_blank\">actu Nice<\/a>, la mairie de Nice souhaite r\u00e9am\u00e9nager <strong>une partie d\u2019un quartier chic de Nice<\/strong>, le Carr\u00e9 d\u2019Or et plus pr\u00e9cis\u00e9ment l\u2019avenue de Su\u00e8de. C\u2019est ce qu\u2019a annonc\u00e9 le maire de Nice, Christian Estrosi le 8\u00a0octobre dernier. Les travaux doivent commencer <strong>en novembre<\/strong>. Voici ce qui est pr\u00e9vu.<\/p>\n<p>La continuit\u00e9 de la requalification du jardin d\u2019Arm\u00e9nie<\/p>\n<p class=\" wall-content\">\u00c0 l\u2019occasion de l\u2019inauguration de l\u2019h\u00f4tel Ambassador, mercredi 8\u00a0octobre 2025, le maire de Nice a annonc\u00e9 le r\u00e9am\u00e9nagement de l\u2019avenue de Su\u00e8de, pour la portion comprise entre l\u2019h\u00f4tel et la rue Mass\u00e9na. Environ une centaine de m\u00e8tres. Elle est situ\u00e9e dans le Carr\u00e9 d\u2019or qui s\u2019\u00e9tend \u00e0 l\u2019ouest de la place Mass\u00e9na, entre l\u2019avenue de Verdun et le boulevard Victor Hugo et se prolonge avec le quartier des musiciens. Un secteur <strong>touristique et r\u00e9sidentiel<\/strong> \u00e0 fort cachet.<\/p>\n<p>    <a href=\"https:\/\/www.google.com\/maps\/embed?pb=!1m18!1m12!1m3!1d4777.794520752971!2d7.26459079125258!3d43.69587258779851!2m3!1f0!2f0!3f0!3m2!1i1024!2i768!4f13.1!3m3!1m2!1s0x12cddaa061571569%3A0xf6392ebd46cbda4a!2sAv.%20de%20Su%C3%A8de%2C%2006000%20Nice!5e1!3m2!1sfr!2sfr!4v1760446002334!5m2!1sfr!2sfr\" title=\"Ouvrie le lien\" rel=\"nofollow noopener\" target=\"_blank\">Cliquez ici pour visualiser le contenu<\/a><\/p>\n<p class=\" wall-content\">Ce projet \u00ab\u2009s\u2019inscrit dans la continuit\u00e9 de la requalification du jardin d\u2019Arm\u00e9nie, achev\u00e9e en 2024, et constitue une pr\u00e9figuration concr\u00e8te de la future zone pi\u00e9tonne\u2009\u00bb, pr\u00e9cise la Ville. Pour rappel, le jardin d\u2019Arm\u00e9nie a \u00e9t\u00e9 repens\u00e9 pendant pr\u00e8s d\u2019un an, entre mars\u00a02023 et mars\u00a02024.<\/p>\n<p class=\" wall-content\">La rue Mass\u00e9na et sa zone pi\u00e9tonne vont aussi subir des travaux dans les prochains mois. La Ville de Nice a lanc\u00e9 <a href=\"https:\/\/actu.fr\/provence-alpes-cote-d-azur\/nice_06088\/nice-la-rue-pietonne-va-etre-totalement-transformee-les-premieres-idees-evoquees_63205032.html\" rel=\"nofollow noopener\" target=\"_blank\">une consultation publique<\/a> jusqu\u2019au 10\u00a0octobre 2025. Avec des premi\u00e8res id\u00e9es \u00e9mergentes.<\/p>\n<p>    <img   decoding=\"async\" loading=\"lazy\" src=\"https:\/\/www.europesays.com\/fr\/wp-content\/uploads\/2025\/10\/visuel-avenue-de-suede-960x640.jpg\" alt=\"R\u00e9novation Carr\u00e9 d'or Nice\" width=\"960\" height=\"640\"\/><br \/>\n    L\u2019Avenue de Su\u00e8de dans le Carr\u00e9 d\u2019or \u00e0 Nice va \u00eatre embellie. (\u00a9Visuel Ville de Nice)Presque 200\u2009000\u00a0euros de travaux<\/p>\n<p class=\" wall-content\">Dans l\u2019avenue de Su\u00e8de, il est pr\u00e9vu l\u2019ajout d\u2019\u00e9l\u00e9ments v\u00e9g\u00e9talis\u00e9s et de mobiliers urbains modernes. La Ville souhaite en faire un \u00ab\u2009espace <strong>plus convivial et apais\u00e9\u2009<\/strong>\u00bb, afin de mettre en valeur les commerces et les \u00e9tablissements h\u00f4teliers \u00e0 proximit\u00e9.<\/p>\n<p>Votre r\u00e9gion, votre actu !<\/p>\n<p>Recevez chaque jour les infos qui comptent pour vous.<\/p>\n<p>\t<a href=\"https:\/\/actu.fr\/newsletter\" class=\"ac-btn ac-btn--corner ac-btn--medium ac-btn--blue800\" rel=\"nofollow noopener\" target=\"_blank\">S&rsquo;incrire<\/a><\/p>\n<p class=\" wall-content\">\u00ab\u2009Cela permettra de valoriser le quartier du centre-ville en renfor\u00e7ant son attractivit\u00e9 pour les Ni\u00e7ois et les visiteurs\u2009\u00bb, esp\u00e8re la municipalit\u00e9.<\/p>\n<p class=\" wall-content\">Le <strong>co\u00fbt des travaux<\/strong> est estim\u00e9 \u00e0 190\u2009000\u00a0euros. Ils d\u00e9buteront en novembre\u00a02025 et devraient durer deux mois.<\/p>\n<p class=\" wall-content\">Personnalisez votre actualit\u00e9 en ajoutant vos villes et m\u00e9dias en favori avec <a href=\"https:\/\/moncompte.actu.fr\" title=\"D\u00e9couvez Mon Actu\" rel=\"nofollow noopener\" data-trk=\"{&quot;cta&quot;:{&quot;action&quot;:&quot;https:\\\/\\\/moncompte.actu.fr&quot;,&quot;category&quot;:&quot;mon compte&quot;,&quot;from&quot;:&quot;article footer&quot;,&quot;name&quot;:&quot;Mon actu&quot;,&quot;type&quot;:&quot;cta&quot;}}\" target=\"_blank\">Mon Actu<\/a>.<\/p>\n","protected":false},"excerpt":{"rendered":"Par Arthur Frand Publi\u00e9 le 15 oct. 2025 \u00e0 6h36 Un r\u00e9am\u00e9nagement de plus \u00e0 Nice (Alpes-Maritimes). La&hellip;\n","protected":false},"author":2,"featured_media":464052,"comment_status":"","ping_status":"","sticky":false,"template":"","format":"standard","meta":{"footnotes":""},"categories":[2819],"tags":[1111,11,1777,674,1011,27,12,2401,882,5765,25,104,2086],"class_list":{"0":"post-464051","1":"post","2":"type-post","3":"status-publish","4":"format-standard","5":"has-post-thumbnail","7":"category-nice","8":"tag-actu","9":"tag-actualites","10":"tag-eu","11":"tag-europe","12":"tag-fr","13":"tag-france","14":"tag-news","15":"tag-nice","16":"tag-provence-alpes-cote-dazur","17":"tag-renovation-urbaine","18":"tag-republique-francaise","19":"tag-societe","20":"tag-travaux"},"share_on_mastodon":{"url":"https:\/\/pubeurope.com\/@fr\/115376358547711071","error":""},"_links":{"self":[{"href":"https:\/\/www.europesays.com\/fr\/wp-json\/wp\/v2\/posts\/464051","targetHints":{"allow":["GET"]}}],"collection":[{"href":"https:\/\/www.europesays.com\/fr\/wp-json\/wp\/v2\/posts"}],"about":[{"href":"https:\/\/www.europesays.com\/fr\/wp-json\/wp\/v2\/types\/post"}],"author":[{"embeddable":true,"href":"https:\/\/www.europesays.com\/fr\/wp-json\/wp\/v2\/users\/2"}],"replies":[{"embeddable":true,"href":"https:\/\/www.europesays.com\/fr\/wp-json\/wp\/v2\/comments?post=464051"}],"version-history":[{"count":0,"href":"https:\/\/www.europesays.com\/fr\/wp-json\/wp\/v2\/posts\/464051\/revisions"}],"wp:featuredmedia":[{"embeddable":true,"href":"https:\/\/www.europesays.com\/fr\/wp-json\/wp\/v2\/media\/464052"}],"wp:attachment":[{"href":"https:\/\/www.europesays.com\/fr\/wp-json\/wp\/v2\/media?parent=464051"}],"wp:term":[{"taxonomy":"category","embeddable":true,"href":"https:\/\/www.europesays.com\/fr\/wp-json\/wp\/v2\/categories?post=464051"},{"taxonomy":"post_tag","embeddable":true,"href":"https:\/\/www.europesays.com\/fr\/wp-json\/wp\/v2\/tags?post=464051"}],"curies":[{"name":"wp","href":"https:\/\/api.w.org\/{rel}","templated":true}]}}