{"id":464079,"date":"2025-10-15T05:00:24","date_gmt":"2025-10-15T05:00:24","guid":{"rendered":"https:\/\/www.europesays.com\/fr\/464079\/"},"modified":"2025-10-15T05:00:24","modified_gmt":"2025-10-15T05:00:24","slug":"carte-un-tiers-des-loyers-depasse-les-plafonds-a-paris-voici-les-pires-arrondissements","status":"publish","type":"post","link":"https:\/\/www.europesays.com\/fr\/464079\/","title":{"rendered":"CARTE. Un tiers des loyers d\u00e9passe les plafonds \u00e0 Paris : voici les pires arrondissements"},"content":{"rendered":"<p>            Par<br \/>\n        <strong><br \/>\n            <a href=\"https:\/\/actu.fr\/auteur\/dorinegoth\" title=\"Consulter tous les articles de Dorine Goth\" target=\"_blank\" rel=\"noopener\">Dorine Goth<\/a><br \/>\n        <\/strong><\/p>\n<p>        Publi\u00e9 le<\/p>\n<p>            15 oct. 2025 \u00e0 6h02        <\/p>\n<p>Des propri\u00e9taires qui rechignent \u00e0 entrer dans les clous. 10\u00a0ans apr\u00e8s la mise en place de <a href=\"https:\/\/actu.fr\/ile-de-france\/paris_75056\/le-prix-de-votre-logement-a-paris-respecte-t-il-la-loi-le-nouvel-arrete-d-encadrement-des-loyers-disponible_61183535.html\" target=\"_blank\" rel=\"noopener\"><strong>l\u2019encadrement des loyers<\/strong><\/a> \u00e0 Paris, le r\u00e9sultat est toujours \u00ab\u2009moyen\u2009\u00bb, selon le dernier <a href=\"https:\/\/actu.fr\/ile-de-france\/paris_75056\/encadrement-des-loyers-a-paris-la-situation-s-ameliore-legerement-en-2023_60169894.html\" target=\"_blank\" rel=\"noopener\">barom\u00e8tre<\/a> de la<strong> Fondation pour le logement<\/strong> publi\u00e9 en septembre\u00a02025. Selon leurs chiffres, <strong>un tiers des annonces<\/strong> ne respecte pas la l\u00e9gislation. Ce dispositif limite le montant maximal qu\u2019un propri\u00e9taire peut exiger pour son logement. Et au sein m\u00eame de la capitale, de nombreuses disparit\u00e9s existent entre les arrondissements.<\/p>\n<p>Plus de 2\u2009800\u00a0euros par an de trop<\/p>\n<p class=\" wall-content\">Au total,<strong> 31\u2009% des offres<\/strong> \u00e9taient au-dessus du plafonnement. Un nombre en l\u00e9g\u00e8re baisse par rapport \u00e0 2021 o\u00f9 il s\u2019\u00e9levait \u00e0 35\u2009% mais en hausse de 3 points par rapport \u00e0 2023. \u00ab\u2009L\u2019hypoth\u00e8se d\u2019<a href=\"https:\/\/actu.fr\/ile-de-france\/paris_75056\/paris-baisse-fulgurante-du-nombre-d-appartements-a-louer_60628363.html\" target=\"_blank\" rel=\"noopener\">un effet JO<\/a> qui aurait expliqu\u00e9 la l\u00e9g\u00e8re hausse de 2024 n\u2019est plus suffisante\u2009\u00bb, analyse la fondation. En moyenne, le d\u00e9passement s\u2019\u00e9tablit \u00e0 <strong>237\u00a0euros par mois<\/strong>, soit 2\u2009844\u00a0euros par an.<\/p>\n<p class=\" wall-content\">Elle met en cause la <strong><a href=\"https:\/\/actu.fr\/ile-de-france\/paris_75056\/crise-du-logement-a-paris-un-appartement-sur-cinq-est-inoccupe_60514073.html\" target=\"_blank\" rel=\"noopener\">r\u00e9traction du march\u00e9 locatif<\/a><\/strong> qui entra\u00eene une \u00ab\u2009plus forte tension sur le niveau des loyers\u2009\u00bb ainsi que les attaques en justice contre l\u2019encadrement. En 2025, le loyer moyen est en hausse de 6\u2009% pour atteindre 1\u2009222\u00a0euros (contre 1\u2009150\u00a0euros en 2024). Et le portrait-robot de l\u2019appartement ill\u00e9gal est peu reluisant\u2009: il s\u2019agit souvent de <a href=\"https:\/\/actu.fr\/ile-de-france\/paris_75056\/logement-ils-esperaient-avoir-un-delai-a-paris-les-proprietaires-de-passoires-thermiques-dans-l-impasse_62088142.html\" target=\"_blank\" rel=\"noopener\"><strong>passoires thermiques<\/strong><\/a> (DPE G) de<strong> moins de 10 m\u00b2<\/strong> et <strong>meubl\u00e9es<\/strong> pour les avantages fiscaux. Or, depuis 2023, il est aussi <a href=\"https:\/\/actu.fr\/ile-de-france\/paris_75056\/logement-des-aides-insuffisantes-a-paris-50-000-passoires-thermiques-interdites-a-la-location-en-2025_62062162.html\" target=\"_blank\" rel=\"noopener\">ill\u00e9gal<\/a> de proposer \u00e0 la location des appartements au DPE F et G.<\/p>\n<p>Le 8e arrondissement champion du d\u00e9passement<\/p>\n<p class=\" wall-content\">Mais tous les arrondissements de Paris ne sont pas trait\u00e9s \u00e0 la m\u00eame enseigne. Ceux du centre et de l\u2019ouest parisien excellent dans l\u2019art du non-respect de la r\u00e9glementation. Le<strong> <a href=\"https:\/\/actu.fr\/ile-de-france\/paris_75056\/immobilier-120-logements-sociaux-crees-dans-le-8eme-arrondissement-de-paris_34871786.html\" target=\"_blank\" rel=\"noopener\">8e arrondissement<\/a><\/strong> fait figure de tr\u00e8s mauvais \u00e9l\u00e8ve avec pr\u00e8s d\u2019une annonce sur deux (48\u2009%) non conforme, suivi des 7e, 16e et 17e arrondissements (41\u2009%). Seule exception\u2009: le 1er arrondissement et \u00ab\u2009seulement\u2009\u00bb un quart des offres illicite. \u00ab\u2009En r\u00e8gle g\u00e9n\u00e9rale, les quartiers situ\u00e9s \u00e0 l\u2019ouest et au centre de Paris, l\u00e0 o\u00f9 la pression du march\u00e9 est la plus forte, concentrent les taux d\u2019annonces non conformes les plus \u00e9lev\u00e9s\u2009\u00bb, analyse la fondation.<\/p>\n<p>    <img   decoding=\"async\" loading=\"lazy\" src=\"https:\/\/www.europesays.com\/fr\/wp-content\/uploads\/2025\/10\/capture-decran-2025-10-14-170300-960x640.png\" alt=\"Sur les 20 arrondissements de Paris, ceux du centre et de l'ouest font figure de mauvais \u00e9l\u00e8ves dans l'application de la r\u00e9glementation sur l'encadrement des loyers. \" width=\"960\" height=\"640\"\/><br \/>\n    Sur les 20 arrondissements de Paris, ceux du centre et de l\u2019ouest font figure de mauvais \u00e9l\u00e8ves dans l\u2019application de la r\u00e9glementation sur l\u2019encadrement des loyers. (\u00a9Fondation pour le logement)<\/p>\n<p class=\" wall-content\">\u00c0 l\u2019inverse, il faut se rendre dans le <strong>14e arrondissement de Paris<\/strong> pour avoir le plus de chance de tomber sur un propri\u00e9taire \u00ab\u2009r\u00e9glo\u2009\u00bb. Dans cet arrondissement, 81\u2009% des annonces sont dans les clous. Il est suivi du 13e (77\u2009%) et puis des 1er et 20e arrondissements (74\u2009%).<\/p>\n<p>Des agences peu coop\u00e9ratives<\/p>\n<p class=\" wall-content\">Au milieu de la jungle urbaine pour se loger \u00e0 Paris, certaines agences sont plus fiables que d\u2019autres. Les offres sur<strong> SeLoger (76\u2009%), Fnaim (73\u2009%) et Logic-Immo (70\u2009%)<\/strong> sont les plus conformes. Le sp\u00e9cialiste de la location de particulier \u00e0 particulier (PAP) fait figure de tr\u00e8s mauvais \u00e9l\u00e8ve avec seulement 52\u2009% de ses offres l\u00e9gales. \u00ab\u2009Si certaines agences font apparaitre des taux de non-conformit\u00e9 relativement faibles, nous sommes cependant en droit d\u2019attendre de professionnels de l\u2019immobilier qu\u2019ils s\u2019assurent que leurs clients respectent scrupuleusement la loi\u2009\u00bb, plaide la fondation.<\/p>\n<p>Votre r\u00e9gion, votre actu !<\/p>\n<p>Recevez chaque jour les infos qui comptent pour vous.<\/p>\n<p>\t<a href=\"https:\/\/actu.fr\/newsletter\" class=\"ac-btn ac-btn--corner ac-btn--medium ac-btn--blue800\" target=\"_blank\" rel=\"noopener\">S&rsquo;incrire<\/a><\/p>\n<p class=\" wall-content\">Depuis 2023, Paris a mis en place <a href=\"https:\/\/actu.fr\/ile-de-france\/paris_75056\/encadrement-des-loyers-comment-declarer-un-abus-aupres-de-la-ville-de-paris_56383973.html\" target=\"_blank\" rel=\"noopener\">une proc\u00e9dure de signalement<\/a> des loyers excessifs. Au premier trimestre 2025, <strong>4\u2009000 signalements<\/strong> ont \u00e9t\u00e9 effectu\u00e9s.<\/p>\n<p class=\" wall-content\">Personnalisez votre actualit\u00e9 en ajoutant vos villes et m\u00e9dias en favori avec <a href=\"https:\/\/moncompte.actu.fr\" title=\"D\u00e9couvez Mon Actu\" rel=\"nofollow noopener\" data-trk=\"{&quot;cta&quot;:{&quot;action&quot;:&quot;https:\\\/\\\/moncompte.actu.fr&quot;,&quot;category&quot;:&quot;mon compte&quot;,&quot;from&quot;:&quot;article footer&quot;,&quot;name&quot;:&quot;Mon actu&quot;,&quot;type&quot;:&quot;cta&quot;}}\" target=\"_blank\">Mon Actu<\/a>.<\/p>\n","protected":false},"excerpt":{"rendered":"Par Dorine Goth Publi\u00e9 le 15 oct. 2025 \u00e0 6h02 Des propri\u00e9taires qui rechignent \u00e0 entrer dans les&hellip;\n","protected":false},"author":2,"featured_media":464080,"comment_status":"","ping_status":"","sticky":false,"template":"","format":"standard","meta":{"footnotes":""},"categories":[1888],"tags":[1111,1928,11,1927,1777,674,1011,27,1116,1908,12,1926,626,1925,25,104],"class_list":{"0":"post-464079","1":"post","2":"type-post","3":"status-publish","4":"format-standard","5":"has-post-thumbnail","7":"category-paris","8":"tag-actu","9":"tag-actu-paris","10":"tag-actualites","11":"tag-actualites-paris","12":"tag-eu","13":"tag-europe","14":"tag-fr","15":"tag-france","16":"tag-immobilier","17":"tag-logement","18":"tag-news","19":"tag-news-paris","20":"tag-paris","21":"tag-paris-news","22":"tag-republique-francaise","23":"tag-societe"},"share_on_mastodon":{"url":"https:\/\/pubeurope.com\/@fr\/115376425081284560","error":""},"_links":{"self":[{"href":"https:\/\/www.europesays.com\/fr\/wp-json\/wp\/v2\/posts\/464079","targetHints":{"allow":["GET"]}}],"collection":[{"href":"https:\/\/www.europesays.com\/fr\/wp-json\/wp\/v2\/posts"}],"about":[{"href":"https:\/\/www.europesays.com\/fr\/wp-json\/wp\/v2\/types\/post"}],"author":[{"embeddable":true,"href":"https:\/\/www.europesays.com\/fr\/wp-json\/wp\/v2\/users\/2"}],"replies":[{"embeddable":true,"href":"https:\/\/www.europesays.com\/fr\/wp-json\/wp\/v2\/comments?post=464079"}],"version-history":[{"count":0,"href":"https:\/\/www.europesays.com\/fr\/wp-json\/wp\/v2\/posts\/464079\/revisions"}],"wp:featuredmedia":[{"embeddable":true,"href":"https:\/\/www.europesays.com\/fr\/wp-json\/wp\/v2\/media\/464080"}],"wp:attachment":[{"href":"https:\/\/www.europesays.com\/fr\/wp-json\/wp\/v2\/media?parent=464079"}],"wp:term":[{"taxonomy":"category","embeddable":true,"href":"https:\/\/www.europesays.com\/fr\/wp-json\/wp\/v2\/categories?post=464079"},{"taxonomy":"post_tag","embeddable":true,"href":"https:\/\/www.europesays.com\/fr\/wp-json\/wp\/v2\/tags?post=464079"}],"curies":[{"name":"wp","href":"https:\/\/api.w.org\/{rel}","templated":true}]}}