{"id":464088,"date":"2025-10-15T05:05:11","date_gmt":"2025-10-15T05:05:11","guid":{"rendered":"https:\/\/www.europesays.com\/fr\/464088\/"},"modified":"2025-10-15T05:05:11","modified_gmt":"2025-10-15T05:05:11","slug":"quattendre-des-discussions-entre-donald-trump-et-volodymyr-zelensky-ce-vendredi","status":"publish","type":"post","link":"https:\/\/www.europesays.com\/fr\/464088\/","title":{"rendered":"qu&rsquo;attendre des discussions entre Donald Trump et Volodymyr Zelensky, ce vendredi ?"},"content":{"rendered":"<p class=\"article-p mdl\">Apr\u00e8s avoir pr\u00e9sid\u00e9 le sommet pour la paix \u00e0 Gaza, en \u00c9gypte, Donald Trump file s&rsquo;occuper de l&rsquo;Ukraine. Le pr\u00e9sident am\u00e9ricain doit recevoir son homologue ukrainien, vendredi 17 octobre,\u00a0\u00e0 la Maison-Blanche. C&rsquo;est la troisi\u00e8me visite du pr\u00e9sident Volodymyr Zelensky \u00e0 Washington depuis la r\u00e9\u00e9lection de Donald Trump.\u00a0<\/p>\n<p class=\"article-p mdl\"><a class=\"link\" href=\"https:\/\/www.rtl.fr\/actu\/international\/gaza-netanyahu-flatte-trump-le-meilleur-ami-qu-israel-ait-jamais-eu-a-la-maison-blanche-7900552377\" title=\"Cessez-le-feu \u00e0 Gaza : Netanyahu flatte Trump &quot;le meilleur ami qu&#039;Isra\u00ebl ait jamais eu \u00e0 la Maison-Blanche&quot;\" rel=\"nofollow noopener\" target=\"_blank\">Ovationn\u00e9 en Isra\u00ebl<\/a>\u00a0pour son plan de pays, le dirigeant de la premi\u00e8re puissance mondiale est bien d\u00e9termin\u00e9 \u00e0 devenir\u00a0<a class=\"link\" href=\"https:\/\/www.rtl.fr\/actu\/international\/armenie-azerbaidjan-comment-donald-trump-tente-de-s-imposer-comme-le-faiseur-de-paix-7900528867\" title=\"Arm\u00e9nie-Azerba\u00efdjan : comment Donald Trump tente de s&#039;imposer comme &quot;le faiseur de paix&quot;\" rel=\"nofollow noopener\" target=\"_blank\">un \u00ab\u00a0faiseur de paix\u00a0\u00bb<\/a>\u00a0dans le monde et les Europ\u00e9ens ne manquent pas de l&rsquo;encourager. \u00ab\u00a0Le leadership et la d\u00e9termination des acteurs mondiaux peuvent certainement fonctionner pour nous aussi en Ukraine\u00a0\u00bb, a \u00e9crit Zelensky sur Facebook.\u00a0<\/p>\n<p class=\"article-p mdl\">Ce dernier a indiqu\u00e9 lors d&rsquo;une conf\u00e9rence de presse \u00e0 Kiev que le sujet de leur discussion portera sur \u00ab\u00a0la d\u00e9fense antia\u00e9rienne\u00a0\u00bb. \u00ab\u00a0Mais j&rsquo;aurai \u00e9galement des rencontres avec des entreprises du secteur de l&rsquo;\u00e9nergie\u00a0\u00bb, a-t-il pr\u00e9cis\u00e9. Les deux dirigeants auraient d\u00e9j\u00e0 d\u00e9but\u00e9\u00a0<a class=\"link\" href=\"https:\/\/www.rtl.fr\/actu\/international\/un-appel-tres-positif-volodymyr-zelensky-et-donald-trump-ont-echange-samedi-sur-la-situation-en-ukraine-7900551969\" title=\"Un appel &quot;tr\u00e8s positif&quot; : Volodymyr Zelensky et Donald Trump ont \u00e9chang\u00e9 samedi sur la situation en Ukraine\" rel=\"nofollow noopener\" target=\"_blank\">leur discussion par t\u00e9l\u00e9phone<\/a>, ils se sont contact\u00e9 deux fois durant leur week-end.\u00a0<\/p>\n<p>            La menace des Tomahanks<\/p>\n<p class=\"article-p mdl\">Apr\u00e8s avoir tent\u00e9 \u00e0 plusieurs reprises de faire dialoguer Poutine et Zelensky,\u00a0<a class=\"link\" href=\"https:\/\/www.rtl.fr\/actu\/international\/de-l-admiration-a-la-deception-retour-sur-la-relation-privilegiee-entre-donald-trump-et-vladimir-poutine-7900543287\" title=\"De l&#039;admiration \u00e0 la d\u00e9ception : retour sur la relation privil\u00e9gi\u00e9e entre Donald Trump et Vladimir Poutine\" rel=\"nofollow noopener\" target=\"_blank\">la patience de Donald Trump s&rsquo;\u00e9tiole<\/a>, lui qui promettait de mettre fin \u00e0 la guerre en 24 heures puis en 100 jours. \u00ab\u00a0Je pourrais dire : &lsquo;\u00c9coutez, si ce conflit n&rsquo;est pas r\u00e9gl\u00e9, je vais leur envoyer des Tomahawks'\u00a0\u00bb, a lanc\u00e9 le pr\u00e9sident des \u00c9tats-Unis dimanche \u00e0 bord de son avion pr\u00e9sidentiel. \u00ab\u00a0Nous ne le ferons peut-\u00eatre pas, mais nous pourrions le faire. Je pense qu&rsquo;il est appropri\u00e9 d&rsquo;en parler\u00a0\u00bb, a-t-il ajout\u00e9.\u00a0<\/p>\n<p class=\"article-p mdl\">Ces missiles de croisi\u00e8re permettent une frappe de pr\u00e9cision contre des cibles \u00e0 longue distance. Une pression suppl\u00e9mentaire pour contraindre Vladimir Poutine \u00e0 s&rsquo;assoir autour de la table des n\u00e9gociations. Dans une interview pour Fox News,\u00a0Volodymyr Zelensky, a assur\u00e9 que si les \u00c9tats-Unis fournissaient des Tomahawks; ils ne seraient utilis\u00e9s que contre des cibles militaires.<\/p>\n<p class=\"article-p mdl\">\u00ab\u00a0Nous n&rsquo;avons jamais attaqu\u00e9 leurs civils\u00a0\u00bb, a-t-il pr\u00e9cis\u00e9.\u00a0\u00ab\u00a0C&rsquo;est la grande diff\u00e9rence entre l&rsquo;Ukraine et la Russie. C&rsquo;est pourquoi, lorsque nous parlons de [missiles] \u00e0 longue port\u00e9e, nous ne parlons que d&rsquo;objectifs militaires\u00a0\u00bb. La Russie \u00e0, de son c\u00f4t\u00e9, pr\u00e9cis\u00e9 que l&rsquo;utilisation d&rsquo;une telle arme provoquerait une \u00ab\u00a0escalade\u00a0\u00bb du conflit.\u00a0<\/p>\n<p>    La r\u00e9daction vous recommande<\/p>\n<p class=\"s-newsletter__title\">\n                L\u2019actualit\u00e9 par la r\u00e9daction de RTL dans votre bo\u00eete mail.\n            <\/p>\n<p class=\"s-newsletter__subtitle\">\n                Gr\u00e2ce \u00e0 votre compte RTL abonnez-vous \u00e0 la newsletter RTL info pour suivre toute l&rsquo;actualit\u00e9 au quotidien\n            <\/p>\n<p>\n                                    Lire la suite\n                                <\/p>\n","protected":false},"excerpt":{"rendered":"Apr\u00e8s avoir pr\u00e9sid\u00e9 le sommet pour la paix \u00e0 Gaza, en \u00c9gypte, Donald Trump file s&rsquo;occuper de l&rsquo;Ukraine.&hellip;\n","protected":false},"author":2,"featured_media":396560,"comment_status":"","ping_status":"","sticky":false,"template":"","format":"standard","meta":{"footnotes":""},"categories":[1590],"tags":[11,75,1777,674,107,131,12,132,220,134],"class_list":{"0":"post-464088","1":"post","2":"type-post","3":"status-publish","4":"format-standard","5":"has-post-thumbnail","7":"category-ukraine","8":"tag-actualites","9":"tag-donald-trump","10":"tag-eu","11":"tag-europe","12":"tag-fil-info","13":"tag-guerre-en-ukraine","14":"tag-news","15":"tag-russie","16":"tag-ukraine","17":"tag-volodymyr-zelensky"},"share_on_mastodon":{"url":"https:\/\/pubeurope.com\/@fr\/115376444193391105","error":""},"_links":{"self":[{"href":"https:\/\/www.europesays.com\/fr\/wp-json\/wp\/v2\/posts\/464088","targetHints":{"allow":["GET"]}}],"collection":[{"href":"https:\/\/www.europesays.com\/fr\/wp-json\/wp\/v2\/posts"}],"about":[{"href":"https:\/\/www.europesays.com\/fr\/wp-json\/wp\/v2\/types\/post"}],"author":[{"embeddable":true,"href":"https:\/\/www.europesays.com\/fr\/wp-json\/wp\/v2\/users\/2"}],"replies":[{"embeddable":true,"href":"https:\/\/www.europesays.com\/fr\/wp-json\/wp\/v2\/comments?post=464088"}],"version-history":[{"count":0,"href":"https:\/\/www.europesays.com\/fr\/wp-json\/wp\/v2\/posts\/464088\/revisions"}],"wp:featuredmedia":[{"embeddable":true,"href":"https:\/\/www.europesays.com\/fr\/wp-json\/wp\/v2\/media\/396560"}],"wp:attachment":[{"href":"https:\/\/www.europesays.com\/fr\/wp-json\/wp\/v2\/media?parent=464088"}],"wp:term":[{"taxonomy":"category","embeddable":true,"href":"https:\/\/www.europesays.com\/fr\/wp-json\/wp\/v2\/categories?post=464088"},{"taxonomy":"post_tag","embeddable":true,"href":"https:\/\/www.europesays.com\/fr\/wp-json\/wp\/v2\/tags?post=464088"}],"curies":[{"name":"wp","href":"https:\/\/api.w.org\/{rel}","templated":true}]}}