{"id":464109,"date":"2025-10-15T05:19:20","date_gmt":"2025-10-15T05:19:20","guid":{"rendered":"https:\/\/www.europesays.com\/fr\/464109\/"},"modified":"2025-10-15T05:19:20","modified_gmt":"2025-10-15T05:19:20","slug":"fracture-pour-marc-marquez-forfait-les-deux-prochains-grands-prix","status":"publish","type":"post","link":"https:\/\/www.europesays.com\/fr\/464109\/","title":{"rendered":"Fracture pour Marc Marquez, forfait les deux prochains Grands Prix"},"content":{"rendered":"<p>Le septuple champion du monde de MotoGP Marc Marquez est contraint de faire l&rsquo;impasse sur les deux prochaines courses. L&rsquo;Espagnol souffre notamment d&rsquo;une fracture \u00e0 l&rsquo;\u00e9paule.<\/p>\n<p>Le pilote Ducati a \u00e9t\u00e9 rapatri\u00e9 \u00e0 Madrid apr\u00e8s sa chute lors du GP d&rsquo;Indon\u00e9sie, quand il avait \u00e9t\u00e9 d\u00e9s\u00e9quilibr\u00e9 par l&rsquo;Italien Marco Bezzecchi (Aprilia), et a tout de suite \u00e9t\u00e9 conduit \u00e0 l&rsquo;h\u00f4pital pour y passer des examens. Ceux-ci ont r\u00e9v\u00e9l\u00e9 \u00ab\u00a0une fracture \u00e0 la base du processus coraco\u00efde et une blessure ligamentaire \u00e0 son \u00e9paule droite\u00a0\u00bb, indique dans un communiqu\u00e9 son \u00e9curie, qui exclut tout lien avec sa pr\u00e9c\u00e9dente blessure \u00e0 cette m\u00eame \u00e9paule.<\/p>\n<p>Cependant, il n&rsquo;y a pas de d\u00e9placement significatif des os et Marquez ne devra pas \u00eatre op\u00e9r\u00e9. Les m\u00e9decins ont opt\u00e9 pour \u00ab\u00a0un plan de traitement conservateur, impliquant du repos et l&rsquo;immobilisation de l&rsquo;\u00e9paule touch\u00e9e jusqu&rsquo;\u00e0 la gu\u00e9rison compl\u00e8te\u00a0\u00bb. Cela l&#8217;emp\u00eachera donc de participer aux prochains Grands Prix d&rsquo;Australie (17-19 octobre) et de Malaisie (24-26 octobre).<\/p>\n<p>\u00ab\u00a0Heureusement, la blessure n&rsquo;est pas grave, mais il est important de respecter le d\u00e9lai de r\u00e9cup\u00e9ration\u00a0\u00bb, a d\u00e9clar\u00e9 Marquez, qui avait d\u00e9croch\u00e9 son 7e titre la semaine pr\u00e9c\u00e9dente au Japon.<\/p>\n<p class=\"sources\">ats\/bao<\/p>\n","protected":false},"excerpt":{"rendered":"Le septuple champion du monde de MotoGP Marc Marquez est contraint de faire l&rsquo;impasse sur les deux prochaines&hellip;\n","protected":false},"author":2,"featured_media":464110,"comment_status":"","ping_status":"","sticky":false,"template":"","format":"standard","meta":{"footnotes":""},"categories":[1413],"tags":[1431,5873,5829,1011,29984,27,5874,1461,1457,1456,71,517,60],"class_list":{"0":"post-464109","1":"post","2":"type-post","3":"status-publish","4":"format-standard","5":"has-post-thumbnail","7":"category-moto","8":"tag-blessure","9":"tag-centre-de-soins","10":"tag-championnat-du-monde-de-vitesse-moto","11":"tag-fr","12":"tag-fracture","13":"tag-france","14":"tag-hopitaux-et-cliniques","15":"tag-marc-marquez","16":"tag-moto","17":"tag-motocycle","18":"tag-sante","19":"tag-sport","20":"tag-sports"},"share_on_mastodon":{"url":"https:\/\/pubeurope.com\/@fr\/115376499286719585","error":""},"_links":{"self":[{"href":"https:\/\/www.europesays.com\/fr\/wp-json\/wp\/v2\/posts\/464109","targetHints":{"allow":["GET"]}}],"collection":[{"href":"https:\/\/www.europesays.com\/fr\/wp-json\/wp\/v2\/posts"}],"about":[{"href":"https:\/\/www.europesays.com\/fr\/wp-json\/wp\/v2\/types\/post"}],"author":[{"embeddable":true,"href":"https:\/\/www.europesays.com\/fr\/wp-json\/wp\/v2\/users\/2"}],"replies":[{"embeddable":true,"href":"https:\/\/www.europesays.com\/fr\/wp-json\/wp\/v2\/comments?post=464109"}],"version-history":[{"count":0,"href":"https:\/\/www.europesays.com\/fr\/wp-json\/wp\/v2\/posts\/464109\/revisions"}],"wp:featuredmedia":[{"embeddable":true,"href":"https:\/\/www.europesays.com\/fr\/wp-json\/wp\/v2\/media\/464110"}],"wp:attachment":[{"href":"https:\/\/www.europesays.com\/fr\/wp-json\/wp\/v2\/media?parent=464109"}],"wp:term":[{"taxonomy":"category","embeddable":true,"href":"https:\/\/www.europesays.com\/fr\/wp-json\/wp\/v2\/categories?post=464109"},{"taxonomy":"post_tag","embeddable":true,"href":"https:\/\/www.europesays.com\/fr\/wp-json\/wp\/v2\/tags?post=464109"}],"curies":[{"name":"wp","href":"https:\/\/api.w.org\/{rel}","templated":true}]}}