{"id":464113,"date":"2025-10-15T05:21:12","date_gmt":"2025-10-15T05:21:12","guid":{"rendered":"https:\/\/www.europesays.com\/fr\/464113\/"},"modified":"2025-10-15T05:21:12","modified_gmt":"2025-10-15T05:21:12","slug":"chrono-des-nations-les-engages-actualite","status":"publish","type":"post","link":"https:\/\/www.europesays.com\/fr\/464113\/","title":{"rendered":"Chrono des Nations : Les engag\u00e9s &#8211; Actualit\u00e9"},"content":{"rendered":"<p style=\"text-align: justify;\">Le Comit\u00e9 d&rsquo;Organisation de la F\u00eate du Chrono Les Herbiers Vend\u00e9e organise ce dimanche 19 octobre le 43e Chrono des Nations aux Herbiers (Vend\u00e9e). 45,430 kilom\u00e8tres sont au programme du contre-la-montre \u00c9lite. La victoire \u00e9tait revenue l&rsquo;an dernier \u00e0 <strong><a href=\"https:\/\/www.directvelo.com\/actualite\/116425\/chrono-des-nations-elite-hommes-classement\" target=\"_blank\" rel=\"noopener\">Stefan K\u00fcng<\/a><\/strong>. Retrouvez ci-dessous la liste des engag\u00e9(e)s avec les horaires de d\u00e9part. Toutes les informations sur <strong><a href=\"https:\/\/chronodesnations.com\/\" target=\"_blank\" rel=\"noopener\">chronodesnations.com<\/a><\/strong>.<\/p>\n<p><strong>Les horaires de d\u00e9part :<\/strong><br \/><strong>U17 Filles (Interr\u00e9gionale, 16,900 km)<\/strong><br \/>11h00 12 METRI L\u00e9a V\u00c9LO CLUB LES HERBIERS<br \/>11h01 11 JAQUET Ma\u00ebva CHAMPAGN\u00c9 SUD VEND\u00c9E CYCLISME<br \/>11h02 10 FABRE Perrine MOUSQUETAIRES CYCLISTES PRAD\u00c9ENS<br \/>11h03 9 LEDOUX Camille LA ROCHE VEND\u00c9E CYCLISME<br \/>11h04 8 LAGAEYSSE Faye AVIA &#8211; RUDYCO CYCLING TEAM<br \/>11h05 7 BART\u00c9L\u00c9MY L\u00e9a ALBI V\u00c9LO SPORT<br \/>11h06 6 SIGALAS Aziliz AC BAS BERRY ISSOUDUN<br \/>11h07 5 BAREYT Charline TEAM U NOUV&rsquo;ELLE AQUITAINE<br \/>11h08 4 JAHT Adeele TARTU \u00dcLIKOOLI AKADEEMILINE SPORDIKLUBI<br \/>11h09 3 BARRIER PAIVA Thais TEAM U NOUV&rsquo;ELLE AQUITAINE<br \/>11h10 2 PRIOUL Romane UC TILLY VAL DE SEULLES<br \/>11h11 1 SIMON Il\u00e9na CYCLISME LANGUEUX TREGUEUX<\/p>\n<p><strong>U17 Gar\u00e7ons (Interr\u00e9gionale, 16,900 km)<\/strong><br \/>11h16 40 COUTANT T\u00e9o V\u00c9LO CLUB HERBRETAIS<br \/>11h17 39 PODEVIN Tom V\u00c9LO CLUB CLUSES SCIONZIER<br \/>11h18 38 MANDIN Angel MOGETTE CYCLING<br \/>11h19 37 ROLLAND Cim\u00e9o CHAMB\u00c9RY CYCLISME COMP\u00c9TITON<br \/>11h20 36 VAUGRENARD Emile V\u00c9LOCE VANNETAIS CYCLISME<br \/>11h21 35 GUEGAN Tom CYCLISME LANGUEUX TR\u00c9GUEUX<br \/>11h22 34 PERROCHEAU Paolo LES SABLES VEND\u00c9E CYCLISME<br \/>11h23 33 DUVAL PROUTIERE Cl\u00e9ment UC JOU\u00c9 LES TOURS<br \/>11h24 32 CRESTIAN Enzo GERS CYCLING DEVELOPPEMENT<br \/>11h25 31 GOURVENNEC Corentin V\u00c9LO CLUB CH\u00c2TEAULINOIS<br \/>11h26 30 TARROU Ama\u00ebl LA ROCHE VEND\u00c9E CYCLISME<br \/>11h27 29 ORRIERE Briac UC NANTES ATLANTIQUES<br \/>11h28 28 HERPHELIN Emil AS VILLEMUR<br \/>11h29 27 BONSANS Jules CC ETUPES<br \/>11h30 26 STEPHAN Florian CV MONTASTRUC<br \/>11h31 25 MENICI Duccio TEAM VALDINIEVOLE ASD<br \/>11h32 24 NICOLAS KORFEL Oliwier VC PAYS DE LOUD\u00c9AC<br \/>11h33 23 GR\u00c9GOIRE Marvyn CO CARBONNE<br \/>11h34 22 GENTY Justin US SAINTE AUSTREBERTHE PAVILLY BARENTIN<br \/>11h35 21 VANDENHEEDE Mathis ISOREX CYCLING TEAM<br \/>11h36 20 ALRIC THOUVENIN Camille V\u00c9LO CLUB CLUSES SCIONZIER<br \/>11h37 19 DE SMET Vic AVIA-RUDYCO CYCLING TEAM<br \/>11h38 18 BURGERMEISTER Oliver CUBE-CSOMOR<br \/>11h39 17 BERTHOUD Yanis TEAM HUMARD VP<br \/>11h40 16 PRESSE Robinson PAYS D&rsquo;ANCENIS CYCLISME<br \/>11h41 15 VARIN Jules VC AVRANCHES<br \/>11h42 14 DEROME Louis CO CARBONNE<br \/>11h43 13 DELAUNAY Owen ASPTT CH\u00c2TEAUROUX CYCLISME<br \/>11h44 12 PENCOL\u00c9 Lancelot LES WIN&rsquo;EURE DU ROULOIR<br \/>11h45 11 VALL\u00c9E Ethan UC SUD 53<br \/>11h46 10 GENTER Vivien VCC HETTANGE<br \/>11h47 9 GOUT Simon VCC HETTANGE<br \/>11h48 8 MOREAU Thomas UC NANTES ATLANTIQUES<br \/>11h49 7 ZAMPARUTTI Nathan AS VILLEMUR<br \/>11h50 6 LEFEBVRE FOURNIER Jules VC ROUBAIX &#8211; LILLE M\u00c9TROPOLE<br \/>11h51 5 BONNET Matisse VC LA POMME MARSEILLE<br \/>11h52 4 CLOVIS Layann V\u00c9LOCE VANNETAIS CYCLISME<br \/>11h53 3 KERNEIS Enzo UC BRIOCHINE<br \/>11h54 2 DEVOS Victor FLANDRE ELITE CYCLISME<br \/>11h55 1 BREUGNOT Julien JURA CYCLISME<\/p>\n<p><strong>U19 Femmes (WJ 1.1, 16,900 km)<\/strong> <br \/>12h00 17 FAYARD Chlo\u00e9 TEAM GRAND SUD F\u00c9MININ<br \/>12h01 16 LECOQ Aliz\u00e9a LE MANS SARTHE V\u00c9LO<br \/>12h02 15 HALGAND Camille AC BR\u00c9VINOIS<br \/>12h03 14 DE WINTER Eline AVIA-RUDYCO CYCLING TEAM<br \/>12h04 13 DIERICK Lova MULTUM ACCOUNTANTS-FOCA KEUKENS<br \/>12h05 12 RICHET Elo\u00efse TEAM AVESNOIS<br \/>12h06 11 HUMBERT Ninon VS ROMANAIS P\u00c9AGOIS<br \/>12h07 10 KOSTER Is\u00e8re WV SCHIJNDEL<br \/>12h08 9 BOUHIER Charlotte VC MORTEAU-MONTBENO\u00ceT<br \/>12h09 8 OLBRECHTS Lotte AVIA-RUDYCO CYCLING TEAM<br \/>12h10 7 BIHAN Zo\u00e9 TEAM PAYS DE DINAN<br \/>12h11 6 DECRUYENAERE Yana THE LEAD OUT CYCLING ACADEMY<br \/>12h12 5 RAFFERTY Aliyah TOFAUTI EVERYONE ACTIVE MAJOCO<br \/>12h13 4 DE LAURENTIIS Elena TEAM DI FEDERICO<br \/>12h14 3 FIV\u00c9 Laura TEAM RYTGER-CARL RAS<br \/>12h15 2 POIRIER Tha\u00efs CLUB CYCLISTE MARMANDE 47<br \/>12h16 1 ARENS Megan GROUWELS-WATERSLEY R&amp;D ROAD TEAM<\/p>\n<p><strong>U19 Hommes (MJ 1.1, 26,740 km)<\/strong> <br \/>12h21 38 CHAVANEL Maxence SOUDAL QUICK-STEP U19 TEAM<br \/>12h22 37 PIERRON Julien UV AUBE<br \/>12h23 36 CANHAM James SHIBDEN APEX RT<br \/>12h24 35 LE PORT Andy VCP LOUD\u00c9AC<br \/>12h25 34 CHAMPENOIS Tom CC ETUPES<br \/>12h26 33 JORDAN Ayden CPS PROFESSIONAL TEAM<br \/>12h27 32 LEAL Jules VCP LOUD\u00c9AC<br \/>12h28 31 HERNANDEZ REILH\u00c9 Jan SPRINTER CLUB SERRES CASTET<br \/>12h29 30 HELION Paul UC NANTES ATLANTIQUE<br \/>12h30 29 HOYLE Charlie SHIBDEN APEX RT<br \/>12h31 28 NORSKOV LARSEN Alexander CK RINGEN JUNIORS<br \/>12h32 27 GRELLIER Noa UC CHOLET 49<br \/>12h33 26 DUTTON Gus DECATHLON AG2R LA MONDIALE U19 TEAM<br \/>12h34 25 GICQUEL Gabin OLYMPIC CYCLISTE LOCMIN\u00c9<br \/>12h35 24 DOLTAIRE Alex V\u00c9LOCE VANNETAIS<br \/>12h36 23 SIEGERS Emil CC CHEVIGNY U19<br \/>12h37 22 DEFRANCE Simon SOUDAL QUICK-STEP U19<br \/>12h38 21 GAYANT Lancelot TEAM U LH<br \/>12h39 20 COUDIERE-CANTIN Timoth\u00e9e GUIDON MACHECOULAIS<br \/>12h40 19 BALDIE Jack TRAINSHARP ELITE<br \/>12h41 18 ROYER Luc VC PAYS DE LOUD\u00c9AC<br \/>12h42 17 VERVOORT Yasu R.EV CYCLING ACADEMY U19<br \/>12h43 16 JACKSON Seth FENSHAM HOWES-MAS DESIGN-CAMS<br \/>12h44 15 GENTER Gabriel GROUPAMA-FDJ U19 TEAM<br \/>12h45 14 KENT Matthew TOFAUTI EVERYONE ACTIVE MAJOCO<br \/>12h46 13 HERV\u00c9 Romuald UC CH\u00c2TEAUTOUX<br \/>12h47 12 HINN Walter CK RINGEN JUNIORS<br \/>12h48 11 MENICI Pietro UC CASANO<br \/>12h49 10 ROY Axel UC CHOLET 49<br \/>12h50 9 RAUS J\u00e9r\u00f4me CRABB\u00c9-DSTNY U19<br \/>12h51 8 PASTVA Jakub ROMAN KREUZIGER CYCLING ACADEMY<br \/>12h52 7 ATKINS Leon FENSHAM HOWES-MAS DESIGN-CAMS<br \/>12h53 6 VAN DER MERWE Nicholas U19 ACADEMY R\u00c9GION SUD POWERED BY GIANT<br \/>12h54 5 MESSELY Ren\u00e9 SOUDAL QUICK-STEP U19<br \/>12h55 4 PEACE Matthew TOFAUTI EVERYONE ACTIVE MAJOCO<br \/>12h56 3 COLOMBO Riccardo BUSTESE OLONIA ASD<br \/>12h57 2 PATRAS Jakub ROMAN KREUZIGER CYCLING ACADEMY<br \/>12h58 1 BLANC Johan GROUPAMA-FDJ U19 TEAM<\/p>\n<p><strong>U23 Hommes (MU 1.2, 26,740 km)<\/strong> <br \/>13h03 38 BLANCHARD Alexandre LA ROCHE VEND\u00c9E CYCLISME<br \/>13h04 37 SALAMIN Justin ELITE FONDATIONS CYCLING TEAM<br \/>13h05 36 HUE Jules SCO DIJON<br \/>13h06 35 DE CLERCQ Matthijs SOUDAL QUICK-STEP DEVO TEAM<br \/>13h07 34 JOOSTEN Sven ZUYD CT<br \/>13h08 33 SCOTT Oliver VEND\u00c9E U<br \/>13h09 32 VEZIE Maxime VCP LOUD\u00c9AC<br \/>13h10 31 CONOR Paul UC CHOLET 49<br \/>13h11 30 MELOT No\u00e9 TUDOR PRO CYCLING TEAM U23<br \/>13h12 29 KILLY Jonah HUBU SCOTT CT<br \/>13h13 28 POUVREAULT Gr\u00e9gory PARIS CYCLISTE OLYMPIQUE<br \/>13h14 27 SCHAPER Joerie SOUDAL QUICK-STEP DEVO TEAM<br \/>13h15 26 MOORE Viggo ICA<br \/>13h16 25 THIERRY Paul ARK\u00c9A-B&amp;B H\u00d4TELS CONTINENTALE<br \/>13h17 24 WIRZ Simon ELITE FONDATIONS CYCLING TEAM<br \/>13h18 23 DODD Mattie TIROL KTM CYCLING TEAM<br \/>13h19 22 LUKES Jan PIERRE BAGUETTE CYCLING<br \/>13h20 21 TARLING Finlay ICA<br \/>13h21 20 CHARDON Johan VEND\u00c9E U<br \/>13h22 19 VANDEN HEEDE Lars SOUDAL QUICK-STEP DEVO TEAM<br \/>13h23 18 CHARRET Camille VC VILLEFRANCHE BEAUJOLAIS<br \/>13h24 17 HAMON Similien CIC U NANTES<br \/>13h25 16 TAILLIEU Aldo LOTTO DEVELOPMENT TEAM<br \/>13h26 15 FAYOLLE Jean-Loup ARK\u00c9A-B&amp;B H\u00d4TELS CONTINENTALE<br \/>13h27 14 ROBERTS Reef EQUIPE CONTINENTALE GROUPAMA-FDJ<br \/>13h28 13 PAVIS Evan VEND\u00c9E U<br \/>13h29 12 GILLET Baptiste ARK\u00c9A-B&amp;B H\u00d4TELS CONTINENTALE<br \/>13h30 11 TOFTEMARK Lucas AIRTOX-CARL RAS<br \/>13h31 10 SCHOOFS Jasper SOUDAL QUICK-STEP DEVO TEAM<br \/>13h32 9 LESUEUR Louka VC ROUEN 76<br \/>13h33 8 KESSLER Cole LIDL-TREK FUTURE RACING<br \/>13h34 7 WALTON Jonas PROJECT ECHELON RACING<br \/>13h35 6 WIGGINS Ben HAGENS BERMAN JAYCO<br \/>13h36 5 GEERAERTS Ferre DL CHEMICALS-EXPERZA<br \/>13h37 4 CHRISTENSEN Alfred TEAM COLOQUICK<br \/>13h38 3 MILESI Nicolas ARK\u00c9A-B&amp;B H\u00d4TELS CONTINENTALE<br \/>13h39 2 BLAISE Arthur DECATHLON AG2R LA MONDIALE DEVELOPMENT TEAM<br \/>13h40 1 VERVENNE Jonathan SOUDAL QUICK-STEP DEVO TEAM<\/p>\n<p><strong>U23 et \u00c9lite Femmes (WE 1.1, 26,740 km)<\/strong> <br \/>13h45 28 ROUAT Ilona BREIZH LADIES<br \/>13h46 27 KIEKENS Cl\u00e9o DD GROUP PRO CYCLING TEAM<br \/>13h47 26 MAHIEU L\u00e9onie LANESTER WOMEN MORBIHAN<br \/>13h48 25 LEE Lucy DAS-HUTCHINSON<br \/>13h49 24 VERNEZOUL Ylea TEAM AVESNOIS<br \/>13h50 23 DUPIN M\u00e9lanie TEAM ELLES-GROUPAMA-PAYS DE LOIRE<br \/>13h51 22 WAHLSTROM Ella CJ O&rsquo;SHEA RACING<br \/>13h52 21 LAVENU Nina AG INSURANCE-SOUDAL U23<br \/>13h53 20 KONONENKO Valeriia UKRAINE<br \/>13h54 19 DENIEUL Jos\u00e9phine BREIZH LADIES<br \/>13h55 18 BERTOLD Isabella TEAM FARTO-KIROOT<br \/>13h56 17 ALLARD Charlotte M\u00c9GAMO VOSGES TEAM<br \/>13h57 16 SIEGERS Emma AG INSURANCE-SOUDAL U23<br \/>13h58 15 DEMAY Coralie FDJ SUEZ<br \/>13h59 14 ROZLAPA Dana LETTONIE<br \/>14h00 13 CLAES Lotte ARK\u00c9A-B&amp;B HOTELS WOMEN<br \/>14h01 12 SHARP Izzy LIDL-TREK<br \/>14h02 11 DIJKSTRA Anneke VOLKERWESSELS CYCLING TEAM<br \/>14h03 10 LE NET Marie FDJ SUEZ<br \/>14h04 9 MULLER Sol\u00e8ne M\u00c9GAMO VOSGES TEAM<br \/>14h05 8 DE SCHEPPER Lore AG INSURANCE-SOUDAL TEAM<br \/>14h06 7 EHRLICH Emily VIRGINIA&rsquo;S BLUE RIDGE &#8211; TWENTY28<br \/>14h07 6 KIESENHOFER Anna AUTRICHE<br \/>14h08 5 VIGILIA Alessia FDJ SUEZ<br \/>14h09 4 BIRIUKOVA Yuliia LABORAL KUTXA-FUNDACI\u00d3N EUSKADI<br \/>14h10 3 GOOSEENS Marthe AG INSURANCE-SOUDAL TEAM<br \/>14h11 2 CHAPMAN Brodie UAE TEAM ADQ<br \/>14h12 1 VAN DIJK Ellen LIDL-TREK<\/p>\n<p><strong>\u00c9lite Hommes (ME 1.1, 44,870 km)<\/strong> <br \/>14h17 28 HIRSCHBICHLER Johannes AUTRICHE<br \/>14h19 27 AHLSSON Jacob MOTALA AIF CONTINENTAL<br \/>14h21 26 BENNETT Stefan EUROCYCLINGTRIPS-CCN<br \/>14h23 25 MILTIADIS Andreas ROOJAI CYCLING TEAM<br \/>14h25 24 DE GENDT Aim\u00e9 COFIDIS<br \/>14h27 23 URIARTE Diego EQUIPO KERN PHARMA<br \/>14h29 22 JEANNIERE Emilien TEAM TOTALENERGIES<br \/>14h31 21 KELEMEN Petr TUDOR PRO CYCLING TEAM<br \/>14h33 20 HAYTER L\u00e9o VOSTER ATS TEAM<br \/>14h35 19 BERRADE Urko EQUIPO KERN PHARMA<br \/>14h37 18 THIERRY Pierre ARK\u00c9A-B&amp;B HOTELS<br \/>14h39 17 RENARD Alexis COFIDIS<br \/>14h41 16 MIKUTIS Aivaras TUDOR PRO CYCLING TEAM<br \/>14h43 15 HEIDEMANN Miguel REMBE | RAD-NET<br \/>14h45 14 LATOUR Pierre TEAM TOTALENERGIES<br \/>14h47 13 KNIGHT Oliver COFIDIS<br \/>14h49 12 HERREGODTS Rune UAE TEAM EMIRATES-XRG<br \/>14h51 11 BEVORT Carl-Frederik UNO-X MOBILITY<br \/>14h53 10 BRUNEL Alexys TEAM TOTALENERGIES<br \/>14h55 9 SUTER Joel TUDOR PRO CYCLING TEAM<br \/>14h57 8 AZPARREN Xabier Mikel Q36.5 PRO CYCLING TEAM<br \/>14h59 7 GUERNALEC Thibault ARK\u00c9A-B&amp;B HOTELS<br \/>15h01 6 BJERG Mikkel UAE TEAM EMIRATES-XRG<br \/>15h03 5 WAERENSKJOLD Soren UNO-X MOBILITY<br \/>15h05 4 CAVAGNA R\u00e9mi GROUPAMA-FDJ<br \/>15h07 3 TARLING Joshua INEOS GRENADIERS<br \/>15h09 2 VINE Jay UAE TEAM EMIRATES-XRG<br \/>15h11 1 KUNG Stefan GROUPAMA-FDJ<\/p>\n","protected":false},"excerpt":{"rendered":"Le Comit\u00e9 d&rsquo;Organisation de la F\u00eate du Chrono Les Herbiers Vend\u00e9e organise ce dimanche 19 octobre le 43e&hellip;\n","protected":false},"author":2,"featured_media":464114,"comment_status":"","ping_status":"","sticky":false,"template":"","format":"standard","meta":{"footnotes":""},"categories":[1411],"tags":[834,828,836,829,837,827,83,826,824,823,1154,207,814,817,815,816,822,821,832,211,839,1011,27,820,818,819,835,831,830,833,838,60,212,208,825],"class_list":{"0":"post-464113","1":"post","2":"type-post","3":"status-publish","4":"format-standard","5":"has-post-thumbnail","7":"category-cyclisme","8":"tag-attaque","9":"tag-belgique","10":"tag-braquet","11":"tag-bretagne","12":"tag-chute","13":"tag-competition","14":"tag-coupe-de-france","15":"tag-coureur","16":"tag-course-cyclisme","17":"tag-course-cycliste","18":"tag-cycling","19":"tag-cyclisme","20":"tag-direct","21":"tag-direct-velo","22":"tag-directvelo","23":"tag-directvelo-com","24":"tag-epreuve","25":"tag-epreuve-cycliste","26":"tag-federation-francaise-de-cyclisme","27":"tag-ffc","28":"tag-flandres","29":"tag-fr","30":"tag-france","31":"tag-live","32":"tag-live-course","33":"tag-live-epreuve","34":"tag-peloton","35":"tag-radio-peloton","36":"tag-radio-tour","37":"tag-ravitaillement","38":"tag-relance","39":"tag-sports","40":"tag-uci","41":"tag-velo","42":"tag-velos"},"share_on_mastodon":{"url":"https:\/\/pubeurope.com\/@fr\/115376507077354468","error":""},"_links":{"self":[{"href":"https:\/\/www.europesays.com\/fr\/wp-json\/wp\/v2\/posts\/464113","targetHints":{"allow":["GET"]}}],"collection":[{"href":"https:\/\/www.europesays.com\/fr\/wp-json\/wp\/v2\/posts"}],"about":[{"href":"https:\/\/www.europesays.com\/fr\/wp-json\/wp\/v2\/types\/post"}],"author":[{"embeddable":true,"href":"https:\/\/www.europesays.com\/fr\/wp-json\/wp\/v2\/users\/2"}],"replies":[{"embeddable":true,"href":"https:\/\/www.europesays.com\/fr\/wp-json\/wp\/v2\/comments?post=464113"}],"version-history":[{"count":0,"href":"https:\/\/www.europesays.com\/fr\/wp-json\/wp\/v2\/posts\/464113\/revisions"}],"wp:featuredmedia":[{"embeddable":true,"href":"https:\/\/www.europesays.com\/fr\/wp-json\/wp\/v2\/media\/464114"}],"wp:attachment":[{"href":"https:\/\/www.europesays.com\/fr\/wp-json\/wp\/v2\/media?parent=464113"}],"wp:term":[{"taxonomy":"category","embeddable":true,"href":"https:\/\/www.europesays.com\/fr\/wp-json\/wp\/v2\/categories?post=464113"},{"taxonomy":"post_tag","embeddable":true,"href":"https:\/\/www.europesays.com\/fr\/wp-json\/wp\/v2\/tags?post=464113"}],"curies":[{"name":"wp","href":"https:\/\/api.w.org\/{rel}","templated":true}]}}