{"id":464117,"date":"2025-10-15T05:23:13","date_gmt":"2025-10-15T05:23:13","guid":{"rendered":"https:\/\/www.europesays.com\/fr\/464117\/"},"modified":"2025-10-15T05:23:13","modified_gmt":"2025-10-15T05:23:13","slug":"faudrait-quelle-bosse-un-peu-matthieu-delormeau-sattaque","status":"publish","type":"post","link":"https:\/\/www.europesays.com\/fr\/464117\/","title":{"rendered":"\u00ab Faudrait qu\u2019elle bosse un peu \u00bb : Matthieu Delormeau s\u2019attaque &#8230;"},"content":{"rendered":"<p>EN BREF<\/p>\n<ul class=\"bloc_resume_post_list\">\n<li>Depuis son arriv\u00e9e au 20 heures de France 2, L\u00e9a Salam\u00e9<br \/>\naccumule les erreurs et peine \u00e0 convaincre les<br \/>\nspectateurs.<\/li>\n<li>Une confusion embarrassante lors d\u00a0\u00bbun hommage \u00e0 Dominique<br \/>\nBernard a suscit\u00e9 des critiques.<\/li>\n<li>Matthieu Delormeau d\u00e9zingue la journaliste, Cyril Hanouna<br \/>\ntemp\u00e8re.<\/li>\n<\/ul>\n<p data-start=\"290\" data-end=\"1000\">Depuis son arriv\u00e9e au 20<br \/>\nheures, <a href=\"https:\/\/www.telestar.fr\/actu_tv\/lea-salame-comment-un-nouvel-impair-au-jt-sur-un-sujet-tres-sensible-france-2-presente-ses-excuses-1741590\" target=\"_blank\" rel=\"noopener\"><br \/>\nL\u00e9a Salam\u00e9<\/a> accumule <strong>les couacs<\/strong> et multiplie<br \/>\nles bourdes. Plus habitu\u00e9e au format talk show, la compagne de<br \/>\n<a href=\"https:\/\/www.telestar.fr\/people\/une-fake-news-ca-raphael-glucksmann-retablit-la-verite-sur-son-couple-avec-lea-salame-sur-rtl-1737790\" target=\"_blank\" rel=\"noopener\"><br \/>\nRapha\u00ebl Glucksmann<\/a> peine \u00e0 convaincre les spectateurs, jug\u00e9e<br \/>\n<strong>trop laxiste<\/strong> pour occuper le fauteuil de<br \/>\npr\u00e9sentatrice. R\u00e9sultat ? Le service public trinque face aux<br \/>\nnombreuses boulettes que sa journaliste semble collectionner comme<br \/>\ndes troph\u00e9es.<\/p>\n<p data-start=\"290\" data-end=\"1000\">Premi\u00e8re gaffe en date :<br \/>\nconfondre <a href=\"https:\/\/www.telestar.fr\/actu-tv\/c-a-vous\/henri-guaino-quitte-c-a-vous-en-plein-direct-video-14605\" target=\"_blank\" rel=\"noopener\"><br \/>\nHenri Guaino<\/a> et <a href=\"https:\/\/www.telestar.fr\/actu_tv\/lea-salame-derangeante-au-20h-de-france-2-un-patron-de-la-chaine-repond-et-ca-tient-en-trois-mots-danglais-1741184\" target=\"_blank\" rel=\"noopener\"><br \/>\nClaude Gu\u00e9ant<\/a>, en plein direct. Puis <strong>un lapsus<\/strong><br \/>\nsur la sortie du film Karma face \u00e0 <a href=\"https:\/\/www.telestar.fr\/actu_tv\/lea-salame-genante-au-jt-face-a-marion-cotillard-quen-pense-claire-chazal-elle-repond-sans-rien-eluder-1740445\" target=\"_blank\" rel=\"noopener\"><br \/>\nMarion Cotillard<\/a>, annonc\u00e9e \u00ab\u00a0dans quelques semaines\u00a0\u00bb<br \/>\nalors qu\u2019il sort dans\u2026 un an. Mauvais calcul. A cela s&rsquo;ajoute une<br \/>\nquestion tr\u00e8s maladroite sur <strong>la r\u00e9cente rupture<\/strong> de<br \/>\nl&rsquo;actrice et de <a href=\"https:\/\/www.telestar.fr\/people\/la-fin-dun-couple-star-guillaume-canet-et-marion-cotillard-annoncent-leur-separation-1728839\" target=\"_blank\" rel=\"noopener\"><br \/>\nGuillaume Canet<\/a>. Et comme un malheur ne vient jamais seul, la<br \/>\njournaliste a r\u00e9cidiv\u00e9. Ce 13 octobre 2025, la pr\u00e9sentatrice a<br \/>\ncommis <strong>une erreur bien plus g\u00eanante<\/strong>.<\/p>\n<p>\u00a0L\u00e9a Salam\u00e9 : l&rsquo;erreur de trop ? Matthieu Delormeau<br \/>\nacide<\/p>\n<p>Cette fois, la gaffe a fait grincer les dents. En rendant<br \/>\n<strong>hommage \u00e0 Dominique Bernard<\/strong>, assassin\u00e9 \u00e0 Arras en<br \/>\n2023, elle a affirm\u00e9 \u00e0 tort qu\u2019il avait montr\u00e9 des caricatures de<br \/>\nCharlie Hebdo \u00e0 ses<br \/>\n\u00e9l\u00e8ves. <strong>Une confusion embarrassante<\/strong> avec le drame<br \/>\nde <a href=\"https:\/\/www.telestar.fr\/people\/carole-bouquet-un-desastre-ce-probleme-de-sante-lui-a-completement-ruine-une-importante-soiree-1741632\" target=\"_blank\" rel=\"noopener\"><br \/>\nSamuel Paty<\/a>. M\u00eame Julian Bugier, \u00e0 13 heures, avait commis la<br \/>\nm\u00eame erreur. Toll\u00e9 sur X. \u00ab\u00a0Deux fois la m\u00eame grossi\u00e8re erreur<br \/>\nsur France 2\u2026 Qui \u00e9crit le prompteur de L\u00e9a qu\u2019elle lit sans<br \/>\nr\u00e9fl\u00e9chir ?\u00a0\u00bb, a tacl\u00e9 le journaliste J\u00e9r\u00f4me Godefroy.<br \/>\nMalaise.<\/p>\n<p data-start=\"1076\" data-end=\"1737\">Sur le plateau de <a href=\"https:\/\/www.telestar.fr\/actu_tv\/tbt9-cyril-hanouna-quitte-le-plateau-en-plein-direct-en-courant-personne-ne-comprend-1741659\" target=\"_blank\" rel=\"noopener\"><br \/>\nTBT9<\/a>, le sujet est<br \/>\nrevenu comme un boomerang. Et <a href=\"https:\/\/www.telestar.fr\/actu_tv\/moment-malaise-dans-tbt9-matthieu-delormeau-part-en-fou-rire-au-pire-moment-1741172\" target=\"_blank\" rel=\"noopener\"><br \/>\nMatthieu Delormeau<\/a>, fid\u00e8le \u00e0 lui-m\u00eame, n\u2019a pas m\u00e2ch\u00e9 ses mots.<br \/>\n\u00ab\u00a0<strong>Faudrait peut-\u00eatre qu\u2019elle bosse<\/strong> un petit<br \/>\npeu\u00a0\u00bb, balance-t-il, en pleine \u00e9mission. Autour de la table,<br \/>\ncertains grimacent, d\u2019autres ricanent. L\u2019ex-chroniqueur de<br \/>\nTPMP People jubile. Pour<br \/>\nlui, pas d\u2019excuse : \u00e0 ce niveau, une telle erreur est<br \/>\n<strong>impardonnable<\/strong>. Il \u00e9voque un \u00ab\u00a0manque de<br \/>\nrigueur\u00a0\u00bb, une <strong>journaliste<br \/>\n\u00ab\u00a0starifi\u00e9e\u00a0\u00bb<\/strong>, trop concentr\u00e9e sur son image pour<br \/>\nrelire ses fiches. Un tir bien senti mais trop acide au go\u00fbt de son<br \/>\nmentor.<\/p>\n<p>Cyril Hanouna \u00e0 la d\u00e9fense<\/p>\n<p data-start=\"1795\" data-end=\"2606\">Face au ton acerbe de son<br \/>\nchroniqueur, <a href=\"https:\/\/www.telestar.fr\/actu_tv\/cyril-hanouna-affaires-dechirees-hurlements-injures-en-direct-tbt9-part-en-vrille-et-il-risque-gros-1741556\" target=\"_blank\" rel=\"noopener\"><br \/>\nCyril Hanouna<\/a> s\u2019interpose. \u00ab\u00a0Non mais vous, <strong>vous<br \/>\navez un probl\u00e8me avec elle<\/strong>. L\u00e0, c\u2019est les \u00e9quipes\u00a0\u00bb,<br \/>\nnuance-t-il. Visiblement, Baba serait dans le camp de L\u00e9a<br \/>\nSalam\u00e9.\u00a0Il rappelle que la pr\u00e9sentatrice a pr\u00e9sent\u00e9 ses<br \/>\nexcuses d\u00e8s le lendemain. France T\u00e9l\u00e9visions a publi\u00e9 <strong>un<br \/>\nmessage officiel<\/strong>, reconnu la bourde et promis un erratum.<br \/>\nMais le mal est fait.<\/p>\n<p data-start=\"1795\" data-end=\"2606\">L\u2019affaire a relanc\u00e9 le d\u00e9bat<br \/>\nsur le niveau du JT, entre pr\u00e9cipitation et <strong>perte de<br \/>\nrep\u00e8res<\/strong>. Et sur X, les internautes s\u2019en donnent \u00e0 c\u0153ur<br \/>\njoie. Team Salam\u00e9 contre team Delormeau, chacun y va de sa<br \/>\npunchline. Pendant ce temps, la principale int\u00e9ress\u00e9e garde le<br \/>\nsilence. Peut-\u00eatre trop occup\u00e9e, en train de potasser ses fiches.<br \/>\nOu \u00e0 prouver que, malgr\u00e9 ses faux pas, elle reste l\u2019un des visages<br \/>\nles plus solides de France 2.<\/p>\n","protected":false},"excerpt":{"rendered":"EN BREF Depuis son arriv\u00e9e au 20 heures de France 2, L\u00e9a Salam\u00e9 accumule les erreurs et peine&hellip;\n","protected":false},"author":2,"featured_media":464118,"comment_status":"","ping_status":"","sticky":false,"template":"","format":"standard","meta":{"footnotes":""},"categories":[1359],"tags":[548,1083,58,59,1011,27,3806,7830,973],"class_list":{"0":"post-464117","1":"post","2":"type-post","3":"status-publish","4":"format-standard","5":"has-post-thumbnail","7":"category-people","8":"tag-article-simple","9":"tag-cyril-hanouna","10":"tag-divertissement","11":"tag-entertainment","12":"tag-fr","13":"tag-france","14":"tag-lea-salame","15":"tag-matthieu-delormeau","16":"tag-people"},"share_on_mastodon":{"url":"https:\/\/pubeurope.com\/@fr\/115376514900683822","error":""},"_links":{"self":[{"href":"https:\/\/www.europesays.com\/fr\/wp-json\/wp\/v2\/posts\/464117","targetHints":{"allow":["GET"]}}],"collection":[{"href":"https:\/\/www.europesays.com\/fr\/wp-json\/wp\/v2\/posts"}],"about":[{"href":"https:\/\/www.europesays.com\/fr\/wp-json\/wp\/v2\/types\/post"}],"author":[{"embeddable":true,"href":"https:\/\/www.europesays.com\/fr\/wp-json\/wp\/v2\/users\/2"}],"replies":[{"embeddable":true,"href":"https:\/\/www.europesays.com\/fr\/wp-json\/wp\/v2\/comments?post=464117"}],"version-history":[{"count":0,"href":"https:\/\/www.europesays.com\/fr\/wp-json\/wp\/v2\/posts\/464117\/revisions"}],"wp:featuredmedia":[{"embeddable":true,"href":"https:\/\/www.europesays.com\/fr\/wp-json\/wp\/v2\/media\/464118"}],"wp:attachment":[{"href":"https:\/\/www.europesays.com\/fr\/wp-json\/wp\/v2\/media?parent=464117"}],"wp:term":[{"taxonomy":"category","embeddable":true,"href":"https:\/\/www.europesays.com\/fr\/wp-json\/wp\/v2\/categories?post=464117"},{"taxonomy":"post_tag","embeddable":true,"href":"https:\/\/www.europesays.com\/fr\/wp-json\/wp\/v2\/tags?post=464117"}],"curies":[{"name":"wp","href":"https:\/\/api.w.org\/{rel}","templated":true}]}}