{"id":464138,"date":"2025-10-15T05:34:15","date_gmt":"2025-10-15T05:34:15","guid":{"rendered":"https:\/\/www.europesays.com\/fr\/464138\/"},"modified":"2025-10-15T05:34:15","modified_gmt":"2025-10-15T05:34:15","slug":"proche-orient-le-sommet-de-charm-el-cheikh-a-montre-laffrontement-de-deux-logiques-mediapart","status":"publish","type":"post","link":"https:\/\/www.europesays.com\/fr\/464138\/","title":{"rendered":"Proche-Orient : \u00ab Le sommet de Charm el-Cheikh a montr\u00e9 l\u2019affrontement de deux logiques \u00bb &#8211; Mediapart"},"content":{"rendered":"<ol>\n<li><a href=\"https:\/\/news.google.com\/rss\/articles\/CBMi0AFBVV95cUxOa21TcnlkeHE0TmZiM3NCU1k3eXNxbnlCeDFsZmpqZGlxU2MtSVdiMWhneXpESjVOU29ub2RWVkJmY0d2Z0lIMXlncUNRZFdaYW9JUk5CSW1YVHBCcEhoSWc2VlVzU1UzNnNRWUlYNzZ5MEI1N1BqRnJIa2RwMXRzMWM5SW42dHlrUUFVWFRaLWZiNko3WGZDZ0VCVi1YTDhZeXBmYVNHYWhTWnhmSEhMTTJ0V0w3RDBtYjBuX3lkRlhTampWdUVrdnM5QkdJYlRF?oc=5\" target=\"_blank\" rel=\"noopener\">Proche-Orient : \u00ab Le sommet de Charm el-Cheikh a montr\u00e9 l\u2019affrontement de deux logiques \u00bb<\/a>&nbsp;&nbsp;Mediapart<\/li>\n<li><a href=\"https:\/\/news.google.com\/rss\/articles\/CBMi8AFBVV95cUxPY1dFMnVadExUYmt0YVdvTEpBbW5LRlloYllVd3hZak1sYVNpM1g4TjVqRFVVdk1XM1JoM0R6SEFJeFEyN1d6emVZbWhyeE1yUTRPa0d2c29IVVN2V21RZEFKRkJxWnJJV0t4U0lmZ3dWem5KY3dYQmtTcE15cTg0dlZpdHFqV19BTmZCQ2VncG10MTU2MWRoOWpWSTNoSmstSldYZE4tQUVNYVEtUmJFNTJ2WmRtY0xkcV9MM0RSSDh4dzVEQlFuelJ3U0t6b1ROOUtNMDcxdG00TEx6b3BVT081NjB2V0pMV3p3RGtUUGc?oc=5\" target=\"_blank\" rel=\"noopener\">L&rsquo;\u00c9gypte sur un fil, entre solidarit\u00e9 avec les Gazaouis et crainte d&rsquo;un exil massif<\/a>&nbsp;&nbsp;Radio France<\/li>\n<li><a href=\"https:\/\/news.google.com\/rss\/articles\/CBMi6gFBVV95cUxQaVJuSWVtZ3VSQlBueTlLOHVEcEdaQktBX0hRTHFLaEM2R3Ewd0pSRk1VNUZ1dmVFRzZQVEdSYWhkMjF2R2dQLUtlVDlEc2dkZkdaLUpqMllCaThSRGZyUkZLNGtmNFVJT0N2MVRGM3B0TWtPWkpyOWhLYnBkMU1mVTZFZ3ZnRF96WWlacTZqUzlkRnhhTHZkblB3eEdQT0w4Q2ZKVzhjaEgyUnE4Z05ZTE9qN0JfMVpPZlV6WWpJQ0pucDZBdWZxcjE5cU9uX0ptS3haeGk2MV8yNm55RmRzaTdpR3lZSC0yYkE?oc=5\" target=\"_blank\" rel=\"noopener\">Mahmoud Abbas participe finalement au \u201csommet de la paix\u201d sur Gaza, pas Benyamin N\u00e9tanyahou<\/a>&nbsp;&nbsp;Courrier international<\/li>\n<li><a href=\"https:\/\/news.google.com\/rss\/articles\/CBMi9AFBVV95cUxQZ2hCUFdCV2F5M2d5YmgtZ1VTVDY2cUEtNkw0amIwMUh3STltME5xUDYyUkgwWEN2RnNfbmxuM2U1Z0VpQ0NWYW1WNEN2bFZJRmFQWU5DRGNKSTNiMmVIUHlRN0FqV0FaQXVkM0hEc0k1Yl9xVzJybGZ0RlpHblZ1U1dJZndWVWVSdmZ6aFBmM1BTVGszNTZfaDBjS0ZudEVFNVk1akphTmUxc0hOb1k4RXZJVHp1TExKT2tzWDloVGVfU0tzSFhuNFppU2o2SWttSzkwMzFuWHZJTHhaVXlYalBuZnF0dGx3bkVya1hZTUFGaDg5?oc=5\" target=\"_blank\" rel=\"noopener\">Netanyahou priv\u00e9 de sommet \u00e0 Charm el-Cheikh sous la pression de plusieurs pays arabes et europ\u00e9ens<\/a>&nbsp;&nbsp;i24NEWS<\/li>\n<li><a href=\"https:\/\/news.google.com\/rss\/articles\/CBMilAJBVV95cUxONVpXT3E4bDFXa2RZSUhLQkxOLTEzODVCamtwYk9BUElPS21UWUlMeGwybEd2aWh6LVlFX1ZSV3ZaNXpoYkZyQ25yaGxzZ3c1UHkwdXdxaUdUY0xfbGR5NVhIQ0tHZWNHbE5ja1BaVUVTWU8yNnp6VjZsVXU1bi1lWWI0TV91NnJCNjhCZV9VVTQ2TkFjenY2azBDQUt3aGFsS0FKTnh6dzlIb0NVMzBpTWFHNVpqUTZLc2U3M3UzRzZaTnJ6dEMyVzYtRUl2eloyV2ctdXJuTU9zUU1UMHFEaHhwdDM1RTBaMGNPbjN0ZGZNS0pubDBkcW82TGNMallCZndpV1JUZko0Mzlmb1dDNUo3NE8?oc=5\" target=\"_blank\" rel=\"noopener\">Accord de paix \u00e0 Gaza : pourquoi Benyamin Netanyahou n\u2019est-il finalement pas all\u00e9 en \u00c9gypte ?<\/a>&nbsp;&nbsp;Ouest-France<\/li>\n<\/ol>\n","protected":false},"excerpt":{"rendered":"Proche-Orient : \u00ab Le sommet de Charm el-Cheikh a montr\u00e9 l\u2019affrontement de deux logiques \u00bb&nbsp;&nbsp;Mediapart L&rsquo;\u00c9gypte sur un&hellip;\n","protected":false},"author":2,"featured_media":464139,"comment_status":"","ping_status":"","sticky":false,"template":"","format":"standard","meta":{"footnotes":""},"categories":[5],"tags":[11,952,58831,75,1011,27,5106,3519,14,12,31,28],"class_list":{"0":"post-464138","1":"post","2":"type-post","3":"status-publish","4":"format-standard","5":"has-post-thumbnail","7":"category-international","8":"tag-actualites","9":"tag-benyamin-netanyahou","10":"tag-charm-al-cheikh","11":"tag-donald-trump","12":"tag-fr","13":"tag-france","14":"tag-guerre-au-proche-orient","15":"tag-hamas","16":"tag-international","17":"tag-news","18":"tag-proche-et-moyen-orient","19":"tag-world"},"share_on_mastodon":{"url":"https:\/\/pubeurope.com\/@fr\/115376558117302973","error":""},"_links":{"self":[{"href":"https:\/\/www.europesays.com\/fr\/wp-json\/wp\/v2\/posts\/464138","targetHints":{"allow":["GET"]}}],"collection":[{"href":"https:\/\/www.europesays.com\/fr\/wp-json\/wp\/v2\/posts"}],"about":[{"href":"https:\/\/www.europesays.com\/fr\/wp-json\/wp\/v2\/types\/post"}],"author":[{"embeddable":true,"href":"https:\/\/www.europesays.com\/fr\/wp-json\/wp\/v2\/users\/2"}],"replies":[{"embeddable":true,"href":"https:\/\/www.europesays.com\/fr\/wp-json\/wp\/v2\/comments?post=464138"}],"version-history":[{"count":0,"href":"https:\/\/www.europesays.com\/fr\/wp-json\/wp\/v2\/posts\/464138\/revisions"}],"wp:featuredmedia":[{"embeddable":true,"href":"https:\/\/www.europesays.com\/fr\/wp-json\/wp\/v2\/media\/464139"}],"wp:attachment":[{"href":"https:\/\/www.europesays.com\/fr\/wp-json\/wp\/v2\/media?parent=464138"}],"wp:term":[{"taxonomy":"category","embeddable":true,"href":"https:\/\/www.europesays.com\/fr\/wp-json\/wp\/v2\/categories?post=464138"},{"taxonomy":"post_tag","embeddable":true,"href":"https:\/\/www.europesays.com\/fr\/wp-json\/wp\/v2\/tags?post=464138"}],"curies":[{"name":"wp","href":"https:\/\/api.w.org\/{rel}","templated":true}]}}