{"id":464140,"date":"2025-10-15T05:35:10","date_gmt":"2025-10-15T05:35:10","guid":{"rendered":"https:\/\/www.europesays.com\/fr\/464140\/"},"modified":"2025-10-15T05:35:10","modified_gmt":"2025-10-15T05:35:10","slug":"proces-jubillar-une-anguille-insaisissable-face-a-un-ange-sans-tombeau-lanalyse-edifiante-de-cet-avocat","status":"publish","type":"post","link":"https:\/\/www.europesays.com\/fr\/464140\/","title":{"rendered":"Proc\u00e8s Jubillar. Une \u00ab\u00a0anguille insaisissable\u00a0\u00bb face \u00e0 \u00ab\u00a0un ange\u00a0\u00bb sans tombeau, l&rsquo;analyse \u00e9difiante de cet avocat"},"content":{"rendered":"<p>            Par<br \/>\n        <strong><br \/>\n            <a href=\"https:\/\/actu.fr\/auteur\/anaelle-montagne\" title=\"Consulter tous les articles de Anaelle Montagne\" target=\"_blank\" rel=\"noopener\">Anaelle Montagne<\/a><br \/>\n        <\/strong><\/p>\n<p>        Publi\u00e9 le<\/p>\n<p>            14 oct. 2025 \u00e0 17h53        <\/p>\n<p>\u00ab\u2009Quand il y a des morts, il y a des tombeaux.\u2009\u00bb Pas pour Delphine Jubillar, <a href=\"https:\/\/actu.fr\/dossier\/disparition-de-delphine-jubillar-quelles-sont-les-dernieres-infos-sur-l-affaire_40171277.html\" target=\"_blank\" rel=\"noopener\">dont le corps n\u2019a jamais \u00e9t\u00e9 retrouv\u00e9<\/a>. La plaidoirie de Ma\u00eetre De Caunes, l\u2019avocat d\u2019un des fr\u00e8res de la disparue, appelle presque au recueillement. Ce mardi 14\u00a0octobre 2025, il a dress\u00e9 un portrait \u00e9difiant de celui qui d\u00e9tient, selon lui, <strong>la v\u00e9rit\u00e9 sur la mort de son \u00e9pouse<\/strong>\u2009: un C\u00e9dric Jubillar \u00ab\u2009totalitaire\u2009\u00bb, \u00ab\u2009\u00e9vitant\u2009\u00bb et \u00ab\u2009absent de son proc\u00e8s\u2009\u00bb.<\/p>\n<p>Une vari\u00e9t\u00e9 particuli\u00e8re de douleur<\/p>\n<p class=\" wall-content\">\u00ab\u2009La mort, on peut vivre avec, elle fait partie de la vie, commence Me De Caunes. Quand il y a des morts, il y a des tombeaux. Mais l\u2019absence, c\u2019est encore quelque chose de diff\u00e9rent. Une vari\u00e9t\u00e9 particuli\u00e8re de douleur. <strong>C\u2019est une blessure sur laquelle chaque jour, au goutte-\u00e0-goutte, de l\u2019acide se d\u00e9verse.<\/strong> L\u2019absence, c\u2019est cette douleur particuli\u00e8re qui n\u2019en finit pas, une douleur canc\u00e9reuse, sans anesth\u00e9sie, sans morphine, sans soins palliatifs. Il faut vivre avec. C\u2019est ce que font St\u00e9phanie, S\u00e9bastien et Mathieu.\u2009\u00bb<\/p>\n<p>Tout les opposait<\/p>\n<p class=\" wall-content\">Dans sa robe noire, l\u2019avocat de renom aux fins cheveux blancs d\u00e9crit la disparue. \u00ab\u2009Delphine <a href=\"https:\/\/actu.fr\/occitanie\/albi_81004\/proces-jubillar-elle-demande-si-sa-maman-est-vivante-les-mots-des-enfants-resonnent-a-l-audience_63201228.html\" target=\"_blank\" rel=\"noopener\">\u00e9tait un ange<\/a>, une personne enti\u00e8rement tourn\u00e9e vers les autres.\u2009\u00bb Il parle de sa pudeur, de sa discr\u00e9tion, de sa gentillesse. Et de C\u00e9dric, comme son <strong>antith\u00e8se<\/strong>. \u00ab\u2009Un peu obscur, pas tr\u00e8s moral, joueur, tricheur, drogu\u00e9, intoxiqu\u00e9 aussi par les jeux, par le visionnage de vid\u00e9os pornographiques aussi, et surtout, il est indiff\u00e9rent \u00e0 tout ce qui n\u2019est pas son plaisir.\u2009\u00bb<\/p>\n<p class=\" wall-content\">\u00ab\u2009Pourtant, Delphine l\u2019a aim\u00e9 sans zone d\u2019ombre, dans la clart\u00e9 de sa bienveillance. Une rencontre miraculeuse pour lui. [\u2026] <strong>Mais lui, l\u2019aimait inexistante<\/strong>. Elle s\u2019est \u00e9teinte, et cette extinction provenait \u00e0 la fois de la crainte d\u2019un \u00e9clat grossier, et de <a href=\"https:\/\/actu.fr\/occitanie\/albi_81004\/proces-jubillar-si-elle-a-un-amant-je-la-lui-ferai-a-l-envers-cette-phrase-choc-rapportee-par-un-temoin_63225913.html\" target=\"_blank\" rel=\"noopener\">la honte<\/a>. L\u2019amour n\u00e9 de l\u2019estime est le seul qui rend heureux, et Delphine ne pouvait pas estimer C\u00e9dric Jubillar.\u2009\u00bb<\/p>\n<p>Narcissisme Jubillarien<\/p>\n<p class=\" wall-content\">L\u2019avocat d\u00e9crit ensuite la renaissance de l\u2019ange qu\u2019est Delphine, <a href=\"https:\/\/actu.fr\/occitanie\/albi_81004\/proces-jubillar-delphine-preparait-deja-sa-vie-d-apres-ce-que-revele-le-telephone-de-la-disparue_63212629.html\" target=\"_blank\" rel=\"noopener\">par le biais de son nouvel amour<\/a>. Et ensuite, les soup\u00e7ons de C\u00e9dric. \u00ab\u2009Elle mettait des robes sexy, elle souriait\u2009\u00bb, disait l\u2019accus\u00e9 apr\u00e8s sa disparition. L\u2019accus\u00e9 n\u2019acceptait pas le sourire de sa femme. \u00ab\u2009C\u2019est vertigineux\u2009\u00bb, l\u00e2che Me De Caunes.<\/p>\n<p class=\" wall-content\">Son comportement apr\u00e8s la disparition de Delphine, ses pr\u00e9tendus aveux, \u00ab\u2009tout ceci tourne autour du narcissisme Jubillarien\u2009\u00bb. Et la jalousie \u00ab\u2009d\u00e9truit le narcissisme\u2009\u00bb. \u00ab\u2009Son propre abandon de Delphine ne le privait pas du sentiment de jalousie, qui pouvait susciter une r\u00e9action. L\u00e0 se tient le <strong>m\u00e9canisme<\/strong> de son passage \u00e0 l\u2019acte.\u2009\u00bb<\/p>\n<p>Vid\u00e9os : en ce moment sur ActuUne anguille insaisissable<\/p>\n<p class=\" wall-content\">Selon Me De Caunes, l\u2019accus\u00e9 est absent de son proc\u00e8s. <strong>\u00ab\u2009Les questions rebondissent sur lui, il glisse, s\u2019\u00e9chappe comme une anguille insaisissable.\u2009\u00bb<\/strong> Ce qui d\u00e9tonne avec la pr\u00e9sence de ses avocats, qui sont dans l\u2019attaque, contredisent les experts, accusent des t\u00e9moins, cr\u00e9ent des coups de th\u00e9\u00e2tre, \u00e9nonce l\u2019avocat des parties civiles.<\/p>\n<p>Votre r\u00e9gion, votre actu !<\/p>\n<p>Recevez chaque jour les infos qui comptent pour vous.<\/p>\n<p>\t<a href=\"https:\/\/actu.fr\/newsletter\" class=\"ac-btn ac-btn--corner ac-btn--medium ac-btn--blue800\" target=\"_blank\" rel=\"noopener\">S&rsquo;incrire<\/a><\/p>\n<p class=\" wall-content\">\u00ab\u2009Ce qui reste dans ce proc\u00e8s, c\u2019est un Jubillar cynique et d\u00e9sinvolte, \u00e0 tel point qu\u2019on se demandait par moments si on ne l\u2019ennuyait pas. Mais au bout du compte, <strong>il est un homme capable de faire ce qu\u2019on lui reproche.<\/strong> [\u2026] Et ses aveux, on s\u2019en passe tr\u00e8s bien vu son comportement.\u2009\u00bb<\/p>\n<p>\u00ab\u2009Ce qui s\u2019est pass\u00e9 est peut-\u00eatre \u00e9pouvantable\u2009\u00bb<\/p>\n<p class=\" wall-content\">Mais sans aveux, pas de tombeau. Pas de d\u00e9tail non plus sur la mani\u00e8re dont Delphine a fini sa vie. \u00ab\u2009Et comme on ne conna\u00eet pas les circonstances du crime, on ne connait pas l\u2019horreur qu\u2019il a pu repr\u00e9senter. Ce qui s\u2019est pass\u00e9 est peut-\u00eatre \u00e9pouvantable, mais on ne le saura pas.\u2009\u00bb C\u00e9dric Jubillar \u00ab\u2009a <strong>scell\u00e9 les d\u00e9tails de ce qui s\u2019est pass\u00e9 dans son coffre-fort mental<\/strong> [\u2026] et l\u00e0 encore, il a cette sup\u00e9riorit\u00e9 sur nous, en tant que joueur de poker\u2009: il nous laisse dans cette incertitude.\u2009\u00bb<\/p>\n<p class=\" wall-content\">Me De Caunes arrive au bout de sa plaidoirie. \u00ab\u2009Monsieur Jubillar est <strong>un homme totalitaire, c\u2019est un dictateur<\/strong>, il r\u00e8gne sans partage. Soit, on lui est soumis, soit on lui est oppos\u00e9.\u2009\u00bb<\/p>\n<p class=\" wall-content\">Et l\u2019avocat renomm\u00e9 de mettre en garde les jur\u00e9s, d\u2019abord contre les comparaisons avec l\u2019affaire Viguier. Il s\u2019\u00e9carte momentan\u00e9ment de son <strong>discours soutenu<\/strong> et leur conseille de \u00ab\u2009ne pas se laisser embarquer dans ce <strong>raisonnement foireux<\/strong>\u2009\u00bb. Et de fermer leurs esprits \u00ab\u2009au tapage des charlatans qui font leur commerce avec le malheur de Delphine\u2009\u00bb.<\/p>\n<p>\u00ab\u2009Vous aurez fait votre devoir\u2009\u00bb<\/p>\n<p class=\" wall-content\">\u00ab\u2009Ici tout est malheur. <strong>La mort de Delphine est un malheur. La culpabilit\u00e9 de C\u00e9dric Jubillar est un malheur.<\/strong> La d\u00e9cision que vous rendrez ne sera pas un bonheur pour qui que ce soit. Mais vous aurez fait votre devoir envers Delphine.\u2009\u00bb<\/p>\n<p class=\" wall-content\">Les plaidoiries de Me Boguet et Me Chmani, les avocats des enfants Jubillar, sont attendues ce mercredi 15\u00a0octobre au matin, avant le r\u00e9quisitoire du minist\u00e8re public.<\/p>\n<p class=\" wall-content\">Personnalisez votre actualit\u00e9 en ajoutant vos villes et m\u00e9dias en favori avec <a href=\"https:\/\/moncompte.actu.fr\" title=\"D\u00e9couvez Mon Actu\" rel=\"nofollow noopener\" data-trk=\"{&quot;cta&quot;:{&quot;action&quot;:&quot;https:\\\/\\\/moncompte.actu.fr&quot;,&quot;category&quot;:&quot;mon compte&quot;,&quot;from&quot;:&quot;article footer&quot;,&quot;name&quot;:&quot;Mon actu&quot;,&quot;type&quot;:&quot;cta&quot;}}\" target=\"_blank\">Mon Actu<\/a>.<\/p>\n","protected":false},"excerpt":{"rendered":"Par Anaelle Montagne Publi\u00e9 le 14 oct. 2025 \u00e0 17h53 \u00ab\u2009Quand il y a des morts, il y&hellip;\n","protected":false},"author":2,"featured_media":464141,"comment_status":"","ping_status":"","sticky":false,"template":"","format":"standard","meta":{"footnotes":""},"categories":[4],"tags":[11,38151,118,1011,27,12,25],"class_list":{"0":"post-464140","1":"post","2":"type-post","3":"status-publish","4":"format-standard","5":"has-post-thumbnail","7":"category-france","8":"tag-actualites","9":"tag-affaire-delphine-jubillar","10":"tag-faits-divers","11":"tag-fr","12":"tag-france","13":"tag-news","14":"tag-republique-francaise"},"share_on_mastodon":{"url":"","error":""},"_links":{"self":[{"href":"https:\/\/www.europesays.com\/fr\/wp-json\/wp\/v2\/posts\/464140","targetHints":{"allow":["GET"]}}],"collection":[{"href":"https:\/\/www.europesays.com\/fr\/wp-json\/wp\/v2\/posts"}],"about":[{"href":"https:\/\/www.europesays.com\/fr\/wp-json\/wp\/v2\/types\/post"}],"author":[{"embeddable":true,"href":"https:\/\/www.europesays.com\/fr\/wp-json\/wp\/v2\/users\/2"}],"replies":[{"embeddable":true,"href":"https:\/\/www.europesays.com\/fr\/wp-json\/wp\/v2\/comments?post=464140"}],"version-history":[{"count":0,"href":"https:\/\/www.europesays.com\/fr\/wp-json\/wp\/v2\/posts\/464140\/revisions"}],"wp:featuredmedia":[{"embeddable":true,"href":"https:\/\/www.europesays.com\/fr\/wp-json\/wp\/v2\/media\/464141"}],"wp:attachment":[{"href":"https:\/\/www.europesays.com\/fr\/wp-json\/wp\/v2\/media?parent=464140"}],"wp:term":[{"taxonomy":"category","embeddable":true,"href":"https:\/\/www.europesays.com\/fr\/wp-json\/wp\/v2\/categories?post=464140"},{"taxonomy":"post_tag","embeddable":true,"href":"https:\/\/www.europesays.com\/fr\/wp-json\/wp\/v2\/tags?post=464140"}],"curies":[{"name":"wp","href":"https:\/\/api.w.org\/{rel}","templated":true}]}}