{"id":464144,"date":"2025-10-15T05:37:13","date_gmt":"2025-10-15T05:37:13","guid":{"rendered":"https:\/\/www.europesays.com\/fr\/464144\/"},"modified":"2025-10-15T05:37:13","modified_gmt":"2025-10-15T05:37:13","slug":"comment-le-magasin-sest-metamorphose-apres-casino","status":"publish","type":"post","link":"https:\/\/www.europesays.com\/fr\/464144\/","title":{"rendered":"comment le magasin s\u2019est m\u00e9tamorphos\u00e9 apr\u00e8s Casino"},"content":{"rendered":"<p>Ce jeudi 16\u00a0octobre, \u00e7a fera tr\u00e8s exactement deux ans qu\u2019Intermarch\u00e9 s\u2019est install\u00e9 en lieu et place de l\u2019historique Casino, sur la zone commerciale de Chazeau.<\/p>\n<p>Apr\u00e8s quelques mois de fonctionnement dans les m\u00eames locaux, un gros chantier de r\u00e9habilitation a \u00e9t\u00e9 lanc\u00e9 en septembre\u00a02024. \u00ab\u00a0Nous avons r\u00e9alis\u00e9 les travaux par phase, en sept \u00e9tapes exactement avec l\u2019ext\u00e9rieur, et \u00e7a a dur\u00e9 neuf mois\u00a0\u00bb, expliquent les g\u00e9rants Catherine Penot et Philippe Raby.<\/p>\n<p>De 5\u00a0700 m\u00b2, la surface de vente est pass\u00e9e \u00e0 4\u00a0300 m\u00b2<\/p>\n<p>Il faut dire que le magasin \u00e9tait dans son jus, alors il y avait du boulot. \u00ab\u00a0Tout s\u2019est fait en site occup\u00e9, il a fallu d\u00e9placer les gondoles, au fur et \u00e0 mesure, \u00e7a a demand\u00e9 beaucoup de manutention&#8230;.<\/p>\n","protected":false},"excerpt":{"rendered":"Ce jeudi 16\u00a0octobre, \u00e7a fera tr\u00e8s exactement deux ans qu\u2019Intermarch\u00e9 s\u2019est install\u00e9 en lieu et place de l\u2019historique&hellip;\n","protected":false},"author":2,"featured_media":464145,"comment_status":"","ping_status":"","sticky":false,"template":"","format":"standard","meta":{"footnotes":""},"categories":[9653],"tags":[1111,11,2430,4406,130,33,7539,1777,674,10282,10283,1011,27,12,25,4001],"class_list":{"0":"post-464144","1":"post","2":"type-post","3":"status-publish","4":"format-standard","5":"has-post-thumbnail","7":"category-saint-etienne","8":"tag-actu","9":"tag-actualites","10":"tag-auvergne-rhone-alpes","11":"tag-commerce-et-services","12":"tag-consommation","13":"tag-economie","14":"tag-edition-loire-sud","15":"tag-eu","16":"tag-europe","17":"tag-firminy","18":"tag-firminy-ville","19":"tag-fr","20":"tag-france","21":"tag-news","22":"tag-republique-francaise","23":"tag-saint-etienne"},"share_on_mastodon":{"url":"https:\/\/pubeurope.com\/@fr\/115376569934281573","error":""},"_links":{"self":[{"href":"https:\/\/www.europesays.com\/fr\/wp-json\/wp\/v2\/posts\/464144","targetHints":{"allow":["GET"]}}],"collection":[{"href":"https:\/\/www.europesays.com\/fr\/wp-json\/wp\/v2\/posts"}],"about":[{"href":"https:\/\/www.europesays.com\/fr\/wp-json\/wp\/v2\/types\/post"}],"author":[{"embeddable":true,"href":"https:\/\/www.europesays.com\/fr\/wp-json\/wp\/v2\/users\/2"}],"replies":[{"embeddable":true,"href":"https:\/\/www.europesays.com\/fr\/wp-json\/wp\/v2\/comments?post=464144"}],"version-history":[{"count":0,"href":"https:\/\/www.europesays.com\/fr\/wp-json\/wp\/v2\/posts\/464144\/revisions"}],"wp:featuredmedia":[{"embeddable":true,"href":"https:\/\/www.europesays.com\/fr\/wp-json\/wp\/v2\/media\/464145"}],"wp:attachment":[{"href":"https:\/\/www.europesays.com\/fr\/wp-json\/wp\/v2\/media?parent=464144"}],"wp:term":[{"taxonomy":"category","embeddable":true,"href":"https:\/\/www.europesays.com\/fr\/wp-json\/wp\/v2\/categories?post=464144"},{"taxonomy":"post_tag","embeddable":true,"href":"https:\/\/www.europesays.com\/fr\/wp-json\/wp\/v2\/tags?post=464144"}],"curies":[{"name":"wp","href":"https:\/\/api.w.org\/{rel}","templated":true}]}}