{"id":464160,"date":"2025-10-15T05:45:10","date_gmt":"2025-10-15T05:45:10","guid":{"rendered":"https:\/\/www.europesays.com\/fr\/464160\/"},"modified":"2025-10-15T05:45:10","modified_gmt":"2025-10-15T05:45:10","slug":"que-sest-il-passe-cette-nuit-pres-de-rouen","status":"publish","type":"post","link":"https:\/\/www.europesays.com\/fr\/464160\/","title":{"rendered":"que s&rsquo;est il pass\u00e9 cette nuit pr\u00e8s de Rouen\u00a0?"},"content":{"rendered":"<p>            Par<br \/>\n        <strong><br \/>\n            <a href=\"https:\/\/actu.fr\/auteur\/eaube\" title=\"Consulter tous les articles de Elo\u00efse Aub\u00e9\" rel=\"nofollow noopener\" target=\"_blank\">Elo\u00efse Aub\u00e9<\/a><br \/>\n        <\/strong><\/p>\n<p>        Publi\u00e9 le<\/p>\n<p>            15 oct. 2025 \u00e0 7h32        <\/p>\n<p>Dans la nuit du mardi\u00a014 au mercredi 15\u00a0octobre 2025, un incendie a eu lieu rue Sadi Carnot \u00e0 Grand Quevilly pr\u00e8s de <a href=\"https:\/\/actu.fr\/normandie\/rouen_76540\" rel=\"nofollow noopener\" target=\"_blank\">Rouen<\/a> (Seine-Maritime). Dans le d\u00e9tail, <strong>deux v\u00e9hicules, stationn\u00e9s devant deux maisons, ont pris feu<\/strong>, propageant les flammes \u00e0 l\u2019une des maisons.<\/p>\n<p>Police et mairie sur place<\/p>\n<p class=\" wall-content\">Contact\u00e9s \u00e0 4h40, les pompiers sont arriv\u00e9s au nombre de 14 pour tenter d\u2019\u00e9teindre l\u2019incendie au moyen d\u2019une lance \u00e0 incendie. La police et une personne de la mairie se sont \u00e9galement rendues sur les lieux.<\/p>\n<p class=\" wall-content\">Un homme de 35\u00a0ans a \u00e9t\u00e9 <strong>l\u00e9g\u00e8rement intoxiqu\u00e9<\/strong> par les fum\u00e9es. Il a \u00e9t\u00e9 transport\u00e9 en urgence relative \u00e0 l\u2019h\u00f4pital Saint-Julien de la commune.<\/p>\n<p>Suivez l\u2019actualit\u00e9 de Rouen sur notre <a href=\"https:\/\/www.whatsapp.com\/channel\/0029VaKfnf99hXF2ddApFB1D\" rel=\"nofollow noopener\" target=\"_blank\">cha\u00eene WhatsApp<\/a> et sur notre <a href=\"https:\/\/www.tiktok.com\/@76actu.fr?lang=fr\" rel=\"nofollow noopener\" target=\"_blank\">compte TikTok<\/a><\/p>\n<p class=\" wall-content\">Personnalisez votre actualit\u00e9 en ajoutant vos villes et m\u00e9dias en favori avec <a href=\"https:\/\/moncompte.actu.fr\" title=\"D\u00e9couvez Mon Actu\" rel=\"nofollow noopener\" data-trk=\"{&quot;cta&quot;:{&quot;action&quot;:&quot;https:\\\/\\\/moncompte.actu.fr&quot;,&quot;category&quot;:&quot;mon compte&quot;,&quot;from&quot;:&quot;article footer&quot;,&quot;name&quot;:&quot;Mon actu&quot;,&quot;type&quot;:&quot;cta&quot;}}\" target=\"_blank\">Mon Actu<\/a>.<\/p>\n<p>                    <script async src=\"\/\/www.tiktok.com\/embed.js\"><\/script><\/p>\n","protected":false},"excerpt":{"rendered":"Par Elo\u00efse Aub\u00e9 Publi\u00e9 le 15 oct. 2025 \u00e0 7h32 Dans la nuit du mardi\u00a014 au mercredi 15\u00a0octobre&hellip;\n","protected":false},"author":2,"featured_media":464161,"comment_status":"","ping_status":"","sticky":false,"template":"","format":"standard","meta":{"footnotes":""},"categories":[9587],"tags":[1111,11,1777,674,118,1011,27,1310,12,5161,1072,1311,25,9590],"class_list":{"0":"post-464160","1":"post","2":"type-post","3":"status-publish","4":"format-standard","5":"has-post-thumbnail","7":"category-rouen","8":"tag-actu","9":"tag-actualites","10":"tag-eu","11":"tag-europe","12":"tag-faits-divers","13":"tag-fr","14":"tag-france","15":"tag-incendie","16":"tag-news","17":"tag-normandie","18":"tag-police","19":"tag-pompiers","20":"tag-republique-francaise","21":"tag-rouen"},"share_on_mastodon":{"url":"https:\/\/pubeurope.com\/@fr\/115376601448416118","error":""},"_links":{"self":[{"href":"https:\/\/www.europesays.com\/fr\/wp-json\/wp\/v2\/posts\/464160","targetHints":{"allow":["GET"]}}],"collection":[{"href":"https:\/\/www.europesays.com\/fr\/wp-json\/wp\/v2\/posts"}],"about":[{"href":"https:\/\/www.europesays.com\/fr\/wp-json\/wp\/v2\/types\/post"}],"author":[{"embeddable":true,"href":"https:\/\/www.europesays.com\/fr\/wp-json\/wp\/v2\/users\/2"}],"replies":[{"embeddable":true,"href":"https:\/\/www.europesays.com\/fr\/wp-json\/wp\/v2\/comments?post=464160"}],"version-history":[{"count":0,"href":"https:\/\/www.europesays.com\/fr\/wp-json\/wp\/v2\/posts\/464160\/revisions"}],"wp:featuredmedia":[{"embeddable":true,"href":"https:\/\/www.europesays.com\/fr\/wp-json\/wp\/v2\/media\/464161"}],"wp:attachment":[{"href":"https:\/\/www.europesays.com\/fr\/wp-json\/wp\/v2\/media?parent=464160"}],"wp:term":[{"taxonomy":"category","embeddable":true,"href":"https:\/\/www.europesays.com\/fr\/wp-json\/wp\/v2\/categories?post=464160"},{"taxonomy":"post_tag","embeddable":true,"href":"https:\/\/www.europesays.com\/fr\/wp-json\/wp\/v2\/tags?post=464160"}],"curies":[{"name":"wp","href":"https:\/\/api.w.org\/{rel}","templated":true}]}}