{"id":464165,"date":"2025-10-15T05:48:24","date_gmt":"2025-10-15T05:48:24","guid":{"rendered":"https:\/\/www.europesays.com\/fr\/464165\/"},"modified":"2025-10-15T05:48:24","modified_gmt":"2025-10-15T05:48:24","slug":"grenoble-des-citoyens-engages-pour-la-decarbonation-de-leur-territoire","status":"publish","type":"post","link":"https:\/\/www.europesays.com\/fr\/464165\/","title":{"rendered":"Grenoble. Des citoyens engag\u00e9s pour la d\u00e9carbonation de leur territoire"},"content":{"rendered":"<p>\u00ab\u200aCidre\u200a? Bi\u00e8re\u200a? Ginger beer\u200a?\u200a\u00bb, propose Antoine, un habitu\u00e9. Ici et l\u00e0, un verre \u00e0 la main, deux-trois personnes font connaissance en attendant le d\u00e9but formel de la r\u00e9union, pr\u00e9vue \u00e0 20 heures. Ce lundi 29\u00a0septembre, l\u2019antenne is\u00e9roise des Shifters reprend du service dans une salle de la Maison des associations de Grenoble, dans une ambiance chaleureuse comme le veut la tradition mensuelle.<\/p>\n<p>\u00c0 l\u2019image des 60 groupes locaux en France, la centaine de b\u00e9n\u00e9voles de l\u2019association grenobloise organise, \u00e0 titre gratuit, des conf\u00e9rences de sensibilisation \u00e0 la transition \u00e9cologique et au r\u00e9chauffement climatique pour le grand public, les collectivit\u00e9s et les entreprises locales.<\/p>\n<p>\u00ab\u200aNous allons dans les lyc\u00e9es, des foires rurales, des forums\u00bb<\/p>\n<p>\u00ab\u200aNous allons dans les lyc\u00e9es, dans des foires rurales comme&#8230;<\/p>\n","protected":false},"excerpt":{"rendered":"\u00ab\u200aCidre\u200a? Bi\u00e8re\u200a? Ginger beer\u200a?\u200a\u00bb, propose Antoine, un habitu\u00e9. Ici et l\u00e0, un verre \u00e0 la main, deux-trois personnes&hellip;\n","protected":false},"author":2,"featured_media":464166,"comment_status":"","ping_status":"","sticky":false,"template":"","format":"standard","meta":{"footnotes":""},"categories":[9566],"tags":[1111,11,2430,436,1777,674,1011,27,2731,9588,108,12,25],"class_list":{"0":"post-464165","1":"post","2":"type-post","3":"status-publish","4":"format-standard","5":"has-post-thumbnail","7":"category-grenoble","8":"tag-actu","9":"tag-actualites","10":"tag-auvergne-rhone-alpes","11":"tag-environnement","12":"tag-eu","13":"tag-europe","14":"tag-fr","15":"tag-france","16":"tag-grenoble","17":"tag-ici-on-agit","18":"tag-isere","19":"tag-news","20":"tag-republique-francaise"},"share_on_mastodon":{"url":"https:\/\/pubeurope.com\/@fr\/115376613401773633","error":""},"_links":{"self":[{"href":"https:\/\/www.europesays.com\/fr\/wp-json\/wp\/v2\/posts\/464165","targetHints":{"allow":["GET"]}}],"collection":[{"href":"https:\/\/www.europesays.com\/fr\/wp-json\/wp\/v2\/posts"}],"about":[{"href":"https:\/\/www.europesays.com\/fr\/wp-json\/wp\/v2\/types\/post"}],"author":[{"embeddable":true,"href":"https:\/\/www.europesays.com\/fr\/wp-json\/wp\/v2\/users\/2"}],"replies":[{"embeddable":true,"href":"https:\/\/www.europesays.com\/fr\/wp-json\/wp\/v2\/comments?post=464165"}],"version-history":[{"count":0,"href":"https:\/\/www.europesays.com\/fr\/wp-json\/wp\/v2\/posts\/464165\/revisions"}],"wp:featuredmedia":[{"embeddable":true,"href":"https:\/\/www.europesays.com\/fr\/wp-json\/wp\/v2\/media\/464166"}],"wp:attachment":[{"href":"https:\/\/www.europesays.com\/fr\/wp-json\/wp\/v2\/media?parent=464165"}],"wp:term":[{"taxonomy":"category","embeddable":true,"href":"https:\/\/www.europesays.com\/fr\/wp-json\/wp\/v2\/categories?post=464165"},{"taxonomy":"post_tag","embeddable":true,"href":"https:\/\/www.europesays.com\/fr\/wp-json\/wp\/v2\/tags?post=464165"}],"curies":[{"name":"wp","href":"https:\/\/api.w.org\/{rel}","templated":true}]}}