{"id":464169,"date":"2025-10-15T05:50:13","date_gmt":"2025-10-15T05:50:13","guid":{"rendered":"https:\/\/www.europesays.com\/fr\/464169\/"},"modified":"2025-10-15T05:50:13","modified_gmt":"2025-10-15T05:50:13","slug":"on-nous-a-mis-des-batons-dans-les-roues-ce-supermarche-leclerc-va-ouvrir-en-ille-et-vilaine-apres-un-interminable-feuilleton-judiciaire","status":"publish","type":"post","link":"https:\/\/www.europesays.com\/fr\/464169\/","title":{"rendered":"\u00ab\u00a0On nous a mis des b\u00e2tons dans les roues\u00a0\u00bb\u00a0: ce supermarch\u00e9 Leclerc va ouvrir en Ille-et-Vilaine apr\u00e8s un interminable feuilleton judiciaire"},"content":{"rendered":"<p>La fin d\u2019un interminable feuilleton. Apr\u00e8s une d\u00e9cennie de batailles juridiques, un supermarch\u00e9 Leclerc va finalement pouvoir s\u2019installer sur la commune de Guignen. Les travaux &#8211; qui devraient durer plus d\u2019un an &#8211; ont d\u00e9but\u00e9 au d\u00e9but du mois de septembre.<\/p>\n<p>L\u2019ouverture du futur magasin \u00e9tait pourtant loin d\u2018\u00eatre acquise. Le dossier a fait l\u2019objet d\u2019une dizaine de recours d\u00e9pos\u00e9s par des enseignes concurrentes, au premier rang desquelles l\u2019Hyper U de Guichen, situ\u00e9 \u00e0 seulement sept kilom\u00e8tres.<\/p>\n<p>Un gros soutien des habitants<\/p>\n<p>\u00ab C\u2019est une super nouvelle pour les habitants \u00bb, se f\u00e9licite aujourd\u2019hui \u00c9velyne Lefeuvre, maire de la commune de plus de 4 000 habitants. \u00ab Il y a eu beaucoup de nuits blanches, j\u2019ai failli y laisser la sant\u00e9, mais je n\u2019ai rien l\u00e2ch\u00e9 \u00bb.<\/p>\n<p>Port\u00e9e par un soutien fort des habitants, la maire n\u2019a pas h\u00e9sit\u00e9 en 2009 \u00e0 organiser une manifestation devant l\u2018Hyper U de Guichen, rassemblant plus de 300 personnes pour d\u00e9fendre le projet. \u00ab On nous a mis des b\u00e2tons dans les roues, mais les recours ont fini par \u00eatre lev\u00e9s un par un \u00bb, r\u00e9sume-t-elle avec un grand soulagement.<\/p>\n<p>Employeur num\u00e9ro 1<\/p>\n<p>Le futur supermarch\u00e9 s\u2018installera sur un terrain situ\u00e9 \u00e0 l\u2019entr\u00e9e nord-est de Guignen, au niveau de l\u2019\u00e9changeur de la RD 177 Rennes-Redon. Fort de 2 125 m\u00b2 de surface de vente, il proposera \u00e9galement un drive de 292 m\u00b2 \u00e9quip\u00e9 de 4 pistes et un parking de 190 places. Avec un recrutement \u00e0 venir de 70 salari\u00e9s, le supermarch\u00e9 deviendra le premier employeur de la commune.<\/p>\n<p>\u00ab Les travaux ont commenc\u00e9 il y a deux semaines \u00bb, indique G\u00e9rald Gravouille, l\u2018actuel porteur de projet qui a pris la suite de <a href=\"https:\/\/www.letelegramme.fr\/finistere\/brest-29200\/on-espere-ouvrir-fin-novembre-leclerc-va-investir-pres-de-10-m-eur-pour-reprendre-le-geant-casino-de-brest-6836596.php\" target=\"_blank\" rel=\"nofollow noopener\">Rapha\u00ebl Barral<\/a>. \u00ab Malgr\u00e9 tous les recours, il n\u2019a jamais \u00e9t\u00e9 question d\u2019abandonner le projet \u00bb, poursuit celui qui est d\u00e9j\u00e0 directeur du Leclerc de Basse Goulaine en Loire Atlantique. \u00ab Il y avait un vrai besoin d\u00fb au d\u00e9ficit de surface commerciale alimentaire dans le secteur. La population a \u00e9norm\u00e9ment augment\u00e9 sur la zone de chalandise du magasin, presque deux fois plus vite qu\u2019ailleurs dans le d\u00e9partement \u00bb. Les futurs clients pourront ainsi b\u00e9n\u00e9ficier \u00ab des produits Leclerc et de ses prix int\u00e9ressants \u00bb avec un choix alimentaire cons\u00e9quent.<\/p>\n<p>Quant \u00e0 la maire, elle compte bien tenir sa promesse faite aux habitants. \u00ab Je me suis engag\u00e9e \u00e0 danser la gigue le jour de la pose de la premi\u00e8re pierre. C\u2019est un moment qu\u2019il ne faudra pas rater \u00bb.<\/p>\n","protected":false},"excerpt":{"rendered":"La fin d\u2019un interminable feuilleton. Apr\u00e8s une d\u00e9cennie de batailles juridiques, un supermarch\u00e9 Leclerc va finalement pouvoir s\u2019installer&hellip;\n","protected":false},"author":2,"featured_media":464170,"comment_status":"","ping_status":"","sticky":false,"template":"","format":"standard","meta":{"footnotes":""},"categories":[2821],"tags":[1111,11,829,1777,674,1011,27,848,12,584,25],"class_list":{"0":"post-464169","1":"post","2":"type-post","3":"status-publish","4":"format-standard","5":"has-post-thumbnail","7":"category-rennes","8":"tag-actu","9":"tag-actualites","10":"tag-bretagne","11":"tag-eu","12":"tag-europe","13":"tag-fr","14":"tag-france","15":"tag-ille-et-vilaine","16":"tag-news","17":"tag-rennes","18":"tag-republique-francaise"},"share_on_mastodon":{"url":"https:\/\/pubeurope.com\/@fr\/115376621137876457","error":""},"_links":{"self":[{"href":"https:\/\/www.europesays.com\/fr\/wp-json\/wp\/v2\/posts\/464169","targetHints":{"allow":["GET"]}}],"collection":[{"href":"https:\/\/www.europesays.com\/fr\/wp-json\/wp\/v2\/posts"}],"about":[{"href":"https:\/\/www.europesays.com\/fr\/wp-json\/wp\/v2\/types\/post"}],"author":[{"embeddable":true,"href":"https:\/\/www.europesays.com\/fr\/wp-json\/wp\/v2\/users\/2"}],"replies":[{"embeddable":true,"href":"https:\/\/www.europesays.com\/fr\/wp-json\/wp\/v2\/comments?post=464169"}],"version-history":[{"count":0,"href":"https:\/\/www.europesays.com\/fr\/wp-json\/wp\/v2\/posts\/464169\/revisions"}],"wp:featuredmedia":[{"embeddable":true,"href":"https:\/\/www.europesays.com\/fr\/wp-json\/wp\/v2\/media\/464170"}],"wp:attachment":[{"href":"https:\/\/www.europesays.com\/fr\/wp-json\/wp\/v2\/media?parent=464169"}],"wp:term":[{"taxonomy":"category","embeddable":true,"href":"https:\/\/www.europesays.com\/fr\/wp-json\/wp\/v2\/categories?post=464169"},{"taxonomy":"post_tag","embeddable":true,"href":"https:\/\/www.europesays.com\/fr\/wp-json\/wp\/v2\/tags?post=464169"}],"curies":[{"name":"wp","href":"https:\/\/api.w.org\/{rel}","templated":true}]}}