{"id":464171,"date":"2025-10-15T05:51:12","date_gmt":"2025-10-15T05:51:12","guid":{"rendered":"https:\/\/www.europesays.com\/fr\/464171\/"},"modified":"2025-10-15T05:51:12","modified_gmt":"2025-10-15T05:51:12","slug":"une-stele-inauguree-en-leur-memoire-jeudi-a-strasbourg","status":"publish","type":"post","link":"https:\/\/www.europesays.com\/fr\/464171\/","title":{"rendered":"une st\u00e8le inaugur\u00e9e en leur m\u00e9moire jeudi \u00e0 Strasbourg"},"content":{"rendered":"<p>            Par<br \/>\n        <strong><br \/>\n            <a href=\"https:\/\/actu.fr\/auteur\/ivan-capecchi\" title=\"Consulter tous les articles de Ivan CAPECCHI\" target=\"_blank\" rel=\"noopener\">Ivan CAPECCHI<\/a><br \/>\n        <\/strong><\/p>\n<p>        Publi\u00e9 le<\/p>\n<p>            15 oct. 2025 \u00e0 7h02        <\/p>\n<p>Jeudi matin, devant le centre administratif de Strasbourg, la Ville et l\u2019Eurom\u00e9tropole de Strasbourg inaugureront une <strong>st\u00e8le<\/strong> \u00e9rig\u00e9e en m\u00e9moire de <a href=\"https:\/\/actu.fr\/faits-divers\/assassinat-de-samuel-paty-les-huit-accuses-tous-reconnus-coupables-des-peines-entre-un-et-16-ans-de-prison_62033141.html\" target=\"_blank\" rel=\"noopener\">Samuel Paty<\/a> et de <a href=\"https:\/\/actu.fr\/hauts-de-france\/arras_62041\/arras-une-ceremonie-emouvante-pour-rendre-hommage-a-dominique-bernard-professeur-tue-devant-son-lycee_63295738.html\" target=\"_blank\" rel=\"noopener\">Dominique Bernard<\/a>, deux enseignants victimes du <strong>terrorisme<\/strong>.<\/p>\n<p class=\" wall-content\">La <strong>c\u00e9r\u00e9monie<\/strong> aura lieu sur <strong>la place qui porte d\u00e9sormais leur nom<\/strong>.<\/p>\n<p>Assassinats de Samuel Paty et Dominique Bernard : quand la libert\u00e9 d\u2019enseigner est vis\u00e9e<\/p>\n<p class=\" wall-content\">Le 16 octobre 2020 \u00e0 <a href=\"https:\/\/actu.fr\/ile-de-france\/conflans-sainte-honorine_78172\/conflans-sainte-honorine-le-college-ou-enseignait-samuel-paty-porte-desormais-officiellement-son-nom_62377566.html\" target=\"_blank\" rel=\"noopener\">Conflans-Sainte-Honorine<\/a>, Samuel Paty, professeur d\u2019histoire-g\u00e9ographie, a \u00e9t\u00e9 <strong>d\u00e9capit\u00e9 par un islamiste radical<\/strong> apr\u00e8s avoir montr\u00e9 en classe des <a href=\"https:\/\/actu.fr\/societe\/a-la-veille-du-proces-de-l-attentat-du-5-janvier-2015-charlie-hebdo-republie-les-caricatures-de-mahomet_35836512.html\" target=\"_blank\" rel=\"noopener\">caricatures de Mahomet<\/a>.\u00a0<\/p>\n<p class=\" wall-content\">Le 13 octobre 2023 \u00e0 Arras, <strong>Dominique Bernard<\/strong>, professeur de fran\u00e7ais, a \u00e9t\u00e9 <strong>tu\u00e9 au couteau par un ancien \u00e9l\u00e8ve radicalis\u00e9<\/strong> lors d\u2019une attaque terroriste dans son lyc\u00e9e. Trois autres personnes ont \u00e9t\u00e9 bless\u00e9es.<\/p>\n<p class=\" wall-content\">Personnalisez votre actualit\u00e9 en ajoutant vos villes et m\u00e9dias en favori avec <a href=\"https:\/\/moncompte.actu.fr\" title=\"D\u00e9couvez Mon Actu\" rel=\"nofollow noopener\" data-trk=\"{&quot;cta&quot;:{&quot;action&quot;:&quot;https:\\\/\\\/moncompte.actu.fr&quot;,&quot;category&quot;:&quot;mon compte&quot;,&quot;from&quot;:&quot;article footer&quot;,&quot;name&quot;:&quot;Mon actu&quot;,&quot;type&quot;:&quot;cta&quot;}}\" target=\"_blank\">Mon Actu<\/a>.<\/p>\n","protected":false},"excerpt":{"rendered":"Par Ivan CAPECCHI Publi\u00e9 le 15 oct. 2025 \u00e0 7h02 Jeudi matin, devant le centre administratif de Strasbourg,&hellip;\n","protected":false},"author":2,"featured_media":464172,"comment_status":"","ping_status":"","sticky":false,"template":"","format":"standard","meta":{"footnotes":""},"categories":[2820],"tags":[1111,11,1777,674,1011,27,775,12,25,104,640,1254],"class_list":{"0":"post-464171","1":"post","2":"type-post","3":"status-publish","4":"format-standard","5":"has-post-thumbnail","7":"category-strasbourg","8":"tag-actu","9":"tag-actualites","10":"tag-eu","11":"tag-europe","12":"tag-fr","13":"tag-france","14":"tag-grand-est","15":"tag-news","16":"tag-republique-francaise","17":"tag-societe","18":"tag-strasbourg","19":"tag-terrorisme"},"share_on_mastodon":{"url":"https:\/\/pubeurope.com\/@fr\/115376625073992860","error":""},"_links":{"self":[{"href":"https:\/\/www.europesays.com\/fr\/wp-json\/wp\/v2\/posts\/464171","targetHints":{"allow":["GET"]}}],"collection":[{"href":"https:\/\/www.europesays.com\/fr\/wp-json\/wp\/v2\/posts"}],"about":[{"href":"https:\/\/www.europesays.com\/fr\/wp-json\/wp\/v2\/types\/post"}],"author":[{"embeddable":true,"href":"https:\/\/www.europesays.com\/fr\/wp-json\/wp\/v2\/users\/2"}],"replies":[{"embeddable":true,"href":"https:\/\/www.europesays.com\/fr\/wp-json\/wp\/v2\/comments?post=464171"}],"version-history":[{"count":0,"href":"https:\/\/www.europesays.com\/fr\/wp-json\/wp\/v2\/posts\/464171\/revisions"}],"wp:featuredmedia":[{"embeddable":true,"href":"https:\/\/www.europesays.com\/fr\/wp-json\/wp\/v2\/media\/464172"}],"wp:attachment":[{"href":"https:\/\/www.europesays.com\/fr\/wp-json\/wp\/v2\/media?parent=464171"}],"wp:term":[{"taxonomy":"category","embeddable":true,"href":"https:\/\/www.europesays.com\/fr\/wp-json\/wp\/v2\/categories?post=464171"},{"taxonomy":"post_tag","embeddable":true,"href":"https:\/\/www.europesays.com\/fr\/wp-json\/wp\/v2\/tags?post=464171"}],"curies":[{"name":"wp","href":"https:\/\/api.w.org\/{rel}","templated":true}]}}