{"id":464179,"date":"2025-10-15T05:55:49","date_gmt":"2025-10-15T05:55:49","guid":{"rendered":"https:\/\/www.europesays.com\/fr\/464179\/"},"modified":"2025-10-15T05:55:49","modified_gmt":"2025-10-15T05:55:49","slug":"au-centre-social-de-cette-commune-au-sud-de-nantes-ils-promeuvent-une-economie-solidaire","status":"publish","type":"post","link":"https:\/\/www.europesays.com\/fr\/464179\/","title":{"rendered":"Au centre social de cette commune au sud de Nantes, ils promeuvent une \u00e9conomie solidaire"},"content":{"rendered":"<p>Le centre social de la Fontaine h\u00e9berge un syst\u00e8me d\u2019\u00e9change local (SEL) depuis la rentr\u00e9e.<\/p>\n<p>Le SEL est une association o\u00f9 les adh\u00e9rents, appel\u00e9s \u00ab\u00a0s\u00e9listes\u00a0\u00bb, \u00e9changent des biens, des services des savoirs sans argent gr\u00e2ce \u00e0 une unit\u00e9 d\u2019\u00e9change d\u00e9finie collectivement.<\/p>\n<p>Les grains ont \u00e9t\u00e9 choisis. Exemple\u00a0: une minute de service \u00e9quivaut\u00a01\u00a0grain, une heure de service 60\u00a0grains,\u00a0etc. &#8230;<\/p>\n<p>\u00a0<\/p>\n","protected":false},"excerpt":{"rendered":"Le centre social de la Fontaine h\u00e9berge un syst\u00e8me d\u2019\u00e9change local (SEL) depuis la rentr\u00e9e. Le SEL est&hellip;\n","protected":false},"author":2,"featured_media":464180,"comment_status":"","ping_status":"","sticky":false,"template":"","format":"standard","meta":{"footnotes":""},"categories":[2818],"tags":[1111,11,3335,7052,33,1777,674,1011,27,766,12,2636,58832,25,801,12280,7053],"class_list":{"0":"post-464179","1":"post","2":"type-post","3":"status-publish","4":"format-standard","5":"has-post-thumbnail","7":"category-nantes","8":"tag-actu","9":"tag-actualites","10":"tag-centre","11":"tag-commune","12":"tag-economie","13":"tag-eu","14":"tag-europe","15":"tag-fr","16":"tag-france","17":"tag-nantes","18":"tag-news","19":"tag-pays-de-la-loire","20":"tag-promeuvent","21":"tag-republique-francaise","22":"tag-social","23":"tag-solidaire","24":"tag-sud"},"share_on_mastodon":{"url":"https:\/\/pubeurope.com\/@fr\/115376644618553117","error":""},"_links":{"self":[{"href":"https:\/\/www.europesays.com\/fr\/wp-json\/wp\/v2\/posts\/464179","targetHints":{"allow":["GET"]}}],"collection":[{"href":"https:\/\/www.europesays.com\/fr\/wp-json\/wp\/v2\/posts"}],"about":[{"href":"https:\/\/www.europesays.com\/fr\/wp-json\/wp\/v2\/types\/post"}],"author":[{"embeddable":true,"href":"https:\/\/www.europesays.com\/fr\/wp-json\/wp\/v2\/users\/2"}],"replies":[{"embeddable":true,"href":"https:\/\/www.europesays.com\/fr\/wp-json\/wp\/v2\/comments?post=464179"}],"version-history":[{"count":0,"href":"https:\/\/www.europesays.com\/fr\/wp-json\/wp\/v2\/posts\/464179\/revisions"}],"wp:featuredmedia":[{"embeddable":true,"href":"https:\/\/www.europesays.com\/fr\/wp-json\/wp\/v2\/media\/464180"}],"wp:attachment":[{"href":"https:\/\/www.europesays.com\/fr\/wp-json\/wp\/v2\/media?parent=464179"}],"wp:term":[{"taxonomy":"category","embeddable":true,"href":"https:\/\/www.europesays.com\/fr\/wp-json\/wp\/v2\/categories?post=464179"},{"taxonomy":"post_tag","embeddable":true,"href":"https:\/\/www.europesays.com\/fr\/wp-json\/wp\/v2\/tags?post=464179"}],"curies":[{"name":"wp","href":"https:\/\/api.w.org\/{rel}","templated":true}]}}