{"id":464189,"date":"2025-10-15T06:00:15","date_gmt":"2025-10-15T06:00:15","guid":{"rendered":"https:\/\/www.europesays.com\/fr\/464189\/"},"modified":"2025-10-15T06:00:15","modified_gmt":"2025-10-15T06:00:15","slug":"feu-violent-au-sud-ouest-de-toulouse-une-maison-totalement-embrasee-en-plein-milieu-de-la-nuit","status":"publish","type":"post","link":"https:\/\/www.europesays.com\/fr\/464189\/","title":{"rendered":"Feu violent au sud-ouest de Toulouse, une maison totalement embras\u00e9e en plein milieu de la nuit"},"content":{"rendered":"<p>            Par<br \/>\n        <strong><br \/>\n            <a href=\"https:\/\/actu.fr\/auteur\/lucie-2\" title=\"Consulter tous les articles de Lucie Fraisse\" rel=\"nofollow noopener\" target=\"_blank\">Lucie Fraisse<\/a><br \/>\n        <\/strong><\/p>\n<p>        Publi\u00e9 le<\/p>\n<p>            15 oct. 2025 \u00e0 7h44        <\/p>\n<p>L\u2019alerte a \u00e9t\u00e9 donn\u00e9e en plein milieu de la nuit ce mercredi 15 octobre 2025. Un violent feu venait de se d\u00e9clarer dans une habitation de la commune d\u2019<a href=\"https:\/\/actu.fr\/occitanie\/estadens_31174\" rel=\"nofollow noopener\" target=\"_blank\">Estadens<\/a>, au <strong>sud de la Haute-Garonne<\/strong>.<\/p>\n<p>Totalement embras\u00e9e<\/p>\n<p class=\" wall-content\">23 pompiers et sept engins de secours sont mobilis\u00e9s pour cet incendie, survenu peu apr\u00e8s minuit.\u00a0<\/p>\n<p class=\" wall-content\">\u00c0 leur arriv\u00e9e sur les lieux du drame, ils d\u00e9couvrent une maison comportant un \u00e9tage, totalement embras\u00e9e.<\/p>\n<p>    <a href=\"https:\/\/www.google.com\/maps\/embed?pb=!1m18!1m12!1m3!1d1122768.152529086!2d-0.29210094990680585!3d43.01747590318151!2m3!1f0!2f0!3f0!3m2!1i1024!2i768!4f13.1!3m3!1m2!1s0x12a8e612605ed879%3A0x406f69c2f4127d0!2s31160%20Estadens!5e0!3m2!1sfr!2sfr!4v1760505683297!5m2!1sfr!2sfr\" title=\"Ouvrie le lien\" rel=\"nofollow noopener\" target=\"_blank\">Cliquez ici pour visualiser le contenu<\/a><\/p>\n<p>Trois lances d\u00e9ploy\u00e9es<\/p>\n<p class=\" wall-content\">Trois lances \u00e0 incendie sont d\u00e9ploy\u00e9es, dont une sur la grande \u00e9chelle, pour venir \u00e0 bout du sinistre qui touche cette habitation de 200 m\u00b2.<\/p>\n<p>Vid\u00e9os : en ce moment sur Actu<\/p>\n<p class=\" wall-content\">Le feu n\u2019a pas fait de victimes, les propri\u00e9taires ont pu \u00eatre relog\u00e9s chez des proches.<\/p>\n<p class=\" wall-content\">Personnalisez votre actualit\u00e9 en ajoutant vos villes et m\u00e9dias en favori avec <a href=\"https:\/\/moncompte.actu.fr\" title=\"D\u00e9couvez Mon Actu\" rel=\"nofollow noopener\" data-trk=\"{&quot;cta&quot;:{&quot;action&quot;:&quot;https:\\\/\\\/moncompte.actu.fr&quot;,&quot;category&quot;:&quot;mon compte&quot;,&quot;from&quot;:&quot;article footer&quot;,&quot;name&quot;:&quot;Mon actu&quot;,&quot;type&quot;:&quot;cta&quot;}}\" target=\"_blank\">Mon Actu<\/a>.<\/p>\n","protected":false},"excerpt":{"rendered":"Par Lucie Fraisse Publi\u00e9 le 15 oct. 2025 \u00e0 7h44 L\u2019alerte a \u00e9t\u00e9 donn\u00e9e en plein milieu de&hellip;\n","protected":false},"author":2,"featured_media":464190,"comment_status":"","ping_status":"","sticky":false,"template":"","format":"standard","meta":{"footnotes":""},"categories":[2816],"tags":[1111,11,1777,674,118,1011,27,1310,12,2680,1311,25,2312],"class_list":{"0":"post-464189","1":"post","2":"type-post","3":"status-publish","4":"format-standard","5":"has-post-thumbnail","7":"category-toulouse","8":"tag-actu","9":"tag-actualites","10":"tag-eu","11":"tag-europe","12":"tag-faits-divers","13":"tag-fr","14":"tag-france","15":"tag-incendie","16":"tag-news","17":"tag-occitanie","18":"tag-pompiers","19":"tag-republique-francaise","20":"tag-toulouse"},"share_on_mastodon":{"url":"https:\/\/pubeurope.com\/@fr\/115376660379441797","error":""},"_links":{"self":[{"href":"https:\/\/www.europesays.com\/fr\/wp-json\/wp\/v2\/posts\/464189","targetHints":{"allow":["GET"]}}],"collection":[{"href":"https:\/\/www.europesays.com\/fr\/wp-json\/wp\/v2\/posts"}],"about":[{"href":"https:\/\/www.europesays.com\/fr\/wp-json\/wp\/v2\/types\/post"}],"author":[{"embeddable":true,"href":"https:\/\/www.europesays.com\/fr\/wp-json\/wp\/v2\/users\/2"}],"replies":[{"embeddable":true,"href":"https:\/\/www.europesays.com\/fr\/wp-json\/wp\/v2\/comments?post=464189"}],"version-history":[{"count":0,"href":"https:\/\/www.europesays.com\/fr\/wp-json\/wp\/v2\/posts\/464189\/revisions"}],"wp:featuredmedia":[{"embeddable":true,"href":"https:\/\/www.europesays.com\/fr\/wp-json\/wp\/v2\/media\/464190"}],"wp:attachment":[{"href":"https:\/\/www.europesays.com\/fr\/wp-json\/wp\/v2\/media?parent=464189"}],"wp:term":[{"taxonomy":"category","embeddable":true,"href":"https:\/\/www.europesays.com\/fr\/wp-json\/wp\/v2\/categories?post=464189"},{"taxonomy":"post_tag","embeddable":true,"href":"https:\/\/www.europesays.com\/fr\/wp-json\/wp\/v2\/tags?post=464189"}],"curies":[{"name":"wp","href":"https:\/\/api.w.org\/{rel}","templated":true}]}}