{"id":464193,"date":"2025-10-15T06:03:12","date_gmt":"2025-10-15T06:03:12","guid":{"rendered":"https:\/\/www.europesays.com\/fr\/464193\/"},"modified":"2025-10-15T06:03:12","modified_gmt":"2025-10-15T06:03:12","slug":"une-alliance-de-premier-tour","status":"publish","type":"post","link":"https:\/\/www.europesays.com\/fr\/464193\/","title":{"rendered":"Une alliance de premier tour"},"content":{"rendered":"<p>            Par<br \/>\n        <strong><br \/>\n            <a href=\"https:\/\/actu.fr\/auteur\/redaction-marseille\" title=\"Consulter tous les articles de R\u00e9daction Marseille\" target=\"_blank\" rel=\"noopener\">R\u00e9daction Marseille<\/a><br \/>\n        <\/strong><\/p>\n<p>        Publi\u00e9 le<\/p>\n<p>            15 oct. 2025 \u00e0 7h46        <\/p>\n<p>La gauche continue de faire l\u2019union \u00e0 <a href=\"https:\/\/actu.fr\/marseille\/\" target=\"_blank\" rel=\"noopener\">Marseille<\/a>. Apr\u00e8s <a href=\"https:\/\/actu.fr\/provence-alpes-cote-d-azur\/marseille_13055\/municipales-2026-a-marseille-entre-lfi-et-benoit-payan-le-parti-communiste-a-fait-son-choix_63249541.html\" target=\"_blank\" rel=\"noopener\">les communistes d\u00e9but octobre,<\/a> les \u00e9cologistes des <a href=\"https:\/\/actu.fr\/provence-alpes-cote-d-azur\/bouches-du-rhone_13\" target=\"_blank\" rel=\"noopener\">Bouches-du-Rh\u00f4ne<\/a> ont vot\u00e9 ce mardi 15\u00a0octobre pour <strong>la reconduite de la coalition<\/strong> d\u00e8s le premier tour des \u00e9lections municipales des 15 et 22\u00a0mars 2026.<\/p>\n<p class=\" wall-content\">Membre du bureau politique ex\u00e9cutif chez Les \u00c9cologistes-EELV, <strong>Hassen Hammou<\/strong> a annonc\u00e9 avoir \u00e9t\u00e9 \u00e9lu \u00ab\u2009chef de file des \u00e9cologistes \u00e0 Marseille\u2009\u00bb pour mener la bataille.<\/p>\n<p>Avec les socialistes fin octobre\u2009?<\/p>\n<p class=\" wall-content\">\u00ab\u2009J\u2019aurai \u00e0 c\u0153ur de mettre en \u0153uvre le mandat que les militant.es m\u2019ont confi\u00e9\u2009: construire une alliance de premier tour <strong>avec les forces de gauche et citoyennes du Printemps marseillais<\/strong>\u2009\u00bb, a-t-il \u00e9crit, dans un post, sur le r\u00e9seau social X.<\/p>\n<p class=\" wall-content\">\n<p class=\" wall-content\">Contrairement aux pr\u00e9c\u00e9dentes municipales, les \u00e9cologistes partiront cette fois-ci d\u00e8s le premier tour officiellement sous une banni\u00e8re d\u2019union de la gauche allant du PS aux communistes. <strong>Sans les Insoumis<\/strong> qui ont d\u00e9j\u00e0 annonc\u00e9 pr\u00e9senter une candidature autonome pour laquelle le d\u00e9put\u00e9 S\u00e9bastien Delogu est pressenti.<\/p>\n<p class=\" wall-content\">Les socialistes, favorables \u00e0 l\u2019union, devraient eux se d\u00e9cider <strong>fin octobre.<\/strong><\/p>\n<p>\u00ab\u2009L\u2019union avec la majorit\u00e9 sortante\u2009\u00bb<\/p>\n<p class=\" wall-content\">Le choix d\u2019un chef de file des \u00c9cologistes mardi soir s\u2019annonce symbolique\u2009: selon toute vraisemblance, la t\u00eate de liste du Printemps marseillais devrait \u00eatre <strong>le maire sortant actuel, l\u2019ex-socialiste Beno\u00eet Payan<\/strong> (divers gauche), m\u00eame si ce dernier n\u2019a pas encore officialis\u00e9 sa candidature. \u00ab\u2009La strat\u00e9gie, c\u2019est l\u2019union avec la majorit\u00e9 sortante\u2009\u00bb, a indiqu\u00e9 Christine Juste, adjointe en charge de l\u2019environnement.<\/p>\n<p class=\" wall-content\">Car en 2020, les \u00e9cologistes \u00e9taient partis seuls \u00e0 l\u2019assaut de la mairie de Marseille avant de rallier la coalition du Printemps marseillais pendant l\u2019entre-deux-tours, permettant \u00e0 la gauche d\u2019arracher la deuxi\u00e8me ville de France apr\u00e8s <strong>25\u00a0ans de r\u00e8gne de la droite.<\/strong><\/p>\n<p class=\" wall-content\">Jean-Claude Gaudin (LR), d\u00e9c\u00e9d\u00e9 en 2024, en avait tenu les r\u00eanes de 1995 \u00e0 2020.<\/p>\n<p>Votre r\u00e9gion, votre actu !<\/p>\n<p>Recevez chaque jour les infos qui comptent pour vous.<\/p>\n<p>\t<a href=\"https:\/\/actu.fr\/newsletter\" class=\"ac-btn ac-btn--corner ac-btn--medium ac-btn--blue800\" target=\"_blank\" rel=\"noopener\">S&rsquo;incrire<\/a><br \/>\nLa droite unie et un seul candidat \u00e0 l\u2019extr\u00eame droite<\/p>\n<p class=\" wall-content\">Face au Printemps marseillais, la droite devrait \u00e9galement partir unie avec la candidate investie par Les R\u00e9publicains et <a href=\"https:\/\/actu.fr\/provence-alpes-cote-d-azur\/marseille_13055\/municipales-2026-a-marseille-apres-la-perte-d-allies-de-taille-martine-vassal-contre-attaque_63242908.html\" target=\"_blank\" rel=\"noopener\">Renaissance<\/a>, <strong>Martine Vassal.<\/strong> Battue en 2020 pour la mairie, elle a toutefois \u00e9t\u00e9 \u00e9lue pr\u00e9sidente du conseil d\u00e9partemental et de la m\u00e9tropole.<\/p>\n<p class=\" wall-content\">\u00c0 l\u2019extr\u00eame droite, <a href=\"https:\/\/actu.fr\/provence-alpes-cote-d-azur\/marseille_13055\/municipales-2026-a-marseille-le-rn-peut-creer-la-surprise-assure-franck-allisio_62903402.html\" target=\"_blank\" rel=\"noopener\">Franck Allisio (Rassemblement national)<\/a> a aussi annonc\u00e9 sa candidature, avec <a href=\"https:\/\/actu.fr\/provence-alpes-cote-d-azur\/marseille_13055\/marseille-municipales-2026-stephane-ravier-jette-l-eponge-et-soutient-le-rn-franck-allisio_63248895.html\" target=\"_blank\" rel=\"noopener\">le soutien d\u00e9sormais du s\u00e9nateur St\u00e9phane Ravier,<\/a> qui avait un temps ralli\u00e9 \u00c9ric Zemmour et son parti Reconqu\u00eate.<\/p>\n<p class=\" wall-content\"><strong>Avec AFP<\/strong><\/p>\n<p class=\" wall-content\">Personnalisez votre actualit\u00e9 en ajoutant vos villes et m\u00e9dias en favori avec <a href=\"https:\/\/moncompte.actu.fr\" title=\"D\u00e9couvez Mon Actu\" rel=\"nofollow noopener\" data-trk=\"{&quot;cta&quot;:{&quot;action&quot;:&quot;https:\\\/\\\/moncompte.actu.fr&quot;,&quot;category&quot;:&quot;mon compte&quot;,&quot;from&quot;:&quot;article footer&quot;,&quot;name&quot;:&quot;Mon actu&quot;,&quot;type&quot;:&quot;cta&quot;}}\" target=\"_blank\">Mon Actu<\/a>.<\/p>\n","protected":false},"excerpt":{"rendered":"Par R\u00e9daction Marseille Publi\u00e9 le 15 oct. 2025 \u00e0 7h46 La gauche continue de faire l\u2019union \u00e0 Marseille.&hellip;\n","protected":false},"author":2,"featured_media":464194,"comment_status":"","ping_status":"","sticky":false,"template":"","format":"standard","meta":{"footnotes":""},"categories":[2814],"tags":[1111,11,6469,4188,1777,674,7430,1011,27,884,3434,12,316,882,25],"class_list":{"0":"post-464193","1":"post","2":"type-post","3":"status-publish","4":"format-standard","5":"has-post-thumbnail","7":"category-marseille","8":"tag-actu","9":"tag-actualites","10":"tag-benoit-payan","11":"tag-elections-municipales","12":"tag-eu","13":"tag-europe","14":"tag-europe-ecologie-les-verts-eelv","15":"tag-fr","16":"tag-france","17":"tag-marseille","18":"tag-municipales-2026","19":"tag-news","20":"tag-politique","21":"tag-provence-alpes-cote-dazur","22":"tag-republique-francaise"},"share_on_mastodon":{"url":"https:\/\/pubeurope.com\/@fr\/115376672212646164","error":""},"_links":{"self":[{"href":"https:\/\/www.europesays.com\/fr\/wp-json\/wp\/v2\/posts\/464193","targetHints":{"allow":["GET"]}}],"collection":[{"href":"https:\/\/www.europesays.com\/fr\/wp-json\/wp\/v2\/posts"}],"about":[{"href":"https:\/\/www.europesays.com\/fr\/wp-json\/wp\/v2\/types\/post"}],"author":[{"embeddable":true,"href":"https:\/\/www.europesays.com\/fr\/wp-json\/wp\/v2\/users\/2"}],"replies":[{"embeddable":true,"href":"https:\/\/www.europesays.com\/fr\/wp-json\/wp\/v2\/comments?post=464193"}],"version-history":[{"count":0,"href":"https:\/\/www.europesays.com\/fr\/wp-json\/wp\/v2\/posts\/464193\/revisions"}],"wp:featuredmedia":[{"embeddable":true,"href":"https:\/\/www.europesays.com\/fr\/wp-json\/wp\/v2\/media\/464194"}],"wp:attachment":[{"href":"https:\/\/www.europesays.com\/fr\/wp-json\/wp\/v2\/media?parent=464193"}],"wp:term":[{"taxonomy":"category","embeddable":true,"href":"https:\/\/www.europesays.com\/fr\/wp-json\/wp\/v2\/categories?post=464193"},{"taxonomy":"post_tag","embeddable":true,"href":"https:\/\/www.europesays.com\/fr\/wp-json\/wp\/v2\/tags?post=464193"}],"curies":[{"name":"wp","href":"https:\/\/api.w.org\/{rel}","templated":true}]}}