{"id":464200,"date":"2025-10-15T06:09:12","date_gmt":"2025-10-15T06:09:12","guid":{"rendered":"https:\/\/www.europesays.com\/fr\/464200\/"},"modified":"2025-10-15T06:09:12","modified_gmt":"2025-10-15T06:09:12","slug":"pourquoi-la-seine-saint-denis-retarde-linstallation-des-modules-de-skate","status":"publish","type":"post","link":"https:\/\/www.europesays.com\/fr\/464200\/","title":{"rendered":"pourquoi la Seine-Saint-Denis retarde l\u2019installation des modules de skate"},"content":{"rendered":"<p>            Par<br \/>\n        <strong><br \/>\n            <a href=\"https:\/\/actu.fr\/auteur\/dorinegoth\" title=\"Consulter tous les articles de Dorine Goth\" target=\"_blank\" rel=\"noopener\">Dorine Goth<\/a><br \/>\n        <\/strong><\/p>\n<p>        Publi\u00e9 le<\/p>\n<p>            15 oct. 2025 \u00e0 7h24        <\/p>\n<p>Les skateurs vont devoir encore patienter avant de pouvoir glisser sur les traces des athl\u00e8tes olympiques. Alors que la Seine-Saint-Denis doit accueillir <strong><a href=\"https:\/\/actu.fr\/ile-de-france\/noisy-le-sec_93053\/jo-de-paris-2024-ces-deux-villes-de-seine-saint-denis-recupereront-les-skateparks-de-la-concorde_61240358.html\" target=\"_blank\" rel=\"noopener\">deux anciens modules de skate<\/a><\/strong> des JO de Paris 2024, les \u00e9quipements se font toujours attendre. Le premier, \u00e0 Noisy-le-Sec, \u00e9tait pr\u00e9vu pour la fin de l\u2019ann\u00e9e 2025. Ce sera finalement le printemps 2026. Le second, au <strong><a href=\"https:\/\/actu.fr\/ile-de-france\/noisy-le-sec_93053\/jo-de-paris-2024-ces-deux-villes-de-seine-saint-denis-recupereront-les-skateparks-de-la-concorde_61240358.html\" target=\"_blank\" rel=\"noopener\">parc des sports de Marville \u00e0 La Courneuve<\/a><\/strong> \u00ab\u2009n\u2019avait pas de calendrier\u2009\u00bb, selon le d\u00e9partement. En 2024, <a href=\"https:\/\/seinesaintdenis.fr\/IMG\/pdf\/cp_reemploi_des_modules_du_skatepark_olympique.pdf\" target=\"_blank\" rel=\"noopener\">un communiqu\u00e9<\/a> \u00e9voquait toutefois une livraison \u00ab\u2009en fin d\u2019ann\u00e9e 2025\u2009\u00bb. Son installation devrait se faire finalement \u00e0 l\u2019horizon 2027. En cause\u2009: l\u2019\u00e9volution des projets qui les accompagnent pour les inscrire dans des espaces \u00ab\u2009ludiques et sportifs plus larges\u2009\u00bb, explique-t-il.<\/p>\n<p>Un espace ludo sportif et un site de comp\u00e9titions<\/p>\n<p class=\" wall-content\">Le premier bloc \u00e9tait d\u00e9di\u00e9 \u00e0 l\u2019entra\u00eenement pendant les Jeux. Il sera install\u00e9 <a href=\"https:\/\/actu.fr\/ile-de-france\/noisy-le-sec_93053\/travaux-sur-un-pont-en-seine-saint-denis-perturbations-a-prevoir-et-itineraires-de-deviation-conseilles_62584480.html\" target=\"_blank\" rel=\"noopener\">sous le pont de l\u2019A86<\/a> sur un site g\u00e9r\u00e9 par la ville. Du skate park classique, le projet a \u00e9volu\u00e9 en \u00ab<strong>\u2009espace ludo sportif gratuit<\/strong>\u2009\u00bb. En libre acc\u00e8s, la zone comprendra le<strong> warm-up des JO<\/strong>, une zone d\u00e9di\u00e9e \u00e0 l\u2019apprentissage du v\u00e9lo, une au basket et une autre \u00e0 l\u2019escalade avec l\u2019installation d\u2019un terrain et des \u00e9quipements pour la pratiquer. Le tout pour un co\u00fbt total de <strong>600\u2009000\u00a0euros<\/strong>.<\/p>\n<p class=\" wall-content\">Quant \u00e0 <strong>Marville,<\/strong> le d\u00e9partement pr\u00e9voit <strong>un plan \u00e0 1,4\u00a0million d\u2019euros<\/strong>. \u00ab\u2009Dans le projet d\u2019\u00e9volution et de r\u00e9novation de Marville, nous avons d\u00e9cid\u00e9 de la cr\u00e9ation d\u2019une zone d\u00e9di\u00e9e aux sports de glisse avec installation des modules de Skate utilis\u00e9s \u00e0 la Concorde pendant les Jeux olympiques et paralympiques\u2009\u00bb, explique le d\u00e9partement.<\/p>\n<p class=\" wall-content\">Le travail est fait en lien avec la F\u00e9d\u00e9ration fran\u00e7aise de skate et le site deviendra le seul d\u2019\u00cele-de-France \u00e0 pouvoir accueillir des comp\u00e9titions nationales \u00ab\u2009voire internationales\u2009\u00bb. Les d\u00e9tails sont encore \u00e0 l\u2019\u00e9tude. Ces derni\u00e8res seront r\u00e9alis\u00e9es en 2026.<\/p>\n<p class=\" wall-content\">Personnalisez votre actualit\u00e9 en ajoutant vos villes et m\u00e9dias en favori avec <a href=\"https:\/\/moncompte.actu.fr\" title=\"D\u00e9couvez Mon Actu\" rel=\"nofollow noopener\" data-trk=\"{&quot;cta&quot;:{&quot;action&quot;:&quot;https:\\\/\\\/moncompte.actu.fr&quot;,&quot;category&quot;:&quot;mon compte&quot;,&quot;from&quot;:&quot;article footer&quot;,&quot;name&quot;:&quot;Mon actu&quot;,&quot;type&quot;:&quot;cta&quot;}}\" target=\"_blank\">Mon Actu<\/a>.<\/p>\n","protected":false},"excerpt":{"rendered":"Par Dorine Goth Publi\u00e9 le 15 oct. 2025 \u00e0 7h24 Les skateurs vont devoir encore patienter avant de&hellip;\n","protected":false},"author":2,"featured_media":464201,"comment_status":"","ping_status":"","sticky":false,"template":"","format":"standard","meta":{"footnotes":""},"categories":[1888],"tags":[1111,1928,11,1927,1777,674,1011,27,7941,12,1926,626,1925,25,60],"class_list":{"0":"post-464200","1":"post","2":"type-post","3":"status-publish","4":"format-standard","5":"has-post-thumbnail","7":"category-paris","8":"tag-actu","9":"tag-actu-paris","10":"tag-actualites","11":"tag-actualites-paris","12":"tag-eu","13":"tag-europe","14":"tag-fr","15":"tag-france","16":"tag-jo-paris-2024","17":"tag-news","18":"tag-news-paris","19":"tag-paris","20":"tag-paris-news","21":"tag-republique-francaise","22":"tag-sports"},"share_on_mastodon":{"url":"https:\/\/pubeurope.com\/@fr\/115376695769055720","error":""},"_links":{"self":[{"href":"https:\/\/www.europesays.com\/fr\/wp-json\/wp\/v2\/posts\/464200","targetHints":{"allow":["GET"]}}],"collection":[{"href":"https:\/\/www.europesays.com\/fr\/wp-json\/wp\/v2\/posts"}],"about":[{"href":"https:\/\/www.europesays.com\/fr\/wp-json\/wp\/v2\/types\/post"}],"author":[{"embeddable":true,"href":"https:\/\/www.europesays.com\/fr\/wp-json\/wp\/v2\/users\/2"}],"replies":[{"embeddable":true,"href":"https:\/\/www.europesays.com\/fr\/wp-json\/wp\/v2\/comments?post=464200"}],"version-history":[{"count":0,"href":"https:\/\/www.europesays.com\/fr\/wp-json\/wp\/v2\/posts\/464200\/revisions"}],"wp:featuredmedia":[{"embeddable":true,"href":"https:\/\/www.europesays.com\/fr\/wp-json\/wp\/v2\/media\/464201"}],"wp:attachment":[{"href":"https:\/\/www.europesays.com\/fr\/wp-json\/wp\/v2\/media?parent=464200"}],"wp:term":[{"taxonomy":"category","embeddable":true,"href":"https:\/\/www.europesays.com\/fr\/wp-json\/wp\/v2\/categories?post=464200"},{"taxonomy":"post_tag","embeddable":true,"href":"https:\/\/www.europesays.com\/fr\/wp-json\/wp\/v2\/tags?post=464200"}],"curies":[{"name":"wp","href":"https:\/\/api.w.org\/{rel}","templated":true}]}}