{"id":464218,"date":"2025-10-15T06:20:31","date_gmt":"2025-10-15T06:20:31","guid":{"rendered":"https:\/\/www.europesays.com\/fr\/464218\/"},"modified":"2025-10-15T06:20:31","modified_gmt":"2025-10-15T06:20:31","slug":"la-restitution-des-corps-des-otages-menace-laccord-liberation","status":"publish","type":"post","link":"https:\/\/www.europesays.com\/fr\/464218\/","title":{"rendered":"la restitution des corps des otages menace l\u2019accord \u2013 Lib\u00e9ration"},"content":{"rendered":"<p class=\"sc-cPiKLX AiZTS text-element\">La mise en \u0153uvre de l\u2019accord de cessez-le-feu entre Isra\u00ebl et le Hamas a connu mardi 14 octobre un accroc de taille, qui suscite la col\u00e8re de la partie isra\u00e9lienne et menace de faire d\u00e9railler les discussions. Selon les termes <a href=\"https:\/\/www.liberation.fr\/international\/moyen-orient\/accord-entre-israel-et-le-hamas-a-gaza-et-a-tel-aviv-une-joie-inouie-malgre-une-paix-sans-garantie-20251009_V5YBVGSSK5GJ5DY73A7OBXSQTY\/\" target=\"_blank\" rel=\"noopener\" title=\"https:\/\/www.liberation.fr\/international\/moyen-orient\/accord-entre-israel-et-le-hamas-a-gaza-et-a-tel-aviv-une-joie-inouie-malgre-une-paix-sans-garantie-20251009_V5YBVGSSK5GJ5DY73A7OBXSQTY\/\">du compromis trouv\u00e9 la semaine derni\u00e8re \u00e0 Charm el-Cheikh, en Egypte<\/a>, le groupe islamiste devait rendre lundi 13 octobre l\u2019ensemble des otages d\u00e9tenus dans la bande de Gaza \u00aben sa possession\u00bb ou d\u2019autres factions palestiniennes \u2013 les vivants comme les morts. Si <a href=\"https:\/\/www.liberation.fr\/international\/moyen-orient\/en-israel-la-joie-du-retour-et-le-vertige-du-traumatisme-20251013_MIHY7TBJGJBUBMYEXUNWXSPKVQ\/\" target=\"_blank\" rel=\"noopener\" title=\"https:\/\/www.liberation.fr\/international\/moyen-orient\/en-israel-la-joie-du-retour-et-le-vertige-du-traumatisme-20251013_MIHY7TBJGJBUBMYEXUNWXSPKVQ\/\">les vingt otages encore en vie ont \u00e9t\u00e9 lib\u00e9r\u00e9s dans les temps<\/a>, seules huit d\u00e9pouilles sur les 28 attendues ont \u00e9t\u00e9 transf\u00e9r\u00e9es vers Isra\u00ebl. Les quatre derni\u00e8res \u00e0 22 h, heure locale. <\/p>\n<p class=\"sc-cPiKLX AiZTS text-element\">Les d\u00e9pouilles remises lundi ont \u00e9t\u00e9 d\u00e9pos\u00e9es pour identifi <\/p>\n","protected":false},"excerpt":{"rendered":"La mise en \u0153uvre de l\u2019accord de cessez-le-feu entre Isra\u00ebl et le Hamas a connu mardi 14 octobre&hellip;\n","protected":false},"author":2,"featured_media":464219,"comment_status":"","ping_status":"","sticky":false,"template":"","format":"standard","meta":{"footnotes":""},"categories":[2],"tags":[11,1011,27,3517,3522,3523,12,25],"class_list":{"0":"post-464218","1":"post","2":"type-post","3":"status-publish","4":"format-standard","5":"has-post-thumbnail","7":"category-actualites","8":"tag-actualites","9":"tag-fr","10":"tag-france","11":"tag-gaza-l-escalade","12":"tag-guerre-hamas-israel","13":"tag-israel-palestine-conflit","14":"tag-news","15":"tag-republique-francaise"},"share_on_mastodon":{"url":"https:\/\/pubeurope.com\/@fr\/115376739007226411","error":""},"_links":{"self":[{"href":"https:\/\/www.europesays.com\/fr\/wp-json\/wp\/v2\/posts\/464218","targetHints":{"allow":["GET"]}}],"collection":[{"href":"https:\/\/www.europesays.com\/fr\/wp-json\/wp\/v2\/posts"}],"about":[{"href":"https:\/\/www.europesays.com\/fr\/wp-json\/wp\/v2\/types\/post"}],"author":[{"embeddable":true,"href":"https:\/\/www.europesays.com\/fr\/wp-json\/wp\/v2\/users\/2"}],"replies":[{"embeddable":true,"href":"https:\/\/www.europesays.com\/fr\/wp-json\/wp\/v2\/comments?post=464218"}],"version-history":[{"count":0,"href":"https:\/\/www.europesays.com\/fr\/wp-json\/wp\/v2\/posts\/464218\/revisions"}],"wp:featuredmedia":[{"embeddable":true,"href":"https:\/\/www.europesays.com\/fr\/wp-json\/wp\/v2\/media\/464219"}],"wp:attachment":[{"href":"https:\/\/www.europesays.com\/fr\/wp-json\/wp\/v2\/media?parent=464218"}],"wp:term":[{"taxonomy":"category","embeddable":true,"href":"https:\/\/www.europesays.com\/fr\/wp-json\/wp\/v2\/categories?post=464218"},{"taxonomy":"post_tag","embeddable":true,"href":"https:\/\/www.europesays.com\/fr\/wp-json\/wp\/v2\/tags?post=464218"}],"curies":[{"name":"wp","href":"https:\/\/api.w.org\/{rel}","templated":true}]}}