{"id":464222,"date":"2025-10-15T06:23:15","date_gmt":"2025-10-15T06:23:15","guid":{"rendered":"https:\/\/www.europesays.com\/fr\/464222\/"},"modified":"2025-10-15T06:23:15","modified_gmt":"2025-10-15T06:23:15","slug":"excelia-et-hub-france-concoivent-un-referentiel-de-competences-manageriales-pour-accelerer-la-transformation-par-lia","status":"publish","type":"post","link":"https:\/\/www.europesays.com\/fr\/464222\/","title":{"rendered":"Excelia et Hub France con\u00e7oivent un r\u00e9f\u00e9rentiel de comp\u00e9tences manag\u00e9riales pour acc\u00e9l\u00e9rer la transformation par l\u2019IA"},"content":{"rendered":"<p>            <a href=\"https:\/\/itsocial.fr\/wp-content\/uploads\/2025\/10\/Excellia-Hub-France_15102025_01.jpg\" data-caption=\"\" rel=\"nofollow noopener\" target=\"_blank\"><img loading=\"lazy\" decoding=\"async\" width=\"696\" height=\"696\" class=\"entry-thumb td-modal-image\" src=\"https:\/\/www.europesays.com\/fr\/wp-content\/uploads\/2025\/10\/Excellia-Hub-France_15102025_01-696x696.jpg\"   alt=\"\" title=\"Excellia-Hub-France_15102025_01\"\/><\/a><\/p>\n<p><a href=\"https:\/\/itsocial.leader.community\/sl\/misteria-leaderboard-061025\" target=\"_blank\" rel=\"nofollow noopener\">&#13;<br \/>\n<img decoding=\"async\" src=\"https:\/\/www.europesays.com\/fr\/wp-content\/uploads\/2025\/10\/misteria-leaderboard-061025.png\" alt=\"banni\u00e8re\"\/>&#13;<br \/>\n<\/a><\/p>\n<p><strong>Excelia et Hub France IA unissent leurs expertises pour acc\u00e9l\u00e9rer l\u2019adoption d\u2019une intelligence artificielle responsable dans les entreprises fran\u00e7aises. Ensemble, ils con\u00e7oivent un r\u00e9f\u00e9rentiel in\u00e9dit de comp\u00e9tences manag\u00e9riales destin\u00e9 \u00e0 structurer la mont\u00e9e en puissance de l\u2019IA dans les organisations et \u00e0 renforcer la souverainet\u00e9 num\u00e9rique du pays.<\/strong><\/p>\n<p>Alors qu\u2019\u00e0 peine une entreprise sur dix utilisait l\u2019intelligence artificielle en France en 2024, selon l\u2019INSEE, l\u2019\u00e9cart se creuse avec les autres pays europ\u00e9ens. Excelia, \u00e9tablissement d\u2019enseignement sup\u00e9rieur reconnu pour sa p\u00e9dagogie augment\u00e9e par l\u2019IA, et Hub France IA, f\u00e9d\u00e9ration regroupant plus de 300 acteurs de l\u2019\u00e9cosyst\u00e8me national, s\u2019allient pour inverser cette tendance. Leur objectif est de doter les managers d\u2019un socle de comp\u00e9tences pour piloter la transformation num\u00e9rique et l\u2019adoption de l\u2019IA dans leurs structures.<\/p>\n<p>Le r\u00e9f\u00e9rentiel \u00e9labor\u00e9 par Excelia Business School et Hub France IA proposera un cadre de comp\u00e9tences manag\u00e9riales sp\u00e9cifiques \u00e0 l\u2019intelligence artificielle. Con\u00e7u et pilot\u00e9 par les enseignants-chercheurs d\u2019Excelia, il s\u2019appuiera sur les retours d\u2019exp\u00e9rience des membres du Hub, issus de secteurs vari\u00e9s : start-up, PME, grands groupes et institutions publiques. L\u2019ambition est de rapprocher la recherche acad\u00e9mique et les besoins op\u00e9rationnels des entreprises pour anticiper l\u2019\u00e9volution des m\u00e9tiers et des formations.<\/p>\n<p><strong>Une alliance entre recherche, p\u00e9dagogie et industrie<\/strong>  <\/p>\n<p>Acteur d\u2019influence au sein de la strat\u00e9gie nationale pour l\u2019intelligence artificielle, le Hub France IA apporte sa connaissance du terrain et son ancrage dans les dynamiques de normalisation. Excelia mobilise de son c\u00f4t\u00e9 ses capacit\u00e9s d\u2019innovation p\u00e9dagogique et ses programmes de formation continue, comme la s\u00e9rie AI4Value ou la formation \u201cGagner en performance avec l\u2019IA\u201d. Cette collaboration crois\u00e9e doit permettre d\u2019alimenter \u00e0 la fois les cursus \u00e9tudiants et les parcours de formation professionnelle.<\/p>\n<p>Les deux organisations partagent une m\u00eame approche de l\u2019intelligence artificielle : \u00e9thique, souveraine et inclusive. Ce partenariat s\u2019inscrit dans la continuit\u00e9 du r\u00e9seau \u201cOsons l\u2019IA\u201d, dont Excelia et Hub France IA sont membres, et qui promeut la diffusion d\u2019une culture responsable de l\u2019IA en France. Pour Caroline Chopinaud, directrice g\u00e9n\u00e9rale du Hub France IA, \u00ab ce r\u00e9f\u00e9rentiel doit faciliter le passage \u00e0 l\u2019\u00e9chelle des strat\u00e9gies IA dans toutes les entreprises \u00bb. M\u00eame vision pour Guillaume Pernoud, enseignant-chercheur \u00e0 Excelia Business School : \u00ab En tant qu\u2019\u00e9cole pionni\u00e8re, nous avons la responsabilit\u00e9 d\u2019accompagner les entreprises non seulement sur les usages, mais aussi sur les comp\u00e9tences n\u00e9cessaires \u00e0 une adoption durable de l\u2019IA \u00bb.<\/p>\n<p>Excelia se positionne comme un acteur pionnier de l\u2019int\u00e9gration de l\u2019intelligence artificielle dans l\u2019enseignement et la recherche. L\u2019\u00e9tablissement a d\u00e9ploy\u00e9 des outils d\u2019apprentissage augment\u00e9s par l\u2019IA, un chatbot de support \u00e9tudiant, ainsi que des modules de formation \u00e0 destination de tous les primo-entrants. Son plan strat\u00e9gique 2025-2030, intitul\u00e9 \u201cIntelligences for our futureS\u201d, traduit cette volont\u00e9 d\u2019exp\u00e9rimenter les nouvelles intelligences dans toutes les dimensions de la p\u00e9dagogie et de l\u2019entreprise.<\/p>\n<p>publicit\u00e9<br \/>\n<a href=\"https:\/\/itsocial.leader.community\/sl\/orange-business-leaderboard-webserie-101025\" target=\"_blank\" rel=\"nofollow noopener\">&#13;<br \/>\n<img decoding=\"async\" src=\"https:\/\/www.europesays.com\/fr\/wp-content\/uploads\/2025\/10\/ban-leaderboard-webserie-orangebusiness.gif\" alt=\"banni\u00e8re\"\/>&#13;<br \/>\n<\/a>        <\/p>\n","protected":false},"excerpt":{"rendered":"&#13; &#13; Excelia et Hub France IA unissent leurs expertises pour acc\u00e9l\u00e9rer l\u2019adoption d\u2019une intelligence artificielle responsable dans&hellip;\n","protected":false},"author":2,"featured_media":464223,"comment_status":"","ping_status":"","sticky":false,"template":"","format":"standard","meta":{"footnotes":""},"categories":[4],"tags":[11,10290,1119,1011,27,19629,861,223,8657,12,25],"class_list":{"0":"post-464222","1":"post","2":"type-post","3":"status-publish","4":"format-standard","5":"has-post-thumbnail","7":"category-france","8":"tag-actualites","9":"tag-competences","10":"tag-formation","11":"tag-fr","12":"tag-france","13":"tag-gouvernance","14":"tag-ia","15":"tag-intelligence-artificielle","16":"tag-management","17":"tag-news","18":"tag-republique-francaise"},"share_on_mastodon":{"url":"https:\/\/pubeurope.com\/@fr\/115376750901352125","error":""},"_links":{"self":[{"href":"https:\/\/www.europesays.com\/fr\/wp-json\/wp\/v2\/posts\/464222","targetHints":{"allow":["GET"]}}],"collection":[{"href":"https:\/\/www.europesays.com\/fr\/wp-json\/wp\/v2\/posts"}],"about":[{"href":"https:\/\/www.europesays.com\/fr\/wp-json\/wp\/v2\/types\/post"}],"author":[{"embeddable":true,"href":"https:\/\/www.europesays.com\/fr\/wp-json\/wp\/v2\/users\/2"}],"replies":[{"embeddable":true,"href":"https:\/\/www.europesays.com\/fr\/wp-json\/wp\/v2\/comments?post=464222"}],"version-history":[{"count":0,"href":"https:\/\/www.europesays.com\/fr\/wp-json\/wp\/v2\/posts\/464222\/revisions"}],"wp:featuredmedia":[{"embeddable":true,"href":"https:\/\/www.europesays.com\/fr\/wp-json\/wp\/v2\/media\/464223"}],"wp:attachment":[{"href":"https:\/\/www.europesays.com\/fr\/wp-json\/wp\/v2\/media?parent=464222"}],"wp:term":[{"taxonomy":"category","embeddable":true,"href":"https:\/\/www.europesays.com\/fr\/wp-json\/wp\/v2\/categories?post=464222"},{"taxonomy":"post_tag","embeddable":true,"href":"https:\/\/www.europesays.com\/fr\/wp-json\/wp\/v2\/tags?post=464222"}],"curies":[{"name":"wp","href":"https:\/\/api.w.org\/{rel}","templated":true}]}}