{"id":464224,"date":"2025-10-15T06:26:14","date_gmt":"2025-10-15T06:26:14","guid":{"rendered":"https:\/\/www.europesays.com\/fr\/464224\/"},"modified":"2025-10-15T06:26:14","modified_gmt":"2025-10-15T06:26:14","slug":"top-14-je-croque-a-fond-dans-ma-chance-lardechois-thomas-ceyte-seclate-a-clermont","status":"publish","type":"post","link":"https:\/\/www.europesays.com\/fr\/464224\/","title":{"rendered":"Top 14. \u00ab\u00a0Je croque \u00e0 fond dans ma chance\u00a0\u00bb : l&rsquo;Ard\u00e9chois\u00a0Thomas Ceyte s&rsquo;\u00e9clate \u00e0 Clermont"},"content":{"rendered":"<blockquote class=\"question\"><p><strong>Thomas, quel regard portez-vous sur le d\u00e9but de saison du XV clermontois\u00a0?<\/strong><\/p><\/blockquote>\n<p>\u00ab\u00a0On va dire que c\u2019est un d\u00e9but de saison \u00e0 deux vitesses. On a mal commenc\u00e9 avec ces deux d\u00e9faites, contre Toulouse (24-34) et \u00e0 La\u00a0Rochelle (16-34). M\u00eame s\u2019il y avait du bon pendant le match, \u00e7a a fait z\u00e9ro point en deux journ\u00e9es. Et l\u00e0, depuis le match de Pau \u00e0 la maison (50-27), les choses se modifient. <a href=\"https:\/\/www.ledauphine.com\/sport\/2025\/10\/11\/top-14-hecatombe-pour-bayonne-corrige-par-pau\" target=\"_blank\" rel=\"noopener\">On sent qu\u2019on progresse<\/a> , il faut que \u00e7a continue dans ce sens. Mais comme on se le dit entre nous, on reste tr\u00e8s humbles l\u00e0-dessus.\u00a0\u00bb<\/p>\n<blockquote class=\"question\"><p><strong>L\u2019ASM sort d\u2019une qualification en 2024-2025 (5e )\u00a0; \u00e7a n\u2019\u00e9tait pas arriv\u00e9 depuis 2021. Est-ce que cette qualification a chang\u00e9 des choses\u00a0?<\/strong><\/p><\/blockquote>\n<p>\u00ab\u00a0Ce qui est bien, c\u2019est que \u00e7a valide une partie du projet que le club met en place depuis quelques ann\u00e9es, pour que l\u2019ASM redevienne un club prioritaire du Top 14. M\u00eame si on s\u2019est qualifi\u00e9 \u00e0 la derni\u00e8re journ\u00e9e,&#8230;<\/p>\n","protected":false},"excerpt":{"rendered":"Thomas, quel regard portez-vous sur le d\u00e9but de saison du XV clermontois\u00a0? \u00ab\u00a0On va dire que c\u2019est un&hellip;\n","protected":false},"author":2,"featured_media":464225,"comment_status":"","ping_status":"","sticky":false,"template":"","format":"standard","meta":{"footnotes":""},"categories":[1416],"tags":[4646,17018,33845,2730,4645,107,1701,1011,27,58836,479,1468,517,1947,60,478,12922,15314],"class_list":{"0":"post-464224","1":"post","2":"type-post","3":"status-publish","4":"format-standard","5":"has-post-thumbnail","7":"category-rugby","8":"tag-ardeche","9":"tag-aubenas","10":"tag-aubenas-bassin","11":"tag-drome","12":"tag-edition-aubenas-privas-vallee-du-rhone","13":"tag-fil-info","14":"tag-fil-info-sport","15":"tag-fr","16":"tag-france","17":"tag-rcav-rugby-club-aubenas-vals","18":"tag-rugby","19":"tag-rugby-football","20":"tag-sport","21":"tag-sport-national","22":"tag-sports","23":"tag-top-14","24":"tag-vals-les-bains","25":"tag-vals-les-bains-et-autour"},"share_on_mastodon":{"url":"https:\/\/pubeurope.com\/@fr\/115376762680961759","error":""},"_links":{"self":[{"href":"https:\/\/www.europesays.com\/fr\/wp-json\/wp\/v2\/posts\/464224","targetHints":{"allow":["GET"]}}],"collection":[{"href":"https:\/\/www.europesays.com\/fr\/wp-json\/wp\/v2\/posts"}],"about":[{"href":"https:\/\/www.europesays.com\/fr\/wp-json\/wp\/v2\/types\/post"}],"author":[{"embeddable":true,"href":"https:\/\/www.europesays.com\/fr\/wp-json\/wp\/v2\/users\/2"}],"replies":[{"embeddable":true,"href":"https:\/\/www.europesays.com\/fr\/wp-json\/wp\/v2\/comments?post=464224"}],"version-history":[{"count":0,"href":"https:\/\/www.europesays.com\/fr\/wp-json\/wp\/v2\/posts\/464224\/revisions"}],"wp:featuredmedia":[{"embeddable":true,"href":"https:\/\/www.europesays.com\/fr\/wp-json\/wp\/v2\/media\/464225"}],"wp:attachment":[{"href":"https:\/\/www.europesays.com\/fr\/wp-json\/wp\/v2\/media?parent=464224"}],"wp:term":[{"taxonomy":"category","embeddable":true,"href":"https:\/\/www.europesays.com\/fr\/wp-json\/wp\/v2\/categories?post=464224"},{"taxonomy":"post_tag","embeddable":true,"href":"https:\/\/www.europesays.com\/fr\/wp-json\/wp\/v2\/tags?post=464224"}],"curies":[{"name":"wp","href":"https:\/\/api.w.org\/{rel}","templated":true}]}}