{"id":464228,"date":"2025-10-15T06:28:14","date_gmt":"2025-10-15T06:28:14","guid":{"rendered":"https:\/\/www.europesays.com\/fr\/464228\/"},"modified":"2025-10-15T06:28:14","modified_gmt":"2025-10-15T06:28:14","slug":"diana-balayera-encore-victime-collaterale-des-sanctions-financieres-de-ses-clubs","status":"publish","type":"post","link":"https:\/\/www.europesays.com\/fr\/464228\/","title":{"rendered":"Diana Balayera, encore victime collat\u00e9rale des sanctions financi\u00e8res de ses clubs"},"content":{"rendered":"<p data-start=\"668\" data-end=\"1069\"><a target=\"_blank\" rel=\"noopener\" href=\"https:\/\/www.bebasket.fr\/joueur\/diana-balayera\">Diana Balayera (1,91 m, 29 ans)<\/a>\u00a0vit une situation difficilement compr\u00e9hensible pour une athl\u00e8te professionnelle. Comme lors de son passage \u00e0 la Roche Vend\u00e9e Basket Club en 2024-2025, l\u2019int\u00e9rieure fran\u00e7aise est de nouveau priv\u00e9e de comp\u00e9tition, cette fois sous les couleurs de l\u2019<a target=\"_blank\" rel=\"noopener\" href=\"https:\/\/www.bebasket.fr\/equipe\/lyon-asvel-feminin\">ASVEL F\u00e9minin<\/a>, \u00e0 cause de sanctions financi\u00e8res visant son club.<\/p>\n<p data-start=\"1071\" data-end=\"1291\">Ces suspensions, d\u00e9cid\u00e9es par la F\u00e9d\u00e9ration Fran\u00e7aise de BasketBall (FFBB), ne concernent pas un manquement sportif ou disciplinaire de la joueuse, mais des proc\u00e9dures administratives li\u00e9es aux budgets des clubs.<\/p>\n<p>LIRE AUSSI<\/p>\n<p><a href=\"https:\/\/www.bebasket.fr\/lasvel-encore-sanctionnee-pour-manque-de-garanties-financieres-avec-des-refus-de-qualifications\" target=\"_blank\" rel=\"noopener\"> <img decoding=\"async\" src=\"https:\/\/www.europesays.com\/fr\/wp-content\/uploads\/2025\/10\/550227054-18505173934069140-3572294258276440665-n-1f09efa1-c015-6c1e-ba18-41b2c37455d9.jpg\" alt=\"\"\/> <\/a><\/p>\n<p><strong>Une joueuse sanctionn\u00e9e sans faute<\/strong><\/p>\n<p data-start=\"1341\" data-end=\"1788\">Diana Balayera ne d\u00e9tient aucune fonction dirigeante au sein de ses clubs successifs. Pourtant, elle se retrouve syst\u00e9matiquement emp\u00each\u00e9e de jouer lorsque la FFBB applique ses mesures de suspension d\u2019activit\u00e9. \u00ab Madame Balayera n\u2019a aucune responsabilit\u00e9 dans la gestion financi\u00e8re de son club. Elle remplit toutes ses obligations sportives et contractuelles \u00bb, rappelle son agent Djassam Bouin d\u2019Areus Sports dans un communiqu\u00e9.<\/p>\n<p data-start=\"1790\" data-end=\"2068\">En pratique, la joueuse continue de percevoir son salaire, mais subit un lourd pr\u00e9judice sportif et professionnel : elle ne peut participer \u00e0 la saison, ni contribuer aux performances de son \u00e9quipe, ni participer \u00e0 des rencontres essentielles \u00e0 la progression de sa carri\u00e8re.<\/p>\n<p><strong>Un appel \u00e0 la r\u00e9forme des proc\u00e9dures<\/strong><\/p>\n<p data-start=\"2120\" data-end=\"2526\">Le cas de Diana Balayera met en lumi\u00e8re une faille du syst\u00e8me disciplinaire actuel : les sanctions visant des clubs pour des manquements administratifs se traduisent par des punitions collectives, qui touchent directement les joueuses. \u00ab Ce mode de fonctionnement expose les athl\u00e8tes \u00e0 des suspensions r\u00e9p\u00e9t\u00e9es, sans recours ni possibilit\u00e9 d\u2019intervention de leur part \u00bb, d\u00e9plore Djassam Bouin.<\/p>\n<p data-start=\"2528\" data-end=\"2924\">L\u2019agent appelle la F\u00e9d\u00e9ration Fran\u00e7aise de BasketBall \u00e0 r\u00e9former ses proc\u00e9dures, afin que les mesures soient appliqu\u00e9es de mani\u00e8re \u00e9quitable et cibl\u00e9e, en prenant en compte la position r\u00e9elle des personnes concern\u00e9es. Elle interpelle \u00e9galement la Basketball Player\u2019s Union, le Syndicat national des basketteurs r\u00e9cemment renomm\u00e9, pour d\u00e9fendre les int\u00e9r\u00eats des joueuses confront\u00e9es \u00e0 ce type de situation injuste.<\/p>\n<blockquote class=\"twitter-tweet\" data-width=\"550\" data-dnt=\"true\">\n<p lang=\"fr\" dir=\"ltr\">Le SNB devient Basketball Players&rsquo; Union !<br \/>Une page qui se tourne et qui promet de nombreuses nouveaut\u00e9s que vous d\u00e9couvrirez d\u00e8s lundi en tourn\u00e9e des clubs \ud83d\udd1c <a href=\"https:\/\/t.co\/p1XwCUIgCd\">pic.twitter.com\/p1XwCUIgCd<\/a><\/p>\n<p>\u2014 Basketball Players&rsquo; Union (@SNBasket1) <a href=\"https:\/\/twitter.com\/SNBasket1\/status\/1966480784446918712?ref_src=twsrc%5Etfw\" target=\"_blank\" rel=\"noopener\">September 12, 2025<\/a><\/p>\n<\/blockquote>\n<p><strong>Diana Balayera, un symbole malgr\u00e9 elle<\/strong><\/p>\n<p data-start=\"2979\" data-end=\"3379\">Doublement victime du contexte financier de ses clubs, Diana Balayera illustre malgr\u00e9 elle les d\u00e9rives d\u2019un syst\u00e8me o\u00f9 les joueuses payent des erreurs de gestion qu\u2019elles ne commettent pas.<\/p>\n<p data-start=\"2979\" data-end=\"3379\">Ce nouvel \u00e9pisode relance le d\u00e9bat sur la protection statutaire et juridique des basketteuses professionnelles \u00e9voluant en France, un sujet d\u00e9sormais incontournable pour les acteurs du basket f\u00e9minin.<\/p>\n<p><script async src=\"https:\/\/platform.twitter.com\/widgets.js\" charset=\"utf-8\"><\/script><\/p>\n","protected":false},"excerpt":{"rendered":"Diana Balayera (1,91 m, 29 ans)\u00a0vit une situation difficilement compr\u00e9hensible pour une athl\u00e8te professionnelle. Comme lors de son&hellip;\n","protected":false},"author":2,"featured_media":464229,"comment_status":"","ping_status":"","sticky":false,"template":"","format":"standard","meta":{"footnotes":""},"categories":[1414],"tags":[1465,1464,1011,27,60],"class_list":{"0":"post-464228","1":"post","2":"type-post","3":"status-publish","4":"format-standard","5":"has-post-thumbnail","7":"category-basket","8":"tag-basket","9":"tag-basketball","10":"tag-fr","11":"tag-france","12":"tag-sports"},"share_on_mastodon":{"url":"https:\/\/pubeurope.com\/@fr\/115376771308729422","error":""},"_links":{"self":[{"href":"https:\/\/www.europesays.com\/fr\/wp-json\/wp\/v2\/posts\/464228","targetHints":{"allow":["GET"]}}],"collection":[{"href":"https:\/\/www.europesays.com\/fr\/wp-json\/wp\/v2\/posts"}],"about":[{"href":"https:\/\/www.europesays.com\/fr\/wp-json\/wp\/v2\/types\/post"}],"author":[{"embeddable":true,"href":"https:\/\/www.europesays.com\/fr\/wp-json\/wp\/v2\/users\/2"}],"replies":[{"embeddable":true,"href":"https:\/\/www.europesays.com\/fr\/wp-json\/wp\/v2\/comments?post=464228"}],"version-history":[{"count":0,"href":"https:\/\/www.europesays.com\/fr\/wp-json\/wp\/v2\/posts\/464228\/revisions"}],"wp:featuredmedia":[{"embeddable":true,"href":"https:\/\/www.europesays.com\/fr\/wp-json\/wp\/v2\/media\/464229"}],"wp:attachment":[{"href":"https:\/\/www.europesays.com\/fr\/wp-json\/wp\/v2\/media?parent=464228"}],"wp:term":[{"taxonomy":"category","embeddable":true,"href":"https:\/\/www.europesays.com\/fr\/wp-json\/wp\/v2\/categories?post=464228"},{"taxonomy":"post_tag","embeddable":true,"href":"https:\/\/www.europesays.com\/fr\/wp-json\/wp\/v2\/tags?post=464228"}],"curies":[{"name":"wp","href":"https:\/\/api.w.org\/{rel}","templated":true}]}}