{"id":464241,"date":"2025-10-15T06:35:12","date_gmt":"2025-10-15T06:35:12","guid":{"rendered":"https:\/\/www.europesays.com\/fr\/464241\/"},"modified":"2025-10-15T06:35:12","modified_gmt":"2025-10-15T06:35:12","slug":"le-livre-un-rempart-contre-lenfermement-algorithmique","status":"publish","type":"post","link":"https:\/\/www.europesays.com\/fr\/464241\/","title":{"rendered":"\u00ab Le livre : un rempart contre l\u2019enfermement algorithmique \u00bb"},"content":{"rendered":"<p><img decoding=\"async\" loading=\"lazy\" class=\"alignnone wp-image-474369 size-full\" src=\"https:\/\/www.europesays.com\/fr\/wp-content\/uploads\/2025\/10\/Salon-livres-association-des-editeurs-de-Tahiti.jpg\" alt=\"\" width=\"800\" height=\"512\"  \/><\/p>\n<p><strong>Le Salon du livre f\u00eate ses 25 ans et Christian Robert, fondateur et g\u00e9rant d\u2019Au Vent des \u00eeles et pr\u00e9sident de l\u2019Association des \u00e9diteurs de Tahiti et des \u00eeles, assure que le livre a pris \u00ab\u00a0plus de place dans ce pays\u00a0\u00bb. Mais le plus dur reste peut-\u00eatre \u00e0 venir avec le num\u00e9rique et l\u2019intelligence artificielle. Ce sera d\u2019ailleurs l\u2019un des sujets abord\u00e9s sur le salon qui commence ce jeudi.<\/strong><\/p>\n<p>Le Salon du livre commence jeudi pour quatre jours d\u2019animations, d\u2019ateliers, de rencontres, de pr\u00e9sentation de nouveaut\u00e9s litt\u00e9raires et bien s\u00fbr d\u2019autographes avec les invit\u00e9s du salon. \u00c0 l\u2019avant-veille de l\u2019\u00e9v\u00e9nement, Christian Robert, fondateur et g\u00e9rant d\u2019Au Vent des \u00eeles et pr\u00e9sident de l\u2019Association des \u00e9diteurs de Tahiti et des \u00eeles, est revenu sur le lancement de la manifestation : r\u00e9unir tous ceux qui travaillaient sur le livre pour promouvoir leur activit\u00e9. Il se souvient que la premi\u00e8re \u00e9dition n\u2019avait qu\u2019un seul invit\u00e9 : Alan Duff, l\u2019auteur n\u00e9o-z\u00e9landais, de L\u2019\u00c2me des guerriers, succ\u00e8s litt\u00e9raire publi\u00e9 chez Actes Sud, qui a \u00e9galement \u00e9t\u00e9 port\u00e9 \u00e0 l\u2019\u00e9cran sous le m\u00eame nom. Vingt-cinq ans plus tard, \u00ab le succ\u00e8s du Salon du livre est grandissant, un salon num\u00e9rique cr\u00e9\u00e9 en 2020 et reproduit depuis chaque ann\u00e9e permet de toucher les \u00eeles \u00bb. Christian Robert liste tout ce qui a chang\u00e9 : \u00ab Il y a beaucoup plus de monde qu\u2019\u00e0 la premi\u00e8re \u00e9dition, le livre a pris plus de place dans le quotidien des gens de ce pays, des gens d\u2019ici ont pris la plume, ont \u00e9t\u00e9 publi\u00e9s ; cet \u00e9v\u00e9nement est devenu un rendez-vous majeur du calendrier culturel polyn\u00e9sien. Et on est toujours aussi heureux de la faire et d\u2019avoir nos invit\u00e9s. \u00bb<\/p>\n<p><a href=\"https:\/\/www.radio1.pf\/cms\/wp-content\/uploads\/2025\/10\/SALON-LIVRE-christian-25-apres.wav\" rel=\"nofollow noopener\" target=\"_blank\">https:\/\/www.radio1.pf\/cms\/wp-content\/uploads\/2025\/10\/SALON-LIVRE-christian-25-apres.wav<\/a><\/p>\n<p>Et demain ? Que va-t-il se passer avec ces bouleversements num\u00e9riques ? L\u2019\u00e9cran est entr\u00e9 dans nos vies quotidiennes depuis de nombreuses ann\u00e9es mais c\u2019est aussi l\u2019intelligence artificielle qui vient bouleverser le livre et la lecture. \u00ab L\u2019envie premi\u00e8re est de maintenir le livre \u00e0 sa place, ne pas se faire d\u00e9border par les r\u00e9seaux sociaux et faire en sorte que les gens lisent. On ne peut pas se satisfaire de passer ses journ\u00e9es sur les r\u00e9seaux sociaux \u00e0 gober des choses pr\u00e9par\u00e9es pour nous, on a besoin de libert\u00e9, de se forger une opinion, besoin d\u2019avoir une information fiable. Le livre est un rempart contre l\u2019enfermement algorithmique. \u00bb<\/p>\n<p><a href=\"https:\/\/www.radio1.pf\/cms\/wp-content\/uploads\/2025\/10\/SALON-LIVRE-christian-enfermement-algorithmique.wav\" rel=\"nofollow noopener\" target=\"_blank\">https:\/\/www.radio1.pf\/cms\/wp-content\/uploads\/2025\/10\/SALON-LIVRE-christian-enfermement-algorithmique.wav<\/a><\/p>\n<p>Et d\u2019ailleurs c\u2019est pour r\u00e9fl\u00e9chir \u00e0 ces sujets que Virginie Clayssen, consultante, sp\u00e9cialis\u00e9e dans l\u2019\u00e9dition, le patrimoine et la cr\u00e9ation num\u00e9rique, a \u00e9t\u00e9 invit\u00e9e. Elle animera deux \u00ab\u00a0causeries\u00a0\u00bb et une conf\u00e9rence sur l\u2019IA et les biblioth\u00e8ques de demain.<\/p>\n<p><strong>Une trentaine de nouveaut\u00e9s litt\u00e9raires et des invit\u00e9s<\/strong><\/p>\n<p>Sur ce salon, on vient d\u00e9battre, r\u00e9fl\u00e9chir \u00e0 la lecture et sa place dans l\u2019\u00e9conomie du Pays, dans la culture polyn\u00e9sienne, mais aussi d\u00e9couvrir les nouveaut\u00e9s. Parmi une trentaine d\u2019ouvrages, celui de Marin Ledun, Terre Rouge, \u00e9dit\u00e9 au Vent des \u00eeles. C\u2019est la troisi\u00e8me fois qu\u2019il vient participer \u00e0 l\u2019\u00e9v\u00e9nement : \u00ab Un honneur \u00bb, dit-il. Son dernier roman raconte une histoire qui se passe aux Marquises, archipel pour lequel il a eu un coup de foudre\u00a0: \u00ab La premi\u00e8re fois que j\u2019ai \u00e9t\u00e9 invit\u00e9 au Salon du livre, on s\u2019est rendu \u00e0 Nuku Hiva et \u00e0 Ua Pou et \u00e7a a \u00e9t\u00e9 une esp\u00e8ce de choc amoureux. En fait j\u2019ai deux mots pour expliquer cette \u00e9motion : l\u2019\u00e9tendue de mon ignorance de voir tout ce qui existait et dont je n\u2019avais jamais entendu parler, c\u2019est juste une honte puisqu\u2019on est quand m\u00eame sur un territoire fran\u00e7ais, et d\u2019autre part, l\u2019\u00e9tendue de mon ignorance sur ma culture. Je suis d\u2019origine ard\u00e9choise et je ne peux pas r\u00e9pondre comme un Marquisien ou un Tahitien, sur d\u2019o\u00f9 je viens, sur ce que je fais, comme eux sont capables de le faire. \u00bb<\/p>\n<p><a href=\"https:\/\/www.radio1.pf\/cms\/wp-content\/uploads\/2025\/10\/SALON-LIVRE-Marin-Ledun.wav\" rel=\"nofollow noopener\" target=\"_blank\">https:\/\/www.radio1.pf\/cms\/wp-content\/uploads\/2025\/10\/SALON-LIVRE-Marin-Ledun.wav<\/a><\/p>\n<p>Un choc amoureux qui se traduit aujourd\u2019hui par l\u2019apprentissage de la langue marquisienne, par son int\u00e9r\u00eat pour la culture et l\u2019histoire de l\u2019archipel, par des patutiki sur ses bras et enfin par la sortie de ce roman. Il lui a fallu plusieurs ann\u00e9es pour se sentir l\u00e9gitime \u00e0 \u00e9crire un roman s\u2019inspirant des Marquises. \u00ab Je ne suis pas Oc\u00e9anien, pas d\u2019ici, pas r\u00e9sident et je sais combien la question de l\u2019appropriation culturelle est importante \u00bb, explique-t-il. Marin Ledun fait partie des nombreux invit\u00e9s de ce salon o\u00f9 beaucoup de rencontres et de pr\u00e9sentations sont donc pr\u00e9vues tout le long de ces quatre jours.<\/p>\n<p>Le Salon du livre, c\u2019est \u00e0 partir de jeudi, sur l\u2019esplanade basse de Toata. Tout le programme sur <a href=\"https:\/\/lireenpolynesie.fr\/\" rel=\"nofollow noopener\" target=\"_blank\">lirenpolynesie.pf<\/a>.<\/p>\n<p><img decoding=\"async\" loading=\"lazy\" class=\"alignnone wp-image-474367 size-full\" src=\"https:\/\/www.europesays.com\/fr\/wp-content\/uploads\/2025\/10\/salon-livre-2.jpg\" alt=\"\" width=\"800\" height=\"512\"  \/><\/p>\n","protected":false},"excerpt":{"rendered":"Le Salon du livre f\u00eate ses 25 ans et Christian Robert, fondateur et g\u00e9rant d\u2019Au Vent des \u00eeles&hellip;\n","protected":false},"author":2,"featured_media":464242,"comment_status":"","ping_status":"","sticky":false,"template":"","format":"standard","meta":{"footnotes":""},"categories":[1357],"tags":[1379,58,59,1011,27,1380],"class_list":{"0":"post-464241","1":"post","2":"type-post","3":"status-publish","4":"format-standard","5":"has-post-thumbnail","7":"category-livres","8":"tag-books","9":"tag-divertissement","10":"tag-entertainment","11":"tag-fr","12":"tag-france","13":"tag-livres"},"share_on_mastodon":{"url":"https:\/\/pubeurope.com\/@fr\/115376798574166745","error":""},"_links":{"self":[{"href":"https:\/\/www.europesays.com\/fr\/wp-json\/wp\/v2\/posts\/464241","targetHints":{"allow":["GET"]}}],"collection":[{"href":"https:\/\/www.europesays.com\/fr\/wp-json\/wp\/v2\/posts"}],"about":[{"href":"https:\/\/www.europesays.com\/fr\/wp-json\/wp\/v2\/types\/post"}],"author":[{"embeddable":true,"href":"https:\/\/www.europesays.com\/fr\/wp-json\/wp\/v2\/users\/2"}],"replies":[{"embeddable":true,"href":"https:\/\/www.europesays.com\/fr\/wp-json\/wp\/v2\/comments?post=464241"}],"version-history":[{"count":0,"href":"https:\/\/www.europesays.com\/fr\/wp-json\/wp\/v2\/posts\/464241\/revisions"}],"wp:featuredmedia":[{"embeddable":true,"href":"https:\/\/www.europesays.com\/fr\/wp-json\/wp\/v2\/media\/464242"}],"wp:attachment":[{"href":"https:\/\/www.europesays.com\/fr\/wp-json\/wp\/v2\/media?parent=464241"}],"wp:term":[{"taxonomy":"category","embeddable":true,"href":"https:\/\/www.europesays.com\/fr\/wp-json\/wp\/v2\/categories?post=464241"},{"taxonomy":"post_tag","embeddable":true,"href":"https:\/\/www.europesays.com\/fr\/wp-json\/wp\/v2\/tags?post=464241"}],"curies":[{"name":"wp","href":"https:\/\/api.w.org\/{rel}","templated":true}]}}