{"id":464260,"date":"2025-10-15T06:46:14","date_gmt":"2025-10-15T06:46:14","guid":{"rendered":"https:\/\/www.europesays.com\/fr\/464260\/"},"modified":"2025-10-15T06:46:14","modified_gmt":"2025-10-15T06:46:14","slug":"retailleau-accuse-sebastien-lecornu-detre-lotage-des-socialistes","status":"publish","type":"post","link":"https:\/\/www.europesays.com\/fr\/464260\/","title":{"rendered":"Retailleau accuse S\u00e9bastien Lecornu d\u2019\u00eatre \u00ab\u00a0l\u2019otage des socialistes\u00a0\u00bb\u2026"},"content":{"rendered":"<p>\u00ab\u00a0C\u2019est une grande victoire\u00a0\u00bb, assure la num\u00e9ro un de la CFDT apr\u00e8s l\u2019annonce de la suspension des retraites<\/p>\n<p>Marylise L\u00e9on a salu\u00e9 sur France Inter \u00ab\u00a0une grande victoire\u00a0\u00bb apr\u00e8s la suspension de la r\u00e9forme des retraites annonc\u00e9e par S\u00e9bastien Lecornu. La num\u00e9ro un de la CFDT a adress\u00e9 ses f\u00e9licitations \u00ab\u00a0aux travailleurs et aux travailleuses qui se sont battus avec beaucoup de dignit\u00e9 en\u00a02023\u00a0\u00bb lors des mobilisations contre la r\u00e9forme Borne. Elle a soulign\u00e9 qu\u2019il s\u2019agissait d\u2019\u00ab\u00a0un travail de longue haleine\u00a0\u00bb, illustrant \u00ab\u00a0une bonne articulation entre le combat syndical et politique\u00a0\u00bb.<\/p>\n<p>La majorit\u00e9 des Fran\u00e7ais contre une motion de censure, d\u2019apr\u00e8s un sondage<\/p>\n<p>D\u2019apr\u00e8s une enqu\u00eate \u00ab\u00a0L\u2019Opinion en direct\u00a0\u00bb r\u00e9alis\u00e9e par Elabe pour <a href=\"https:\/\/www.bfmtv.com\/politique\/gouvernement\/sondage-bfmtv-nouveau-gouvernement-de-sebastien-lecornu-une-majorite-de-francais-ne-souhaite-pas-que-la-motion-de-censure-soit-votee_AN-202510150038.html\" rel=\"nofollow noopener\" target=\"_blank\" class=\"c-link c-link--is-underlined\">BFMTV <\/a>et publi\u00e9e ce mercredi, 56\u00a0% des Fran\u00e7ais ne souhaitent pas qu\u2019une motion de censure soit vot\u00e9e contre le second gouvernement de S\u00e9bastien Lecornu. Dans le d\u00e9tail, 33\u00a0% , n\u2019y sont \u00ab\u00a0pas du tout\u00a0\u00bb favorables et 23\u00a0% \u00ab\u00a0pas vraiment\u00a0\u00bb.<\/p>\n<p>\u00c0 l\u2019inverse, 43\u00a0% soutiennent une motion, dont 21\u00a0% \u00ab\u00a0tout \u00e0 fait\u00a0\u00bb et 22\u00a0% \u00ab\u00a0plut\u00f4t\u00a0\u00bb. Ce soutien est majoritaire chez les \u00e9lecteurs du RN (60\u00a0%) et du NFP (53\u00a0%), mais il divise la gauche\u00a0: 68\u00a0% des sympathisants LFI y sont favorables, contre 68\u00a0% des \u00e9lecteurs PS qui s\u2019y opposent.<\/p>\n<p>Borloo, personnalit\u00e9 politique pr\u00e9f\u00e9r\u00e9e des Fran\u00e7ais, selon un sondage<\/p>\n<p>Jean-Louis Borloo, dont le nom a circul\u00e9 pour succ\u00e9der \u00e0 S\u00e9bastien Lecornu la semaine derni\u00e8re, est la personnalit\u00e9 politique pr\u00e9f\u00e9r\u00e9e des Fran\u00e7ais, alors que beaucoup de t\u00e9nors voient leur cote chuter, selon un sondage Ifop-Fiducial pour Paris Match et Sud Radio paru mardi.<\/p>\n<p>Jean-Louis Borloo, 74 ans, ancien ministre de la Ville puis de l\u2019Emploi sous Jacques Chirac et de l\u2019Ecologie sous Nicolas Sarkozy, arrive en t\u00eate du classement compos\u00e9 de 51 personnalit\u00e9s, ex aequo avec l\u2019ancien Premier ministre Dominique de Villepin.<\/p>\n<p>Le FMI ne s\u2019inqui\u00e8te pas de la situation en France<\/p>\n<p>L\u2019instabilit\u00e9 politique en France et le haut niveau d\u2019endettement de l\u2019Etat ne repr\u00e9sentent en l\u2019esp\u00e8ce pas un risque pour le syst\u00e8me financier europ\u00e9en, a estim\u00e9 mardi le Fonds mon\u00e9taire international (FMI) lors de la pr\u00e9sentation de son rapport pour la stabilit\u00e9 financi\u00e8re mondiale (GFSR).<\/p>\n<p>Malgr\u00e9 un ratio de dette publique par rapport au PIB proche de 115\u00a0% et un d\u00e9ficit public qui d\u00e9passe encore les 5\u00a0%, la situation financi\u00e8re fran\u00e7aise et la difficult\u00e9 du gouvernement \u00e0 faire voter un budget pour la deuxi\u00e8me ann\u00e9e d\u2019affil\u00e9e ne p\u00e8sent pas sur le syst\u00e8me financier europ\u00e9en, a jug\u00e9 Tobias Adrian, responsable du d\u00e9partement March\u00e9s financiers du Fonds.<\/p>\n<p>La CGT veut plus sur les retraites<\/p>\n<p>Sur les retraites, \u00ab\u00a0la suspension dont nous parle le Premier ministre, c\u2019est seulement un d\u00e9calage de l\u2019application de la r\u00e9forme de quelques mois\u00a0\u00bb, a estim\u00e9 sur France Inter la cheffe de file de la CGT Sophie Binet. \u00ab\u00a0Nous demandons donc aux parlementaires de bloquer clairement la r\u00e9forme des retraites\u00a0\u00bb \u00e0 62 ans et neuf mois et 170 trimestres et \u00ab\u00a0pas un d\u00e9calage de son application de quelques mois comme aujourd\u2019hui, qui nous remettrait \u00e0 la merci de n\u2019importe quel candidat \u00e0 l\u2019\u00e9lection pr\u00e9sidentielle avec une r\u00e9forme qui continuerait \u00e0 s\u2019appliquer \u00e0 partir de\u00a02027\u00a0\u00bb.<\/p>\n<p>\u00ab\u00a0Pour la CGT, l\u2019heure n\u2019est ni \u00e0 la retraite \u00e0 points (d\u00e9fendue par la CFDT), ni \u00e0 la capitalisation\u00a0\u00bb, a point\u00e9 Sophie Binet alors que le chef du gouvernement a indiqu\u00e9 que ces deux sujets pourraient \u00eatre abord\u00e9s lors d\u2019une conf\u00e9rence retraites. La participation de la CGT \u00e0 cette conf\u00e9rence d\u00e9pendra \u00ab\u00a0de l\u2019ordre du jour et des modalit\u00e9s\u00a0\u00bb\u00a0: \u00ab\u00a0Si c\u2019est pour travailler sur une hypoth\u00e8se de r\u00e9forme \u00e0 points, ce sera sans nous\u00a0\u00bb, a-t-elle pr\u00e9venu.<\/p>\n<p>La CFDT applaudit la suspension de la r\u00e9forme des retraites<\/p>\n<p>La CFDT a salu\u00e9 mardi la proposition de suspendre la r\u00e9forme des retraites comme \u00ab\u00a0une vraie victoire des travailleuses et des travailleurs\u00a0\u00bb qui r\u00e9pond \u00e0 une \u00ab\u00a0blessure d\u00e9mocratique\u00a0\u00bb.<\/p>\n<p>Le premier syndicat fran\u00e7ais annonce qu\u2019il \u00ab\u00a0s\u2019inscrira dans conf\u00e9rence sur les retraites et le travail qui rouvrira le sujet de la p\u00e9nibilit\u00e9 et int\u00e9grera l\u2019enjeu de l\u2019\u00e9quilibre financier\u00a0\u00bb et doit s\u2019ouvrir dans les semaines \u00e0 venir.<\/p>\n<p>Bardella ne veut pas entendre parler d\u2019une alliance avec Retailleau<\/p>\n<p>Un peu avant l\u2019appel lanc\u00e9 par \u00c9ric Ciotti \u00e0 Bruno Retailleau, Jordan Bardella avait fait savoir tout le mal qu\u2019il pensait de son homologue chez les R\u00e9publicains. Le pr\u00e9sident du RN a en effet jug\u00e9 \u00ab\u00a0impossible\u00a0\u00bb une alliance avec Bruno Retailleau, estimant qu\u2019il avait \u00ab\u00a0choisi d\u2019\u00e9pouser l\u2019int\u00e9gralit\u00e9 des combats d\u2019Emmanuel Macron et de se fondre dans le macronisme\u00a0\u00bb.<\/p>\n<p>Ciotti tend la main \u00e0 Retailleau<\/p>\n<p>L\u2019ancien pr\u00e9sident de LR \u00c9ric Ciotti, qui a d\u00e9plor\u00e9 lui aussi que S\u00e9bastien Lecornu soit \u00ab\u00a0l\u2019otage consentant des socialistes\u00a0\u00bb, a lanc\u00e9 un appel \u00e0 Bruno Retailleau sur le r\u00e9seau social X. Le d\u00e9put\u00e9 des Alpes-Maritimes, qui a fait alliance avec le Rassemblement national l\u2019an dernier, a propos\u00e9 au patron des R\u00e9publicains \u00ab\u00a0une rencontre pour poser les bases d\u2019un renversement d\u2019alliance \u00e0 droite avec le RN\u00a0\u00bb.<\/p>\n<p>Les dirigeants LR se d\u00e9chirent sur la censure<\/p>\n<p>Dans une tribune publi\u00e9e sur le site du Figaro, l\u2019eurod\u00e9put\u00e9 Fran\u00e7ois-Xavier Bellamy, vice-pr\u00e9sident de LR et proche de Bruno Retailleau, appelle \u00e0 voter la censure. \u00ab\u00a0Je ne suis pas d\u00e9put\u00e9 \u00e0 l\u2019Assembl\u00e9e nationale, mais si je l\u2019\u00e9tais aujourd\u2019hui, je voterais pour la censure\u00a0\u00bb, \u00e9crit-il.<\/p>\n<p>\u00c0 l\u2019inverse, Laurent Wauquiez, le patron de la cinquantaine de d\u00e9put\u00e9s de droite, a donn\u00e9 une consigne de vote inverse \u00e0 son groupe, expliquant que si le gouvernement de S\u00e9bastien Lecornu venait \u00e0 tomber il y aurait une \u00ab\u00a0dissolution et pas de budget\u00a0\u00bb.<\/p>\n<p>Retailleau accuse le gouvernement Lecornu d\u2019\u00eatre \u00ab\u00a0l\u2019otage des socialistes\u00a0\u00bb<\/p>\n<p>Le patron des R\u00e9publicains Bruno Retailleau a accus\u00e9 mardi le gouvernement de S\u00e9bastien Lecornu d\u2019\u00eatre \u00ab\u00a0l\u2019otage des socialistes\u00a0\u00bb. \u00ab\u00a0Le cartel des d\u00e9magogues qui ont toujours combattu la r\u00e9forme des retraites, compos\u00e9 de la gauche et du Rassemblement national, fait prendre au gouvernement une direction qui nous entra\u00eene droit dans le mur de la crise financi\u00e8re\u00a0\u00bb, a d\u00e9plor\u00e9 l\u2019ancien ministre de l\u2019Int\u00e9rieur. \u00ab\u00a0L\u2019absence de toute mesure pour r\u00e9duire l\u2019immigration annonce, en creux, l\u2019abandon d\u2019une politique de fermet\u00e9 que r\u00e9clame pourtant une \u00e9crasante majorit\u00e9 de Fran\u00e7ais et que met en place la quasi-totalit\u00e9 des pays europ\u00e9ens\u00a0\u00bb.<\/p>\n<p>\u00ab\u00a0Pour \u00e9viter la censure, le gouvernement fait payer aux Fran\u00e7ais un prix consid\u00e9rable\u00a0\u00bb, a regrett\u00e9 le patron des R\u00e9publicains dont les d\u00e9put\u00e9s ne devraient pas voter la censure du gouvernement qui comprend six ministres issus de LR qui ont brav\u00e9 la d\u00e9cision du parti de ne pas participer \u00e0 l\u2019ex\u00e9cutif.<\/p>\n<p>Bienvenue dans ce nouveau Live<\/p>\n<p>Bonjour \u00e0 toutes et \u00e0 tous. La r\u00e9daction de 20 Minutes est, comme chaque jour, mobilis\u00e9e pour vous donner l\u2019ensemble des informations politiques.<\/p>\n<p>Hier, en annon\u00e7ant la suspension de la r\u00e9forme des retraites, S\u00e9bastien Lecornu a \u00e9loign\u00e9 \u2013 mais pas encore compl\u00e8tement \u00e9vit\u00e9 \u2013 le risque d\u2019une chute de son gouvernement. Le Parti socialiste ne va en effet pas voter jeudi les motions de censure d\u00e9pos\u00e9es par le RN et LFI. Mais \u00e0 droite, l\u2019annonce faite par le Premier ministre sur les retraites, lors de son discours de politique g\u00e9n\u00e9rale \u00e0 l\u2019Assembl\u00e9e nationale, cr\u00e9e de tr\u00e8s fortes tensions, notamment chez LR entre Bruno Retailleau et Laurent Wauquiez.<\/p>\n","protected":false},"excerpt":{"rendered":"\u00ab\u00a0C\u2019est une grande victoire\u00a0\u00bb, assure la num\u00e9ro un de la CFDT apr\u00e8s l\u2019annonce de la suspension des retraites&hellip;\n","protected":false},"author":2,"featured_media":464261,"comment_status":"","ping_status":"","sticky":false,"template":"","format":"standard","meta":{"footnotes":""},"categories":[4],"tags":[47,11,416,1073,1011,27,1023,12,4484,316,2556,1268,25,11067,133],"class_list":{"0":"post-464260","1":"post","2":"type-post","3":"status-publish","4":"format-standard","5":"has-post-thumbnail","7":"category-france","8":"tag-actualite","9":"tag-actualites","10":"tag-assemblee-nationale","11":"tag-emmanuel-macron","12":"tag-fr","13":"tag-france","14":"tag-la-france-insoumise-lfi","15":"tag-news","16":"tag-parti-socialiste-ps","17":"tag-politique","18":"tag-rassemblement-national-rn","19":"tag-reforme-des-retraites-2023","20":"tag-republique-francaise","21":"tag-sebastien-lecornu","22":"tag-video"},"share_on_mastodon":{"url":"https:\/\/pubeurope.com\/@fr\/115376841334321621","error":""},"_links":{"self":[{"href":"https:\/\/www.europesays.com\/fr\/wp-json\/wp\/v2\/posts\/464260","targetHints":{"allow":["GET"]}}],"collection":[{"href":"https:\/\/www.europesays.com\/fr\/wp-json\/wp\/v2\/posts"}],"about":[{"href":"https:\/\/www.europesays.com\/fr\/wp-json\/wp\/v2\/types\/post"}],"author":[{"embeddable":true,"href":"https:\/\/www.europesays.com\/fr\/wp-json\/wp\/v2\/users\/2"}],"replies":[{"embeddable":true,"href":"https:\/\/www.europesays.com\/fr\/wp-json\/wp\/v2\/comments?post=464260"}],"version-history":[{"count":0,"href":"https:\/\/www.europesays.com\/fr\/wp-json\/wp\/v2\/posts\/464260\/revisions"}],"wp:featuredmedia":[{"embeddable":true,"href":"https:\/\/www.europesays.com\/fr\/wp-json\/wp\/v2\/media\/464261"}],"wp:attachment":[{"href":"https:\/\/www.europesays.com\/fr\/wp-json\/wp\/v2\/media?parent=464260"}],"wp:term":[{"taxonomy":"category","embeddable":true,"href":"https:\/\/www.europesays.com\/fr\/wp-json\/wp\/v2\/categories?post=464260"},{"taxonomy":"post_tag","embeddable":true,"href":"https:\/\/www.europesays.com\/fr\/wp-json\/wp\/v2\/tags?post=464260"}],"curies":[{"name":"wp","href":"https:\/\/api.w.org\/{rel}","templated":true}]}}