{"id":464264,"date":"2025-10-15T06:48:15","date_gmt":"2025-10-15T06:48:15","guid":{"rendered":"https:\/\/www.europesays.com\/fr\/464264\/"},"modified":"2025-10-15T06:48:15","modified_gmt":"2025-10-15T06:48:15","slug":"pourquoi-etait-il-interdit-de-se-garer-dans-le-quartier-chavanelle-a-saint-etienne-ce-mardi-soir","status":"publish","type":"post","link":"https:\/\/www.europesays.com\/fr\/464264\/","title":{"rendered":"Pourquoi \u00e9tait-il interdit de se garer dans le quartier Chavanelle \u00e0 Saint-Etienne ce mardi soir ?"},"content":{"rendered":"<p><img decoding=\"async\" class=\"\" style=\"width:100%\" src=\"https:\/\/www.europesays.com\/fr\/wp-content\/uploads\/2025\/10\/poubelle1663576808148.jpg\" alt=\"Poubelle Saint-Etienne\"\/><\/p>\n<p>Poubelle Saint-Etienne<\/p>\n<p>Cr\u00e9dit : Poubelle Saint-Etienne<\/p>\n<p>Si vous habitez le quartier de Chavanelle \u00e0 Saint-Etienne, vous avez certainement remarqu\u00e9 que vous ne pouviez pas vous stationner comme d&rsquo;habitude dans le secteur depuis hier soir. En effet, la ville organise une grande op\u00e9ration \u00ab\u00a0flash propret\u00e9\u00a0\u00bb ce mercredi 15 octobre.\u00a0<\/p>\n<p>Au programme : d\u00e9capage des espaces pi\u00e9tons, remplacement du mobilier urbain, nettoyage des chauss\u00e9es et des places de stationnement, reprise des marquages ou encore r\u00e9fection des sols. La lutte contre les affiches et les tags sont aussi \u00e0 l\u2019ordre du jour pour les agents d\u2019entretien st\u00e9phanois.\u00a0<\/p>\n<p>Le stationnement sera r\u00e9ouvert aux v\u00e9hicules en fonction de l&rsquo;avanc\u00e9e des travaux.<\/p>\n<p>En d\u00e9tails, voici les rues concern\u00e9es par cette op\u00e9ration \u00ab\u00a0flash propret\u00e9\u00a0\u00bb :<br \/>Rues Alphonse-Raynal, du Lieutenant-Morin, Marcellin-Allard, Etienne- Mimard (entre les 4 et 16B), Dormand, Violette, du Bois, Pointe-Cadet, L\u00e9on-Nautin, Michelet (entre les 1et 42), Louis-Merley, Notre-Dame, Georges-Dupr\u00e9, des Martyrs-de-Vingr\u00e9, Jos\u00e9-Frappa, Saint-Pierre, Denis-Escoffier, Gambetta (entre les 1 et 13), Saint-Fran\u00e7ois, Philippon, places Chavanelle, Antonin-Moine, Neuve, Maxime-Gorki, Peuple, Waldeck-Rousseau, squares Violette, Jean-Cocteau.<\/p>\n","protected":false},"excerpt":{"rendered":"Poubelle Saint-Etienne Cr\u00e9dit : Poubelle Saint-Etienne Si vous habitez le quartier de Chavanelle \u00e0 Saint-Etienne, vous avez certainement&hellip;\n","protected":false},"author":2,"featured_media":464265,"comment_status":"","ping_status":"","sticky":false,"template":"","format":"standard","meta":{"footnotes":""},"categories":[9653],"tags":[1111,11,2430,1777,674,1011,27,3367,32212,12,25,55668,4001,2086],"class_list":{"0":"post-464264","1":"post","2":"type-post","3":"status-publish","4":"format-standard","5":"has-post-thumbnail","7":"category-saint-etienne","8":"tag-actu","9":"tag-actualites","10":"tag-auvergne-rhone-alpes","11":"tag-eu","12":"tag-europe","13":"tag-fr","14":"tag-france","15":"tag-loire","16":"tag-nettoyage","17":"tag-news","18":"tag-republique-francaise","19":"tag-saint_etienne","20":"tag-saint-etienne","21":"tag-travaux"},"share_on_mastodon":{"url":"https:\/\/pubeurope.com\/@fr\/115376850058469826","error":""},"_links":{"self":[{"href":"https:\/\/www.europesays.com\/fr\/wp-json\/wp\/v2\/posts\/464264","targetHints":{"allow":["GET"]}}],"collection":[{"href":"https:\/\/www.europesays.com\/fr\/wp-json\/wp\/v2\/posts"}],"about":[{"href":"https:\/\/www.europesays.com\/fr\/wp-json\/wp\/v2\/types\/post"}],"author":[{"embeddable":true,"href":"https:\/\/www.europesays.com\/fr\/wp-json\/wp\/v2\/users\/2"}],"replies":[{"embeddable":true,"href":"https:\/\/www.europesays.com\/fr\/wp-json\/wp\/v2\/comments?post=464264"}],"version-history":[{"count":0,"href":"https:\/\/www.europesays.com\/fr\/wp-json\/wp\/v2\/posts\/464264\/revisions"}],"wp:featuredmedia":[{"embeddable":true,"href":"https:\/\/www.europesays.com\/fr\/wp-json\/wp\/v2\/media\/464265"}],"wp:attachment":[{"href":"https:\/\/www.europesays.com\/fr\/wp-json\/wp\/v2\/media?parent=464264"}],"wp:term":[{"taxonomy":"category","embeddable":true,"href":"https:\/\/www.europesays.com\/fr\/wp-json\/wp\/v2\/categories?post=464264"},{"taxonomy":"post_tag","embeddable":true,"href":"https:\/\/www.europesays.com\/fr\/wp-json\/wp\/v2\/tags?post=464264"}],"curies":[{"name":"wp","href":"https:\/\/api.w.org\/{rel}","templated":true}]}}