{"id":464266,"date":"2025-10-15T06:49:13","date_gmt":"2025-10-15T06:49:13","guid":{"rendered":"https:\/\/www.europesays.com\/fr\/464266\/"},"modified":"2025-10-15T06:49:13","modified_gmt":"2025-10-15T06:49:13","slug":"football-lol-le-gf38-et-lasse-recompenses-par-la-lfp-pour-la-qualite-de-leurs-buvettes","status":"publish","type":"post","link":"https:\/\/www.europesays.com\/fr\/464266\/","title":{"rendered":"Football. L&rsquo;OL, le GF38 et l&rsquo;ASSE r\u00e9compens\u00e9s par la LFP pour la qualit\u00e9 de&#8230; leurs buvettes"},"content":{"rendered":"<p>La Ligue de football professionnel a organis\u00e9 pour la troisi\u00e8me ann\u00e9e les labels de la restauration. L&rsquo;id\u00e9e est de r\u00e9compenser les clubs prenant soin de leurs supporters en se basant sur des crit\u00e8res tels que l&rsquo;hygi\u00e8ne, les produits utilis\u00e9s et leur fra\u00eecheur&#8230;<\/p>\n<p>Vingt-et-un\u00a0clubs de Ligue 1 et Ligue 2 ont \u00e9t\u00e9 recompens\u00e9s, parmi lesquels l&rsquo;OL et le GF38. Comme depuis la premi\u00e8re \u00e9dition, l&rsquo;Olympique lyonnais a en effet re\u00e7u le label Or, cette fois en compagnie du PSG et de Lille.<\/p>\n<p><a href=\"https:\/\/www.ledauphine.com\/sport\/2025\/03\/08\/un-sandwich-vendu-au-stade-des-alpes-de-grenoble-moque-dans-le-monde-entier\" target=\"_blank\" rel=\"noopener\">Le GF38 a lui re\u00e7u le label Bronze<\/a>, alors que l&rsquo;AS Saint-Etienne est au label Argent.<\/p>\n","protected":false},"excerpt":{"rendered":"La Ligue de football professionnel a organis\u00e9 pour la troisi\u00e8me ann\u00e9e les labels de la restauration. L&rsquo;id\u00e9e est&hellip;\n","protected":false},"author":2,"featured_media":464267,"comment_status":"","ping_status":"","sticky":false,"template":"","format":"standard","meta":{"footnotes":""},"categories":[9653],"tags":[1111,11,9443,2430,112,1777,674,107,1701,63,1011,27,12637,2731,2732,1757,108,7020,12636,3367,2428,12,9442,25,2429,4001,517,1947],"class_list":{"0":"post-464266","1":"post","2":"type-post","3":"status-publish","4":"format-standard","5":"has-post-thumbnail","7":"category-saint-etienne","8":"tag-actu","9":"tag-actualites","10":"tag-asse-as-saint-etienne","11":"tag-auvergne-rhone-alpes","12":"tag-edition-grenoble-agglomeration","13":"tag-eu","14":"tag-europe","15":"tag-fil-info","16":"tag-fil-info-sport","17":"tag-football","18":"tag-fr","19":"tag-france","20":"tag-gf38-grenoble-foot-38","21":"tag-grenoble","22":"tag-grenoble-bassin","23":"tag-insolite","24":"tag-isere","25":"tag-ligue-1-football","26":"tag-ligue-2-football","27":"tag-loire","28":"tag-lyon","29":"tag-news","30":"tag-ol-olympique-lyonnais","31":"tag-republique-francaise","32":"tag-rhone","33":"tag-saint-etienne","34":"tag-sport","35":"tag-sport-national"},"share_on_mastodon":{"url":"https:\/\/pubeurope.com\/@fr\/115376853487319244","error":""},"_links":{"self":[{"href":"https:\/\/www.europesays.com\/fr\/wp-json\/wp\/v2\/posts\/464266","targetHints":{"allow":["GET"]}}],"collection":[{"href":"https:\/\/www.europesays.com\/fr\/wp-json\/wp\/v2\/posts"}],"about":[{"href":"https:\/\/www.europesays.com\/fr\/wp-json\/wp\/v2\/types\/post"}],"author":[{"embeddable":true,"href":"https:\/\/www.europesays.com\/fr\/wp-json\/wp\/v2\/users\/2"}],"replies":[{"embeddable":true,"href":"https:\/\/www.europesays.com\/fr\/wp-json\/wp\/v2\/comments?post=464266"}],"version-history":[{"count":0,"href":"https:\/\/www.europesays.com\/fr\/wp-json\/wp\/v2\/posts\/464266\/revisions"}],"wp:featuredmedia":[{"embeddable":true,"href":"https:\/\/www.europesays.com\/fr\/wp-json\/wp\/v2\/media\/464267"}],"wp:attachment":[{"href":"https:\/\/www.europesays.com\/fr\/wp-json\/wp\/v2\/media?parent=464266"}],"wp:term":[{"taxonomy":"category","embeddable":true,"href":"https:\/\/www.europesays.com\/fr\/wp-json\/wp\/v2\/categories?post=464266"},{"taxonomy":"post_tag","embeddable":true,"href":"https:\/\/www.europesays.com\/fr\/wp-json\/wp\/v2\/tags?post=464266"}],"curies":[{"name":"wp","href":"https:\/\/api.w.org\/{rel}","templated":true}]}}