{"id":464285,"date":"2025-10-15T07:00:21","date_gmt":"2025-10-15T07:00:21","guid":{"rendered":"https:\/\/www.europesays.com\/fr\/464285\/"},"modified":"2025-10-15T07:00:21","modified_gmt":"2025-10-15T07:00:21","slug":"un-homme-juge-pour-plusieurs-restos-baskets-a-rennes","status":"publish","type":"post","link":"https:\/\/www.europesays.com\/fr\/464285\/","title":{"rendered":"un homme jug\u00e9 pour plusieurs restos-baskets \u00e0 Rennes"},"content":{"rendered":"<p>            Par<br \/>\n        <strong><br \/>\n            <a href=\"https:\/\/actu.fr\/auteur\/redaction-rennes\" title=\"Consulter tous les articles de R\u00e9daction Rennes\" target=\"_blank\" rel=\"noopener\">R\u00e9daction Rennes<\/a><br \/>\n        <\/strong><\/p>\n<p>        Publi\u00e9 le<\/p>\n<p>            15 oct. 2025 \u00e0 8h39        <\/p>\n<p><strong>211\u00a0euros<\/strong>. C\u2019est <strong>l\u2019addition<\/strong> que <strong>Jean-Yves, 64\u00a0ans<\/strong>, n\u2019a jamais pay\u00e9e dans plusieurs restaurants de Rennes, entre juin\u00a02023 \u00e0 septembre\u00a02024. Pour ces faits de <strong>griv\u00e8lerie\u00a0<\/strong>\u2013 ou plus commun\u00e9ment appel\u00e9e <strong>\u00ab\u2009resto-basket\u2009\u00bb,<\/strong> le sexag\u00e9naire a \u00e9t\u00e9 jug\u00e9 par le tribunal correctionnel de Rennes, vendredi 10\u00a0octobre 2025.<\/p>\n<p>Six restaurants concern\u00e9s<\/p>\n<p class=\" wall-content\">Le <strong>mode op\u00e9ratoire<\/strong> \u00e9tait simple\u2009: Jean-Yves faisait \u00ab\u2009mine de chercher sa carte bleue\u2009\u00bb et de ne pas la trouver, ou l\u2019ins\u00e9rait dans le terminal mais celle-ci ne fonctionnait pas. <strong>Les restaurants victimes<\/strong> de cette filouterie sont au nombre de six\u2009: Il Basilico, Le Montfort, Le Grill, L\u2019\u00c9tal d\u2019Edgar, Del Arte et Au Bonheur d\u2019Asie.<\/p>\n<p class=\" wall-content\">Par ailleurs, il \u00e9tait \u00e9galement accus\u00e9 <strong>d\u2019avoir \u00e9t\u00e9 violent envers un policier,<\/strong> lors d\u2019un concert du festival Transat en ville, place de la mairie, le 7\u00a0ao\u00fbt 2024. Une employ\u00e9e de la mairie l\u2019avait en effet aper\u00e7u \u00ab\u2009d\u00e9boutonn\u00e9\u2009\u00bb et avec le \u00ab\u2009cale\u00e7on apparent\u2009\u00bb, d\u00e9gageant \u00ab\u2009une odeur\u2009\u00bb qui pouvait \u00ab\u2009s\u2019apparenter \u00e0 de l\u2019alcool\u2009\u00bb. Alors que le fonctionnaire de policier l\u2019avait contr\u00f4l\u00e9, Jean-Yves l\u2019avait notamment trait\u00e9 de \u00ab\u2009pervers\u2009\u00bb, de \u00ab\u2009p\u00e9dophile\u2009\u00bb et lui avait intim\u00e9 \u00ab\u2009d\u2019aller se laver\u2009\u00bb.<\/p>\n<p>Des additions r\u00e9gl\u00e9es, mais plus tard<\/p>\n<p class=\" wall-content\">Devant le tribunal correctionnel de Rennes, ce vendredi 10\u00a0octobre 2025, le pr\u00e9venu \u2013<strong> plac\u00e9 sous \u00ab\u2009curatelle renforc\u00e9e\u2009\u00bb,<\/strong> un r\u00e9gime de protection des majeurs dans lequel la gestion des revenus est assur\u00e9e par un tiers -, <strong>affirme avoir r\u00e9gl\u00e9 certaines additions<\/strong>, parfois \u00ab\u2009une semaine ou deux apr\u00e8s\u2009\u00bb.<\/p>\n<p class=\" wall-content\">Il reconna\u00eet<strong> \u00ab\u2009avoir tendance \u00e0 d\u00e9penser plus\u2009\u00bb que ce qu\u2019il poss\u00e8de<\/strong> sur son compte bancaire. Concernant les violences commises sur le policier, le sexag\u00e9naire assure que c\u2019est le fonctionnaire qui l\u2019a \u00ab\u2009brutalis\u00e9\u2009\u00bb en \u00ab\u2009jetant par terre\u2009\u00bb sa \u00ab\u2009canette de jus de fruit\u2009\u00bb.<\/p>\n<p>Votre r\u00e9gion, votre actu !<\/p>\n<p>Recevez chaque jour les infos qui comptent pour vous.<\/p>\n<p>\t<a href=\"https:\/\/actu.fr\/newsletter\" class=\"ac-btn ac-btn--corner ac-btn--medium ac-btn--blue800\" target=\"_blank\" rel=\"noopener\">S&rsquo;incrire<\/a><br \/>\nUne \u00ab\u2009psychose schizophr\u00e9nique\u2009\u00bb<\/p>\n<p class=\" wall-content\">\u00ab\u2009La reproduction des faits vient confirmer sa culpabilit\u00e9\u2009\u00bb, r\u00e9sume la procureure de la R\u00e9publique. La repr\u00e9sentante du minist\u00e8re public rappelle d\u2019ailleurs que<strong> le casier judiciaire<\/strong> de Jean-Yves compte<strong> \u00ab\u200931 condamnations\u2009\u00bb. <\/strong>Mais elle ne requiert pas de peine \u00e0 son encontre\u2009: l\u2019expertise psychiatrique du pr\u00e9venu \u2013 qui souffre<strong> d\u2019une \u00ab\u2009psychose schizophr\u00e9nique\u2009\u00bb \u2013<\/strong> a en effet conclu \u00e0 une \u00ab\u2009abolition totale\u2009\u00bb de son \u00ab\u2009discernement\u2009\u00bb.<\/p>\n<p class=\" wall-content\">Cela le rend \u00ab\u2009inaccessible \u00e0 une sanction p\u00e9nale\u2009\u00bb car il n\u2019en \u00ab\u2009comprendrait pas le sens\u2009\u00bb. Le tribunal correctionnel de Rennes l\u2019a suivie en d\u00e9clarant Jean-Yves <strong>p\u00e9nalement irresponsable.<\/strong> Il devra tout de m\u00eame verser 200\u00a0euros au policier en r\u00e9paration de son \u00ab\u2009pr\u00e9judice moral\u2009\u00bb.<\/p>\n<p class=\" wall-content\"><strong>RB et CB (PressPepper)<\/strong><\/p>\n<p class=\" wall-content\">Personnalisez votre actualit\u00e9 en ajoutant vos villes et m\u00e9dias en favori avec <a href=\"https:\/\/moncompte.actu.fr\" title=\"D\u00e9couvez Mon Actu\" rel=\"nofollow noopener\" data-trk=\"{&quot;cta&quot;:{&quot;action&quot;:&quot;https:\\\/\\\/moncompte.actu.fr&quot;,&quot;category&quot;:&quot;mon compte&quot;,&quot;from&quot;:&quot;article footer&quot;,&quot;name&quot;:&quot;Mon actu&quot;,&quot;type&quot;:&quot;cta&quot;}}\" target=\"_blank\">Mon Actu<\/a>.<\/p>\n","protected":false},"excerpt":{"rendered":"Par R\u00e9daction Rennes Publi\u00e9 le 15 oct. 2025 \u00e0 8h39 211\u00a0euros. C\u2019est l\u2019addition que Jean-Yves, 64\u00a0ans, n\u2019a jamais&hellip;\n","protected":false},"author":2,"featured_media":464286,"comment_status":"","ping_status":"","sticky":false,"template":"","format":"standard","meta":{"footnotes":""},"categories":[2821],"tags":[1111,11,829,1777,674,118,1011,27,303,12,584,25,10619],"class_list":{"0":"post-464285","1":"post","2":"type-post","3":"status-publish","4":"format-standard","5":"has-post-thumbnail","7":"category-rennes","8":"tag-actu","9":"tag-actualites","10":"tag-bretagne","11":"tag-eu","12":"tag-europe","13":"tag-faits-divers","14":"tag-fr","15":"tag-france","16":"tag-justice","17":"tag-news","18":"tag-rennes","19":"tag-republique-francaise","20":"tag-restos-de-rennes"},"share_on_mastodon":{"url":"https:\/\/pubeurope.com\/@fr\/115376896338465090","error":""},"_links":{"self":[{"href":"https:\/\/www.europesays.com\/fr\/wp-json\/wp\/v2\/posts\/464285","targetHints":{"allow":["GET"]}}],"collection":[{"href":"https:\/\/www.europesays.com\/fr\/wp-json\/wp\/v2\/posts"}],"about":[{"href":"https:\/\/www.europesays.com\/fr\/wp-json\/wp\/v2\/types\/post"}],"author":[{"embeddable":true,"href":"https:\/\/www.europesays.com\/fr\/wp-json\/wp\/v2\/users\/2"}],"replies":[{"embeddable":true,"href":"https:\/\/www.europesays.com\/fr\/wp-json\/wp\/v2\/comments?post=464285"}],"version-history":[{"count":0,"href":"https:\/\/www.europesays.com\/fr\/wp-json\/wp\/v2\/posts\/464285\/revisions"}],"wp:featuredmedia":[{"embeddable":true,"href":"https:\/\/www.europesays.com\/fr\/wp-json\/wp\/v2\/media\/464286"}],"wp:attachment":[{"href":"https:\/\/www.europesays.com\/fr\/wp-json\/wp\/v2\/media?parent=464285"}],"wp:term":[{"taxonomy":"category","embeddable":true,"href":"https:\/\/www.europesays.com\/fr\/wp-json\/wp\/v2\/categories?post=464285"},{"taxonomy":"post_tag","embeddable":true,"href":"https:\/\/www.europesays.com\/fr\/wp-json\/wp\/v2\/tags?post=464285"}],"curies":[{"name":"wp","href":"https:\/\/api.w.org\/{rel}","templated":true}]}}