{"id":464289,"date":"2025-10-15T07:02:12","date_gmt":"2025-10-15T07:02:12","guid":{"rendered":"https:\/\/www.europesays.com\/fr\/464289\/"},"modified":"2025-10-15T07:02:12","modified_gmt":"2025-10-15T07:02:12","slug":"humanis-organise-un-repair-cafe-solidaire-a-la-vogelau","status":"publish","type":"post","link":"https:\/\/www.europesays.com\/fr\/464289\/","title":{"rendered":"Humanis organise un repair caf\u00e9 solidaire \u00e0 la Vogelau"},"content":{"rendered":"<p>Le repair caf\u00e9 solidaire encourage la r\u00e9paration plut\u00f4t que le remplacement des appareils \u00e9lectroniques et informatiques (ordinateurs, smartphones, petit \u00e9lectrom\u00e9nager\u2026). Aux c\u00f4t\u00e9s de techniciens et b\u00e9n\u00e9voles dans les locaux d\u2019Humanis \u00e0 Schiltigheim, les participants pourront diagnostiquer, r\u00e9parer et apprendre les bons r\u00e9flexes pour prolonger la dur\u00e9e de vie de leurs \u00e9quipements.<\/p>\n<p>Au programme, ce jeudi 16\u00a0octobre de 10\u00a0h \u00e0 16\u00a0h, il y aura des ateliers de r\u00e9paration et conseils pratiques pour entretenir ses \u00e9quipements, des d\u00e9monstrations d\u2019impression 3D ainsi qu\u2019une animation sur la cyber s\u00e9curit\u00e9 pour mieux prot\u00e9ger ses donn\u00e9es en ligne et adopter les bons r\u00e9flexes.<\/p>\n<p>  Une alternative au remplacement<\/p>\n<p>Ce rendez-vous sera aussi une occasion d\u2019\u00e9changer autour d\u2019un caf\u00e9, de partager des astuces et de d\u00e9couvrir <a href=\"https:\/\/www.dna.fr\/culture-loisirs\/2021\/04\/15\/humanis-renouvelle-son-operation-cybersolidarite\" target=\"_blank\" rel=\"noopener\">l\u2019action du collectif Humanis<\/a> en faveur de la r\u00e9duction du gaspillage \u00e9lectronique et de l\u2019inclusion num\u00e9rique.<\/p>\n<p>Ce contenu est bloqu\u00e9 car vous n&rsquo;avez pas accept\u00e9 les cookies et autres traceurs.<\/p>\n<p>En cliquant sur \u00ab J\u2019accepte \u00bb, les cookies et autres traceurs seront d\u00e9pos\u00e9s et vous pourrez visualiser les contenus  (<a href=\"\" class=\"consentModule_policy\" target=\"_blank\" title=\"Consulter la politique de protection des donn\u00e9es du fournisseur\">plus d&rsquo;informations<\/a>).<\/p>\n<p>En cliquant sur \u00ab J\u2019accepte tous les cookies \u00bb, vous autorisez des d\u00e9p\u00f4ts de cookies et autres traceurs pour le stockage de vos donn\u00e9es sur nos sites et applications \u00e0 des fins de personnalisation et de ciblage publicitaire.<\/p>\n<p class=\"consentModule_secondaryText\">Vous gardez la possibilit\u00e9 de retirer votre consentement \u00e0 tout moment en consultant notre <a href=\"https:\/\/www.dna.fr\/protection-des-donnees\" target=\"_blank\" title=\"Consulter notre politique de protection des donn\u00e9es\" rel=\"noopener\">politique de protection des donn\u00e9es<\/a>. <br \/>&#13;<br \/>\n            <a href=\"https:\/\/www.dna.fr\/culture-loisirs\/2025\/10\/15\/javascript:Didomi.notice.show()\" class=\"consentModule_cmp\" target=\"_blank\" rel=\"noopener\">G\u00e9rer mes choix<\/a>&#13;\n        <\/p>\n<p>&#13;<br \/>\n                        J&rsquo;accepte&#13;<br \/>\n            J&rsquo;accepte tous les cookies&#13;\n        <\/p>\n<p>L\u2018\u00e9v\u00e9nement se tiendra aussi dans le cadre des Journ\u00e9es nationales de la r\u00e9paration (JNR) visent \u00e0 promouvoir la r\u00e9paration comme alternative au remplacement, r\u00e9duire les d\u00e9chets \u00e9lectroniques et favoriser l\u2019acc\u00e8s \u00e0 des solutions solidaires partout en France.<\/p>\n<p>  R\u00e9emploi du mat\u00e9riel informatique<\/p>\n<p>Depuis 2003, Humanis collecte, r\u00e9pare et revalorise du mat\u00e9riel informatique dans ses ateliers d\u2019insertion. Le mat\u00e9riel est ensuite propos\u00e9 \u00e0 des prix solidaires dans son magasin Ordidocaz, prioritairement aux b\u00e9n\u00e9ficiaires de minima sociaux.<\/p>\n<p class=\"note\">Repair Caf\u00e9 Solidaire, jeudi 16\u00a0octobre de 10\u00a0h \u00e0 16\u00a0h dans les locaux du collectif Humanis (7, rue du H\u00e9ron \u00e0 Schiltigheim).<\/p>\n","protected":false},"excerpt":{"rendered":"Le repair caf\u00e9 solidaire encourage la r\u00e9paration plut\u00f4t que le remplacement des appareils \u00e9lectroniques et informatiques (ordinateurs, smartphones,&hellip;\n","protected":false},"author":2,"featured_media":464290,"comment_status":"","ping_status":"","sticky":false,"template":"","format":"standard","meta":{"footnotes":""},"categories":[2820],"tags":[1111,11,1687,2880,436,1777,674,107,1011,27,775,12,25,5512,104,640,3265,1631],"class_list":{"0":"post-464289","1":"post","2":"type-post","3":"status-publish","4":"format-standard","5":"has-post-thumbnail","7":"category-strasbourg","8":"tag-actu","9":"tag-actualites","10":"tag-culture-loisirs","11":"tag-edition-strasbourg","12":"tag-environnement","13":"tag-eu","14":"tag-europe","15":"tag-fil-info","16":"tag-fr","17":"tag-france","18":"tag-grand-est","19":"tag-news","20":"tag-republique-francaise","21":"tag-schiltigheim","22":"tag-societe","23":"tag-strasbourg","24":"tag-strasbourg-nord","25":"tag-vie-associative"},"share_on_mastodon":{"url":"https:\/\/pubeurope.com\/@fr\/115376904274140525","error":""},"_links":{"self":[{"href":"https:\/\/www.europesays.com\/fr\/wp-json\/wp\/v2\/posts\/464289","targetHints":{"allow":["GET"]}}],"collection":[{"href":"https:\/\/www.europesays.com\/fr\/wp-json\/wp\/v2\/posts"}],"about":[{"href":"https:\/\/www.europesays.com\/fr\/wp-json\/wp\/v2\/types\/post"}],"author":[{"embeddable":true,"href":"https:\/\/www.europesays.com\/fr\/wp-json\/wp\/v2\/users\/2"}],"replies":[{"embeddable":true,"href":"https:\/\/www.europesays.com\/fr\/wp-json\/wp\/v2\/comments?post=464289"}],"version-history":[{"count":0,"href":"https:\/\/www.europesays.com\/fr\/wp-json\/wp\/v2\/posts\/464289\/revisions"}],"wp:featuredmedia":[{"embeddable":true,"href":"https:\/\/www.europesays.com\/fr\/wp-json\/wp\/v2\/media\/464290"}],"wp:attachment":[{"href":"https:\/\/www.europesays.com\/fr\/wp-json\/wp\/v2\/media?parent=464289"}],"wp:term":[{"taxonomy":"category","embeddable":true,"href":"https:\/\/www.europesays.com\/fr\/wp-json\/wp\/v2\/categories?post=464289"},{"taxonomy":"post_tag","embeddable":true,"href":"https:\/\/www.europesays.com\/fr\/wp-json\/wp\/v2\/tags?post=464289"}],"curies":[{"name":"wp","href":"https:\/\/api.w.org\/{rel}","templated":true}]}}