{"id":464298,"date":"2025-10-15T07:07:11","date_gmt":"2025-10-15T07:07:11","guid":{"rendered":"https:\/\/www.europesays.com\/fr\/464298\/"},"modified":"2025-10-15T07:07:11","modified_gmt":"2025-10-15T07:07:11","slug":"cest-quoi-les-espaces-publics-non-sexistes-voulus-par-la-metropole-de-nantes","status":"publish","type":"post","link":"https:\/\/www.europesays.com\/fr\/464298\/","title":{"rendered":"C\u2019est quoi les \u00ab\u00a0espaces publics non-sexistes\u00a0\u00bb voulus par la m\u00e9tropole de Nantes\u00a0?"},"content":{"rendered":"<p><a href=\"https:\/\/www.20minutes.fr\/nantes\/\" target=\"_blank\" class=\"c-link c-link--is-underlined\" rel=\"noopener\">Nantes<\/a> sera-t-elle la premi\u00e8re ville de France non-sexiste, comme le souhaite <a href=\"https:\/\/www.20minutes.fr\/dossier\/johanna_rolland\" target=\"_blank\" class=\"c-link c-link--is-underlined\" rel=\"noopener\">Johanna Rolland<\/a>, maire socialiste, depuis plusieurs ann\u00e9es\u00a0? Dans la continuit\u00e9 de cet objectif, la m\u00e9tropole de Nantes lance un <a href=\"https:\/\/metropole.nantes.fr\/mes-services-mon-quotidien\/appel-experimenter-pour-des-espaces-publics-non-sexistes\" target=\"_blank\" class=\"c-link c-link--is-underlined\" rel=\"noopener\">appel \u00e0 projet<\/a> pour des \u00ab\u00a0espaces publics non-sexistes\u00a0\u00bb. Mais, en quoi \u00e7a consiste\u00a0?<\/p>\n<p>\u00ab\u00a0Pendant trop longtemps, l\u2019espace public n\u2019a pas \u00e9t\u00e9 pens\u00e9 pour le genre\u00a0\u00bb, d\u00e9nonce Mahaut Bertu, \u00e9lue nantaise adjointe \u00e0 l\u2019\u00e9galit\u00e9, \u00e0 la ville non-sexiste et \u00e0 la lutte contre <a href=\"https:\/\/www.20minutes.fr\/dossier\/discrimination\" target=\"_blank\" class=\"c-link c-link--is-underlined\" rel=\"noopener\">les discriminations<\/a>, lors d\u2019une r\u00e9union d\u2019information mardi. \u00ab\u00a0Aujourd\u2019hui nous sommes en mesure d\u2019assurer que les rues peuvent \u00eatre per\u00e7ues comme dangereuses, ajoute l\u2019\u00e9lue, que de nombreux endroits ne sont pas pens\u00e9s pour l\u2019accueil d\u2019enfants alors que les femmes en ont encore trop majoritairement la charge, ou m\u00eame que les hommes s\u2019adaptent plus facilement que les femmes aux espaces publics.\u00a0\u00bb<\/p>\n<p>Les femmes sous repr\u00e9sent\u00e9es dans l\u2019espace public<\/p>\n<p>Contre ce <a href=\"https:\/\/www.20minutes.fr\/societe\/4134446-20250120-sexisme-femmes-plus-feministes-hommes-plus-masculinistes-surtout-jeunes-selon-hce\" target=\"_blank\" class=\"c-link c-link--is-underlined\" rel=\"noopener\">sexisme ambiant<\/a>, la ville de Nantes et la m\u00e9tropole souhaitent conjointement imaginer \u00ab\u00a0les espaces publics de demain\u00a0\u00bb et mieux prendre en compte \u00ab\u00a0la question du genre dans les projets de conception et d\u2019am\u00e9nagement des espaces publics\u00a0\u00bb. Si la m\u00e9tropole est ouverte \u00e0 de nouvelles id\u00e9es de dispositifs innovants ou de mobiliers urbains inclusifs, les projets peuvent aussi concerner la repr\u00e9sentation culturelle. A Nantes, seulement deux statues repr\u00e9sentent des <a href=\"https:\/\/www.20minutes.fr\/sport\/jo_2024\/4109918-20240913-jo-2024-veil-michel-statues-10-femmes-or-ceremonie-ouverture-exposees-assemblee-nationale\" target=\"_blank\" class=\"c-link c-link--is-underlined\" rel=\"noopener\">femmes c\u00e9l\u00e8bres<\/a> ayant d\u00e9j\u00e0 exist\u00e9 et 9\u00a0% des noms de voies et d\u2019\u00e9quipement public portaient des noms de femmes en\u00a02024 contre 34\u00a0% pour les hommes.<\/p>\n<\/p>\n<p>Pour cela, les volontaires ont jusqu\u2019au 28\u00a0novembre pour envoyer leur candidature et proposer des projets pour rendre les 24 villes de la m\u00e9tropole plus \u00e9galitaires. Les suggestions des porteurs et porteuses de projets devront s\u2019inscrire dans l\u2019une des quatre th\u00e9matiques choisie par la m\u00e9tropole\u00a0: \u00ab\u00a0changement de comportements\u00a0\u00bb, \u00ab\u00a0parcours plus s\u00e9curisants\u00a0\u00bb, \u00ab\u00a0<a href=\"https:\/\/www.20minutes.fr\/societe\/4040355-20230608-bon-parent-laisse-enfant-dehors-pourquoi-enfants-deserte-espace-public\" target=\"_blank\" class=\"c-link c-link--is-underlined\" rel=\"noopener\">espace public et parentalit\u00e9<\/a>\u00a0\u00bb et \u00ab\u00a0nouveaux types d\u2019espace\u00a0\u00bb. Les propositions retenues seront d\u00e9ploy\u00e9es et test\u00e9es sur une dur\u00e9e allant de 12 \u00e0 18 mois d\u00e8s le printemps\u00a02026 et seront financ\u00e9es \u00ab\u00a0\u00e0 hauteur de 50\u00a0% du co\u00fbt de l\u2019exp\u00e9rimentation\u00a0\u00bb jusqu\u2019\u00e0 25.000 euros hors taxe, pr\u00e9cise Nantes m\u00e9tropole.<\/p>\n<p><a href=\"https:\/\/www.20minutes.fr\/dossier\/egalite_hommes_femmes\" target=\"_blank\" class=\"c-link c-btn c-btn--primary\" rel=\"noopener\">Notre dossier sur l&rsquo;\u00e9galit\u00e9 femmes-hommes<\/a><\/p>\n<p>Nantes n\u2019est pas la seule ville \u00e0 s\u2019engager pour faire de ses espaces publics des endroits plus s\u00fbrs pour les femmes. En juillet, la commune de V\u00e9nissieux pr\u00e8s de Lyon a r\u00e9am\u00e9nag\u00e9 l\u2019une de ses esplanades selon les principes de <a href=\"https:\/\/www.20minutes.fr\/societe\/4161123-20250708-venissieux-minguettes-espace-public-transforme-grace-urbanisme-feministe-accueille-mieux-femmes\" target=\"_blank\" class=\"c-link c-link--is-underlined\" rel=\"noopener\">l\u2019urbanisme f\u00e9ministe<\/a>. Des am\u00e9nagements en apparences simples, comme des bancs de diff\u00e9rentes tailles, de la v\u00e9g\u00e9talisation ou des peintures sur le sol qui viennent pourtant chambouler les codes d\u2019une ville pens\u00e9e par les hommes et pour les hommes.<\/p>\n","protected":false},"excerpt":{"rendered":"Nantes sera-t-elle la premi\u00e8re ville de France non-sexiste, comme le souhaite Johanna Rolland, maire socialiste, depuis plusieurs ann\u00e9es\u00a0?&hellip;\n","protected":false},"author":2,"featured_media":464299,"comment_status":"","ping_status":"","sticky":false,"template":"","format":"standard","meta":{"footnotes":""},"categories":[2818],"tags":[1111,47,11,8054,1777,674,6757,1294,1011,27,3047,766,12,2636,25,3667,104,1352,4824],"class_list":{"0":"post-464298","1":"post","2":"type-post","3":"status-publish","4":"format-standard","5":"has-post-thumbnail","7":"category-nantes","8":"tag-actu","9":"tag-actualite","10":"tag-actualites","11":"tag-egalite-homme-femme","12":"tag-eu","13":"tag-europe","14":"tag-feminisme","15":"tag-femme","16":"tag-fr","17":"tag-france","18":"tag-loire-atlantique","19":"tag-nantes","20":"tag-news","21":"tag-pays-de-la-loire","22":"tag-republique-francaise","23":"tag-sexisme","24":"tag-societe","25":"tag-urbanisme","26":"tag-ville"},"share_on_mastodon":{"url":"https:\/\/pubeurope.com\/@fr\/115376923885289447","error":""},"_links":{"self":[{"href":"https:\/\/www.europesays.com\/fr\/wp-json\/wp\/v2\/posts\/464298","targetHints":{"allow":["GET"]}}],"collection":[{"href":"https:\/\/www.europesays.com\/fr\/wp-json\/wp\/v2\/posts"}],"about":[{"href":"https:\/\/www.europesays.com\/fr\/wp-json\/wp\/v2\/types\/post"}],"author":[{"embeddable":true,"href":"https:\/\/www.europesays.com\/fr\/wp-json\/wp\/v2\/users\/2"}],"replies":[{"embeddable":true,"href":"https:\/\/www.europesays.com\/fr\/wp-json\/wp\/v2\/comments?post=464298"}],"version-history":[{"count":0,"href":"https:\/\/www.europesays.com\/fr\/wp-json\/wp\/v2\/posts\/464298\/revisions"}],"wp:featuredmedia":[{"embeddable":true,"href":"https:\/\/www.europesays.com\/fr\/wp-json\/wp\/v2\/media\/464299"}],"wp:attachment":[{"href":"https:\/\/www.europesays.com\/fr\/wp-json\/wp\/v2\/media?parent=464298"}],"wp:term":[{"taxonomy":"category","embeddable":true,"href":"https:\/\/www.europesays.com\/fr\/wp-json\/wp\/v2\/categories?post=464298"},{"taxonomy":"post_tag","embeddable":true,"href":"https:\/\/www.europesays.com\/fr\/wp-json\/wp\/v2\/tags?post=464298"}],"curies":[{"name":"wp","href":"https:\/\/api.w.org\/{rel}","templated":true}]}}