{"id":464316,"date":"2025-10-15T07:17:17","date_gmt":"2025-10-15T07:17:17","guid":{"rendered":"https:\/\/www.europesays.com\/fr\/464316\/"},"modified":"2025-10-15T07:17:17","modified_gmt":"2025-10-15T07:17:17","slug":"toute-lactualite-de-ce-mercredi-15-octobre-2025-a-lyon","status":"publish","type":"post","link":"https:\/\/www.europesays.com\/fr\/464316\/","title":{"rendered":"Toute l&rsquo;actualit\u00e9 de ce mercredi 15 octobre 2025 \u00e0 Lyon"},"content":{"rendered":"<p>A la une de l\u2019info \u00e0 Lyon : la campagne de la S\u00e9curit\u00e9 Routi\u00e8re \u00ab\u00a0Priorit\u00e9 au respect\u201d, le litige entre Givors et la R\u00e9gion, un incendie au nord de Lyon, les Journ\u00e9es Nationales de la R\u00e9paration et un anniversaire au Croiseur\u2026<\/p>\n<p>ECOUTEZ LE 1\/4H LYONNAIS\u2026 Toute l\u2019actualit\u00e9 de ce mercredi 15 octobre 2025<\/p>\n<p>LE 1\/4H LYONNAIS | mercredi 15 octobre 2025<\/p>\n<p>La <strong><a href=\"https:\/\/www.securite-routiere.gouv.fr\/priorite-au-respect\" target=\"_blank\" rel=\"noreferrer noopener\">S\u00e9curit\u00e9 Routi\u00e8re<\/a><\/strong> lance une <strong>campagne<\/strong> autour du mot d\u2019ordre \u201c<strong>Priorit\u00e9 au respect<\/strong>\u201d, destin\u00e9e \u00e0 <strong>pacifier les routes<\/strong>. Les <strong>automobilistes lyonnais<\/strong> auraient un comportement particuli\u00e8rement dangereux au volant. Les <strong>pi\u00e9tons \u00e0 Lyon<\/strong> seraient les champions des comportements \u00e0 risques en traversant la rue\u2026<\/p>\n<p>Le <strong>tribunal administratif de Lyon<\/strong> a rendu sa d\u00e9cision dans le litige qui oppose la <strong>Ville de Givors<\/strong> et la <strong>R\u00e9gion Auvergne-Rh\u00f4ne-Alpes<\/strong> sur une subvention de 2,4 millions d\u2019euros dans le cadre de la <strong>r\u00e9habilitation du centre commercial des Vernes<\/strong>.<\/p>\n<p>Un<strong> incendie<\/strong> s\u2019est d\u00e9clar\u00e9 hier \u00e0 l\u2019est de <strong>Villefranche-sur-Sa\u00f4ne<\/strong>, dans une entreprise sp\u00e9cialis\u00e9e dans les pi\u00e8ces de plastique thermoform\u00e9es.<\/p>\n<p>Ecoutez aussi : <a href=\"https:\/\/www.lyondemain.fr\/la-seconde-main-atelier-fil-en-forme\/\" target=\"_blank\" rel=\"noreferrer noopener\">La Seconde main vs la fast-fashion<\/a><\/p>\n<p>Egalement dans l\u2019actualit\u00e9 de ce mercredi 15 octobre<\/p>\n<p>Les <strong>Journ\u00e9es Nationales de la R\u00e9paration<\/strong> d\u00e9butent ce jeudi pour s\u2019achever dimanche. Objectif : mettre en lumi\u00e8re les initiatives visant \u00e0 <strong>r\u00e9parer et prolonger la dur\u00e9e de vie de nos objets<\/strong>\u2026Dans cette \u00e9dition, on vous fait d\u00e9couvrir <strong>l\u2019Atelier Soud\u00e9<\/strong>. Une association qui abrite une ruche de <strong>r\u00e9parateurs<\/strong>, des b\u00e9n\u00e9voles passionn\u00e9s et quelques jeunes en <strong>service civique<\/strong>. Pour vous aider \u00e0 r\u00e9parer vos appareils \u00e9lectroniques du quotidien\u2026<\/p>\n<p><strong>Jean-Fran\u00e7ois<\/strong>, b\u00e9n\u00e9vole depuis 6 ans \u00e0<strong> l\u2019Atelier Soud\u00e9<\/strong>, <strong>Emmanuel<\/strong>, adh\u00e9rent en recherche d\u2019inspiration pour r\u00e9parer son <strong>enceinte connect\u00e9e<\/strong>, et <strong>Camille<\/strong>, salari\u00e9e de <strong>l\u2019Atelier Soud\u00e9<\/strong><\/p>\n<blockquote class=\"instagram-media\" data-instgrm-captioned=\"\" data-instgrm-permalink=\"https:\/\/www.instagram.com\/p\/DPOwsEvgZVa\/?utm_source=ig_embed&amp;utm_campaign=loading\" data-instgrm-version=\"14\" style=\" background:#FFF; border:0; border-radius:3px; box-shadow:0 0 1px 0 rgba(0,0,0,0.5),0 1px 10px 0 rgba(0,0,0,0.15); margin: 1px; max-width:540px; min-width:326px; padding:0; width:99.375%; width:-webkit-calc(100% - 2px); width:calc(100% - 2px);\"\/>\n<p><strong>L\u2019Atelier Soud\u00e9<\/strong> f\u00eate ses 10 ans, samedi toute la journ\u00e9e, avec des <strong>ateliers participatifs<\/strong> et m\u00eame un <strong>grand match de r\u00e9paration<\/strong> sur la sc\u00e8ne du <strong>Croiseur<\/strong>.<\/p>\n<p>Ecoutez aussi : <a href=\"https:\/\/www.lyondemain.fr\/actualite-de-ce-mardi-14-octobre-atmo-entreprises-visioair-lyon-info\/\" target=\"_blank\" rel=\"noreferrer noopener\">Toute l\u2019actualit\u00e9 de ce mardi 14 octobre 2025 \u00e0 Lyon<\/a><\/p>\n<p><img fetchpriority=\"high\" decoding=\"async\" width=\"1200\" height=\"675\" src=\"https:\/\/www.europesays.com\/fr\/wp-content\/uploads\/2025\/10\/actualite-de-ce-mercredi-15-octobre-2025.jpg\" alt=\"actualit\u00e9 de ce mercredi 15 octobre 2025 info \u00e0 Lyon\" class=\"wp-image-251821\"  \/>Retrouvez aussi le Quart d\u2019Heure Lyonnais de Lyon Demain sur les antennes de Radio Pluriel (Lyon). Radio Salam (Lyon, Saint-Etienne et Bourg) et Radio Arm\u00e9nie (Lyon et Vienne)<\/p>\n<p>J\u2019aime \u00e7a\u00a0:<\/p>\n<p>J\u2019aime chargement\u2026<\/p>\n<p><a class=\"sd-link-color\"\/><\/p>\n<p>\n\tArticles similaires\n<\/p>\n<p>\t\t\t\t<img decoding=\"async\" src=\"https:\/\/www.europesays.com\/fr\/wp-content\/uploads\/2025\/10\/1760512637_29_7866158698e17e8ed633c05e8f8e7fe5d9e057ad78661c4dc34e413abb6b9f19\" alt=\"G\u00e9rald Bouchon\"\/><\/p>\n<p>Pionnier des radios libres, passionn\u00e9 de radio, journaliste et dirigeant de m\u00e9dias \u00e9co-responsables..<\/p>\n<p>\t\t\t<script async src=\"\/\/www.instagram.com\/embed.js\"><\/script><\/p>\n","protected":false},"excerpt":{"rendered":"A la une de l\u2019info \u00e0 Lyon : la campagne de la S\u00e9curit\u00e9 Routi\u00e8re \u00ab\u00a0Priorit\u00e9 au respect\u201d, le&hellip;\n","protected":false},"author":2,"featured_media":464317,"comment_status":"","ping_status":"","sticky":false,"template":"","format":"standard","meta":{"footnotes":""},"categories":[1889],"tags":[1111,11,58842,2430,9860,58843,1777,674,1011,27,1310,58844,58845,2428,12,1967,58846,6543,13386,58847,25,5009,10522,55900,58848],"class_list":{"0":"post-464316","1":"post","2":"type-post","3":"status-publish","4":"format-standard","5":"has-post-thumbnail","7":"category-lyon","8":"tag-actu","9":"tag-actualites","10":"tag-auto-reparation","11":"tag-auvergne-rhone-alpes","12":"tag-electronique","13":"tag-enceinte-connectee","14":"tag-eu","15":"tag-europe","16":"tag-fr","17":"tag-france","18":"tag-incendie","19":"tag-latelier-soude","20":"tag-le-croiseur","21":"tag-lyon","22":"tag-news","23":"tag-objets","24":"tag-obsolescence-programmee","25":"tag-prevention","26":"tag-region-auvergne-rhone-alpes","27":"tag-reparations","28":"tag-republique-francaise","29":"tag-securite-routiere","30":"tag-subventions","31":"tag-ville-de-givors","32":"tag-villefranche-saone"},"share_on_mastodon":{"url":"https:\/\/pubeurope.com\/@fr\/115376963390520146","error":""},"_links":{"self":[{"href":"https:\/\/www.europesays.com\/fr\/wp-json\/wp\/v2\/posts\/464316","targetHints":{"allow":["GET"]}}],"collection":[{"href":"https:\/\/www.europesays.com\/fr\/wp-json\/wp\/v2\/posts"}],"about":[{"href":"https:\/\/www.europesays.com\/fr\/wp-json\/wp\/v2\/types\/post"}],"author":[{"embeddable":true,"href":"https:\/\/www.europesays.com\/fr\/wp-json\/wp\/v2\/users\/2"}],"replies":[{"embeddable":true,"href":"https:\/\/www.europesays.com\/fr\/wp-json\/wp\/v2\/comments?post=464316"}],"version-history":[{"count":0,"href":"https:\/\/www.europesays.com\/fr\/wp-json\/wp\/v2\/posts\/464316\/revisions"}],"wp:featuredmedia":[{"embeddable":true,"href":"https:\/\/www.europesays.com\/fr\/wp-json\/wp\/v2\/media\/464317"}],"wp:attachment":[{"href":"https:\/\/www.europesays.com\/fr\/wp-json\/wp\/v2\/media?parent=464316"}],"wp:term":[{"taxonomy":"category","embeddable":true,"href":"https:\/\/www.europesays.com\/fr\/wp-json\/wp\/v2\/categories?post=464316"},{"taxonomy":"post_tag","embeddable":true,"href":"https:\/\/www.europesays.com\/fr\/wp-json\/wp\/v2\/tags?post=464316"}],"curies":[{"name":"wp","href":"https:\/\/api.w.org\/{rel}","templated":true}]}}