{"id":464318,"date":"2025-10-15T07:18:11","date_gmt":"2025-10-15T07:18:11","guid":{"rendered":"https:\/\/www.europesays.com\/fr\/464318\/"},"modified":"2025-10-15T07:18:11","modified_gmt":"2025-10-15T07:18:11","slug":"en-seine-et-marne-les-travaux-de-cette-route-tres-attendue-commencent","status":"publish","type":"post","link":"https:\/\/www.europesays.com\/fr\/464318\/","title":{"rendered":"en Seine-et-Marne, les travaux de cette route tr\u00e8s attendue commencent"},"content":{"rendered":"<p>            Par<br \/>\n        <strong><br \/>\n            <a href=\"https:\/\/actu.fr\/auteur\/l-bourven\" title=\"Consulter tous les articles de Laura Bourven\" rel=\"nofollow noopener\" target=\"_blank\">Laura Bourven<\/a><br \/>\n        <\/strong><\/p>\n<p>        Publi\u00e9 le<\/p>\n<p>            15 oct. 2025 \u00e0 8h46        <\/p>\n<p>C\u2019est un projet \u00ab\u2009qu\u2019on aurait d\u00fb faire il y a bien longtemps\u2009\u00bb. C\u2019est avec satisfaction et un certain soulagement que Jean-Fran\u00e7ois Parigi, pr\u00e9sident du Conseil d\u00e9partemental de <a href=\"https:\/\/actu.fr\/ile-de-france\/seine-et-marne_77\" rel=\"nofollow noopener\" target=\"_blank\">Seine-et-Marne, <\/a>a pris la parole, mardi 7\u00a0octobre 2025, sur la base vie d\u2019un tout nouveau chantier sur le point de se lancer. \u00c0 hauteur de <a href=\"https:\/\/actu.fr\/ile-de-france\/claye-souilly_77118\" rel=\"nofollow noopener\" target=\"_blank\">Claye-Souilly,<\/a> le long de la RN3, il est venu pr\u00e9senter, avec tous ses partenaires, et lancer officiellement le chantier de la <b>liaison routi\u00e8re de l\u2019Est-Francilien,<\/b> aussi appel\u00e9e la route<b> Meaux-Roissy<\/b>. Une premi\u00e8re pierre enfin pos\u00e9e apr\u00e8s des dizaines d\u2019ann\u00e9es de discussions et de tractations pour cr\u00e9er cette toute nouvelle infrastructure.<\/p>\n<p>Une baisse du trafic et un gain de temps<\/p>\n<p class=\" wall-content\">Avec le d\u00e9veloppement toujours plus croissant de la plateforme a\u00e9roportuaire de Roissy-Charles de Gaulle, la Seine-et-Marne a vu le nombre de v\u00e9hicules sur ses routes augmenter. En effet, l\u2019a\u00e9roport est \u00ab\u2009la premi\u00e8re fronti\u00e8re fran\u00e7aise avec le monde\u2009\u00bb et l\u2019activit\u00e9 \u00e9conomique y est naturellement forte.<\/p>\n<p class=\" wall-content\">Un point positif pour l\u2019emploi dans le nord du d\u00e9partement mais qui a des cons\u00e9quences n\u00e9fastes sur les routes, et plus particuli\u00e8rement la RD212. Chaque jour, cette voie est emprunt\u00e9e par <b>22\u2009000 v\u00e9hicules<\/b>. Ce sera 28\u2009000 v\u00e9hicules par jour si rien n\u2019est fait d\u2019ici 2040.<\/p>\n<p class=\" wall-content\">Alors, le D\u00e9partement a d\u00e9cid\u00e9 ses derni\u00e8res ann\u00e9es de mettre un coup d\u2019acc\u00e9l\u00e9rateur \u00e0 son projet de nouvelle route. Cette liaison routi\u00e8re de l\u2019Est Francilien a pour objectif de relier le secteur de Claye-Souilly et le bassin de vie meldois \u00e0 l\u2019a\u00e9roport, et surtout \u00e0 la premi\u00e8re partie de la liaison routi\u00e8re (RD212) cr\u00e9\u00e9e entre\u00a02016 et\u00a02021 au niveau de Mitry-Mory, permettant de rejoindre le contournement est de Roissy port\u00e9 par l\u2019\u00e9tat et ouvert \u00e0 la circulation \u00e0 l\u2019automne 2023.<\/p>\n<p class=\" wall-content\">\u00c0 terme, ce projet doit permettre u<b>ne baisse de 40\u2009% du trafic<\/b> sur la RD212 pour abaisser le nombre de v\u00e9hicule sur cette route d\u00e9partementale \u00e0 <b>17\u2009000 par jour<\/b>. Ce sera aussi un gain de temps pour les habitants et travailleurs qui souhaiteront rejoindre la plateforme a\u00e9roportuaire et ses alentours\u2009: <b>15\u00a0minutes en moins <\/b>pass\u00e9es dans la voiture.<\/p>\n<p>Cinq ans de chantier<\/p>\n<p class=\" wall-content\">Les travaux de cette nouvelle route, u<b>ne double chauss\u00e9e de 6 kilom\u00e8tres,<\/b> commenceront au mois de novembre prochain avec le terrassement. Le chantier se d\u00e9roulera ensuite par phase, <b>cinq au total, <\/b>d\u2019une dur\u00e9e d\u2019environ deux ans chacune.<\/p>\n<p>Votre r\u00e9gion, votre actu !<\/p>\n<p>Recevez chaque jour les infos qui comptent pour vous.<\/p>\n<p>\t<a href=\"https:\/\/actu.fr\/newsletter\" class=\"ac-btn ac-btn--corner ac-btn--medium ac-btn--blue800\" rel=\"nofollow noopener\" target=\"_blank\">S&rsquo;incrire<\/a><\/p>\n<p class=\" wall-content\">Elles pourront se chevaucher pour arriver en 2030 avec une toute nouvelle voie pour les automobilistes. Entre\u00a02027 et\u00a02027, les ouvriers se concentreront sur le secteur de Claye-Souilly, puis de <a href=\"https:\/\/actu.fr\/ile-de-france\/messy_77292\" rel=\"nofollow noopener\" target=\"_blank\">Messy<\/a> entre\u00a02026 et\u00a02029 et de <a href=\"https:\/\/actu.fr\/ile-de-france\/compans_77123\" rel=\"nofollow noopener\" target=\"_blank\">Compans<\/a>\u2013<a href=\"https:\/\/actu.fr\/ile-de-france\/gressy_77214\" rel=\"nofollow noopener\" target=\"_blank\">Gressy<\/a> entre\u00a02027 et\u00a02029.<\/p>\n<p>    <img   decoding=\"async\" loading=\"lazy\" class=\"size-large\" src=\"https:\/\/www.europesays.com\/fr\/wp-content\/uploads\/2025\/10\/f88454a10ee860d8454a10ee8c0945v-960x640.jpg\" alt=\"Le chantier se d\u00e9roulera en 5 phases.\" width=\"960\" height=\"640\"\/><br \/>\n    Le chantier se d\u00e9roulera en 5 phases. \u00a9Laura\u00a0Bourven<\/p>\n<p class=\" wall-content\">Entre\u00a02027 et\u00a02028, le territoire verra aussi l\u2019impressionnante construction d\u2019un viaduc de 440\u00a0m\u00e8tres sur le secteur de <a href=\"https:\/\/actu.fr\/ile-de-france\/saint-mesmes_77427\" rel=\"nofollow noopener\" target=\"_blank\">Saint-Mesmes<\/a>. L\u2019objectif de cet ouvrage\u2009: ne pas d\u00e9truire les milieux naturels comme La Vall\u00e9e de La Beuvronne et le Grand Marais.<\/p>\n<blockquote class=\"ac-article-quote wall-content\">\n<p>Le chantier a aussi une dimension environnementale importante, ce viaduc permet de favoriser la biodiversit\u00e9, il y aura \u00e9galement 12 hectares de nouvelles plantations le long de la route.<\/p>\n<p>Directeur des routes de Seine-et-Marne, Jean-S\u00e9bastien Soudre<\/p><\/blockquote>\n<p class=\" wall-content\">Des passages souterrains permettront la circulation de la petite faune, tandis que la protection des oiseaux et des chauves-souris sera assur\u00e9e. Le traitement des eaux de ruissellement sera assur\u00e9 par des noues v\u00e9g\u00e9talis\u00e9es, foss\u00e9s peu profonds et larges permettant de filtrer naturellement les polluants avant rejet dans le milieu naturel.<\/p>\n<p class=\" wall-content\">Ce ne sera pas le seul ouvrage d\u2019art construit puisqu\u2019il y en aura au total <b>9 sur les six kilom\u00e8tres de la route<\/b>, aussi pour passer au-dessus des voies ferroviaires.<\/p>\n<p class=\" wall-content\">Enfin, la D\u00e9partement, sur demande explicite du pr\u00e9sident de Roissy-Pays de France, Pascal Doll, a pr\u00e9vu un espace pour les transports en commun sur cette nouvelle route. Il n\u2019y aura pas de voie d\u00e9di\u00e9e aux bus, mais, en cas de forte affluence, la voie auxiliaire sera r\u00e9serv\u00e9e aux transports.<\/p>\n<p>La concr\u00e9tisation d\u2019un vieux projet<\/p>\n<p class=\" wall-content\">La pose symbolique de la premi\u00e8re pierre de la route \u00ab\u2009Roissy-Meaux\u2009\u00bb mardi 7\u00a0octobre 2025 est la premi\u00e8re \u00e9tape d\u2019un projet dans les tuyaux depuis pr\u00e8s de 50\u00a0ans. Il avait d\u2019ailleurs \u00e9t\u00e9 inscrit au <b>SDRIF (sch\u00e9ma directeur de la R\u00e9gion \u00cele-de-France) en 1976.<\/b><\/p>\n<blockquote class=\"ac-article-quote wall-content\">\n<p>\u00ab\u2009Nous travaillons sur ce dossier depuis des ann\u00e9es. \u00c7a nous a pris des ann\u00e9es de r\u00e9flexion. En arrivant au D\u00e9partement, nous avions un choix corn\u00e9lien\u2009: r\u00e9aliser cette route ou la d\u00e9viation de Trilport. Il nous a sembl\u00e9 urgent que cette voie se fasse car \u00e7a bougeait de plus en plus sur la plateforme a\u00e9roportuaire. Cet investissement va vraiment am\u00e9liorer notre quotidien.<\/p>\n<p>Jean-Fran\u00e7ois Parigi, pr\u00e9sident du D\u00e9partement de Seine-et-Marne<\/p><\/blockquote>\n<p class=\" wall-content\">Pour ce chantier colossal, d\u2019un co\u00fbt de <b>130\u00a0millions d\u2019euros hors taxes,<\/b> plusieurs acteurs se sont ainsi mobilis\u00e9s\u2009: le D\u00e9partement bien \u00e9videmment qui met 61\u00a0millions d\u2019euros sur la table, le groupe A\u00e9roport de Paris (ADP) qui contribue \u00e0 hauteur d\u20191,9\u00a0million d\u2019euros, l\u2019agglom\u00e9ration Roissy-Pays de France finance 2\u00a0millions d\u2019euros, et enfin la R\u00e9gion \u00cele-de-France, le plus gros partenaire avec 65\u00a0millions d\u2019euros investis dans cette nouvelle infrastructure, se substituant \u00e0 l\u2019<b>\u00c9tat qui a refus\u00e9 de subventionner<\/b> la liaison routi\u00e8re de l\u2019Est Francilien.<\/p>\n<p class=\" wall-content\">\u00ab\u2009C\u2019\u00e9tait un coup dur, mais pas de la faute du pr\u00e9fet, vous \u00eates un alli\u00e9 depuis le d\u00e9but, poursuit le pr\u00e9sident du D\u00e9partement en s\u2019adressant directement \u00e0 Pierre Ory, pr\u00e9fet de Seine-et-Marne, pr\u00e9sent au lancement de ce chantier. Le contrat \u00c9tat-R\u00e9gion a \u00e9t\u00e9 \u00e9cart\u00e9. Et l\u00e0, sans h\u00e9sitation, Val\u00e9rie P\u00e9cresse m\u2019a dit \u00a0\u00bbJe viendrais \u00e0 la place de l\u2019\u00c9tat\u00a0\u00bb.\u2009\u00bb<\/p>\n<p class=\" wall-content\">Le pr\u00e9fet justifie ce refus par la simple raison que \u00ab\u2009l\u2019\u00c9tat ne va pas au financement de la voirie d\u00e9partementale\u2009\u00bb.<\/p>\n<p class=\" wall-content\">De son c\u00f4t\u00e9, la pr\u00e9sidente de la R\u00e9gion est en effet convaincue du r\u00f4le de l\u2019<a href=\"https:\/\/actu.fr\/ile-de-france\/\" rel=\"nofollow noopener\" target=\"_blank\">\u00cele-de-France<\/a> dans la construction de nouvelles infrastructures routi\u00e8res. \u00ab\u2009La Chambre R\u00e9gionale des Comptes dit que les routes ne sont pas une comp\u00e9tence de la R\u00e9gion. Je le conteste. Premi\u00e8rement car, ces routes que la R\u00e9gion aide participent au plan anti-bouchons que nous portons. Et ensuite car on peut y faire rouler des transports en commun. Une route comme celle-ci pourra accueillir une ligne de covoiturage comme on en teste actuellement\u2009\u00bb, commente Val\u00e9rie P\u00e9cresse.<\/p>\n<p class=\" wall-content\">Les travaux sont donc enfin lanc\u00e9s, et cette nouvelle voie tr\u00e8s attendue devrait \u00eatre <b>mise en service en 2030.<\/b><\/p>\n<p class=\" wall-content\">Personnalisez votre actualit\u00e9 en ajoutant vos villes et m\u00e9dias en favori avec <a href=\"https:\/\/moncompte.actu.fr\" title=\"D\u00e9couvez Mon Actu\" rel=\"nofollow noopener\" data-trk=\"{&quot;cta&quot;:{&quot;action&quot;:&quot;https:\\\/\\\/moncompte.actu.fr&quot;,&quot;category&quot;:&quot;mon compte&quot;,&quot;from&quot;:&quot;article footer&quot;,&quot;name&quot;:&quot;Mon actu&quot;,&quot;type&quot;:&quot;cta&quot;}}\" target=\"_blank\">Mon Actu<\/a>.<\/p>\n","protected":false},"excerpt":{"rendered":"Par Laura Bourven Publi\u00e9 le 15 oct. 2025 \u00e0 8h46 C\u2019est un projet \u00ab\u2009qu\u2019on aurait d\u00fb faire il&hellip;\n","protected":false},"author":2,"featured_media":464319,"comment_status":"","ping_status":"","sticky":false,"template":"","format":"standard","meta":{"footnotes":""},"categories":[1592],"tags":[1111,11,3542,1777,674,1011,27,662,12,626,25,104,2086],"class_list":{"0":"post-464318","1":"post","2":"type-post","3":"status-publish","4":"format-standard","5":"has-post-thumbnail","7":"category-ile-de-france","8":"tag-actu","9":"tag-actualites","10":"tag-circulation","11":"tag-eu","12":"tag-europe","13":"tag-fr","14":"tag-france","15":"tag-ile-de-france","16":"tag-news","17":"tag-paris","18":"tag-republique-francaise","19":"tag-societe","20":"tag-travaux"},"share_on_mastodon":{"url":"https:\/\/pubeurope.com\/@fr\/115376967502580122","error":""},"_links":{"self":[{"href":"https:\/\/www.europesays.com\/fr\/wp-json\/wp\/v2\/posts\/464318","targetHints":{"allow":["GET"]}}],"collection":[{"href":"https:\/\/www.europesays.com\/fr\/wp-json\/wp\/v2\/posts"}],"about":[{"href":"https:\/\/www.europesays.com\/fr\/wp-json\/wp\/v2\/types\/post"}],"author":[{"embeddable":true,"href":"https:\/\/www.europesays.com\/fr\/wp-json\/wp\/v2\/users\/2"}],"replies":[{"embeddable":true,"href":"https:\/\/www.europesays.com\/fr\/wp-json\/wp\/v2\/comments?post=464318"}],"version-history":[{"count":0,"href":"https:\/\/www.europesays.com\/fr\/wp-json\/wp\/v2\/posts\/464318\/revisions"}],"wp:featuredmedia":[{"embeddable":true,"href":"https:\/\/www.europesays.com\/fr\/wp-json\/wp\/v2\/media\/464319"}],"wp:attachment":[{"href":"https:\/\/www.europesays.com\/fr\/wp-json\/wp\/v2\/media?parent=464318"}],"wp:term":[{"taxonomy":"category","embeddable":true,"href":"https:\/\/www.europesays.com\/fr\/wp-json\/wp\/v2\/categories?post=464318"},{"taxonomy":"post_tag","embeddable":true,"href":"https:\/\/www.europesays.com\/fr\/wp-json\/wp\/v2\/tags?post=464318"}],"curies":[{"name":"wp","href":"https:\/\/api.w.org\/{rel}","templated":true}]}}