{"id":464350,"date":"2025-10-15T07:35:11","date_gmt":"2025-10-15T07:35:11","guid":{"rendered":"https:\/\/www.europesays.com\/fr\/464350\/"},"modified":"2025-10-15T07:35:11","modified_gmt":"2025-10-15T07:35:11","slug":"le-beach-volley-la-nouvelle-carte-du-tours-volley-ball","status":"publish","type":"post","link":"https:\/\/www.europesays.com\/fr\/464350\/","title":{"rendered":"le beach-volley, la nouvelle carte du Tours Volley-Ball"},"content":{"rendered":"<p>Un grand ciel bleu, le soleil qui tape, du sable fin et trois filets de volley. Depuis la fin de l\u2019\u00e9t\u00e9 la zone occup\u00e9e par l\u2019Association de tennis du grand Tours (ATGT) a des allures de Copacabana. Le 30\u00a0septembre 2025, le Tours Volley-Ball (TVB) a inaugur\u00e9 ses terrains de beach-volley. L\u2019aboutissement d\u2019un projet lanc\u00e9 il y a maintenant deux ans et qui devrait permettre au club de grossir encore un peu&#8230;. <\/p>\n<p>    Cet article a \u00e9t\u00e9 tronqu\u00e9. Abonnez-vous pour lire l&rsquo;article complet sur notre site.<\/p>\n<p style=\"margin: 0 !important; padding: 0 !important; font-size: 12px !important;\">Cet article a \u00e9t\u00e9 tronqu\u00e9. Abonnez-vous pour lire l&rsquo;article complet.<\/p>\n<p>    <a href=\"https:\/\/www.lanouvellerepublique.fr\/abonnements\" style=\"display: inline-block; margin-top: 5px !important; padding: 6px 12px !important; background: #cb1c27; color: white; text-decoration: none; border-radius: 4px; font-size: 12px !important;\" target=\"_blank\" rel=\"noopener\"><br \/>\n      S&rsquo;abonner<br \/>\n    <\/a><\/p>\n","protected":false},"excerpt":{"rendered":"Un grand ciel bleu, le soleil qui tape, du sable fin et trois filets de volley. Depuis la&hellip;\n","protected":false},"author":2,"featured_media":464351,"comment_status":"","ping_status":"","sticky":false,"template":"","format":"standard","meta":{"footnotes":""},"categories":[1417],"tags":[1392,1011,27,1393,4387,60,1390,1471,2767,1470,1469],"class_list":{"0":"post-464350","1":"post","2":"type-post","3":"status-publish","4":"format-standard","5":"has-post-thumbnail","7":"category-volley","8":"tag-a-la-une-local","9":"tag-fr","10":"tag-france","11":"tag-loisirs","12":"tag-loisirs-sportifs","13":"tag-sports","14":"tag-tours","15":"tag-tours-volley-ball","16":"tag-tvb-37","17":"tag-volley","18":"tag-volleyball"},"share_on_mastodon":{"url":"https:\/\/pubeurope.com\/@fr\/115377033978668700","error":""},"_links":{"self":[{"href":"https:\/\/www.europesays.com\/fr\/wp-json\/wp\/v2\/posts\/464350","targetHints":{"allow":["GET"]}}],"collection":[{"href":"https:\/\/www.europesays.com\/fr\/wp-json\/wp\/v2\/posts"}],"about":[{"href":"https:\/\/www.europesays.com\/fr\/wp-json\/wp\/v2\/types\/post"}],"author":[{"embeddable":true,"href":"https:\/\/www.europesays.com\/fr\/wp-json\/wp\/v2\/users\/2"}],"replies":[{"embeddable":true,"href":"https:\/\/www.europesays.com\/fr\/wp-json\/wp\/v2\/comments?post=464350"}],"version-history":[{"count":0,"href":"https:\/\/www.europesays.com\/fr\/wp-json\/wp\/v2\/posts\/464350\/revisions"}],"wp:featuredmedia":[{"embeddable":true,"href":"https:\/\/www.europesays.com\/fr\/wp-json\/wp\/v2\/media\/464351"}],"wp:attachment":[{"href":"https:\/\/www.europesays.com\/fr\/wp-json\/wp\/v2\/media?parent=464350"}],"wp:term":[{"taxonomy":"category","embeddable":true,"href":"https:\/\/www.europesays.com\/fr\/wp-json\/wp\/v2\/categories?post=464350"},{"taxonomy":"post_tag","embeddable":true,"href":"https:\/\/www.europesays.com\/fr\/wp-json\/wp\/v2\/tags?post=464350"}],"curies":[{"name":"wp","href":"https:\/\/api.w.org\/{rel}","templated":true}]}}