{"id":464354,"date":"2025-10-15T07:37:28","date_gmt":"2025-10-15T07:37:28","guid":{"rendered":"https:\/\/www.europesays.com\/fr\/464354\/"},"modified":"2025-10-15T07:37:28","modified_gmt":"2025-10-15T07:37:28","slug":"je-vais-devoir-passer-des-examens-des-que-possible-de-minaur-incertain-pour-la-fin-de-saison","status":"publish","type":"post","link":"https:\/\/www.europesays.com\/fr\/464354\/","title":{"rendered":"\u00ab Je vais devoir passer des examens d\u00e8s que possible \u00bb, De Minaur incertain pour la fin de saison"},"content":{"rendered":"<p>                <img decoding=\"async\" src=\"https:\/\/www.europesays.com\/fr\/wp-content\/uploads\/2025\/10\/AXmA.jpg\" fetchpriority=\"high\" alt=\"\u00ab Je vais devoir passer des examens d\u00e8s que possible \u00bb, De Minaur incertain pour la fin de saison\"\/><\/p>\n<p><strong>Alex De Minaur n\u2019est pas encore certain \u00e0 100% de participer aux derniers tournois de la saison.<\/strong><\/p>\n<p>Quart de finaliste au Masters 1000 de Shanghai ces derniers jours, De Minaur ne sait pas encore ce qui l\u2019attend pour la fin de sa saison 2025. Touch\u00e9 \u00e0 une hanche, l\u2019Australien a d\u00e9clar\u00e9 forfait pour l\u2019UTS Hong Kong qui a lieu dans les prochaines heures.<\/p>\n<p>D\u2019ailleurs, le 7e joueur mondial l\u2019a confirm\u00e9 : il va devoir passer des examens pour d\u00e9terminer la nature exacte de sa blessure. Le joueur de 26 ans a accord\u00e9 une interview \u00e0 Tennis Majors dans laquelle il revient sur ses probl\u00e8mes physiques du moment.<\/p>\n<p>\u00ab C\u2019est une blessure \u00e0 la hanche, la m\u00eame que celle que j\u2019avais subie apr\u00e8s Wimbledon l\u2019ann\u00e9e derni\u00e8re et qui m\u2019avait \u00e9cart\u00e9 des courts pendant un long moment. C\u2019est un sujet de pr\u00e9occupation.<\/p>\n<p>L\u2019ann\u00e9e derni\u00e8re, je n\u2019avais pas pu jouer durant trois ou quatre mois, et, quand je suis revenu, j\u2019ai jou\u00e9 avec la douleur pendant tout le reste de l\u2019ann\u00e9e. Aujourd\u2019hui, ce sont des signes d\u2019alerte, je dois faire en sorte que tout aille bien.<\/p>\n<p>Je ne veux pas avoir les m\u00eames probl\u00e8mes que l\u2019an dernier. Je dois \u00eatre intelligent et me soigner. J\u2019ai commenc\u00e9 \u00e0 ressentir une douleur \u00e0 P\u00e9kin. \u00c7a s&rsquo;est d\u00e9t\u00e9rior\u00e9 et j\u2019ai jou\u00e9 \u00e0 Shanghai avec des anti-douleurs pour faire de mon mieux, mais je savais que quelque chose n\u2019allait pas.<\/p>\n<p>J\u2019esp\u00e9rais que ce soit simplement un faux mouvement et que j\u2019allais pouvoir aller mieux deux ou trois jours apr\u00e8s. Mais les matchs se sont encha\u00een\u00e9s et la douleur n\u2019est pas partie. C\u2019est la raison pour laquelle je vais devoir passer des examens d\u00e8s que possible pour voir ce qui ne va pas.<\/p>\n<p>J\u2019ai besoin d\u2019identifier le probl\u00e8me, pourquoi j\u2019ai encore mal et une fois que j\u2019aurai \u00e9chang\u00e9 avec mon \u00e9quipe, mon m\u00e9decin et mon \u00e9quipe m\u00e9dicale, nous pourrons planifier les tournois que je disputerai ou non sur les derni\u00e8res semaines de l\u2019ann\u00e9e. Il y a encore beaucoup d\u2019interrogations et d\u2019incertitudes, donc il faut simplement attendre \u00bb, a assur\u00e9 Alex De Minaur.<\/p>\n<p>Pour rappel, De Minaur est encore inscrit au tournoi ATP 500 de Vienne et au Masters 1000 de Paris, et est encore en course pour participer aux ATP Finals de Turin. En ce qui concerne le circuit UTS, il est d\u2019ores et d\u00e9j\u00e0 assur\u00e9 de participer \u00e0 la derni\u00e8re \u00e9tape de l\u2019ann\u00e9e \u00e0 Londres d\u00e9but d\u00e9cembre (l\u2019Australien en est d\u2019ailleurs le tenant du titre).<\/p>\n","protected":false},"excerpt":{"rendered":"Alex De Minaur n\u2019est pas encore certain \u00e0 100% de participer aux derniers tournois de la saison. Quart&hellip;\n","protected":false},"author":2,"featured_media":464355,"comment_status":"","ping_status":"","sticky":false,"template":"","format":"standard","meta":{"footnotes":""},"categories":[1415],"tags":[1011,27,60,1467],"class_list":{"0":"post-464354","1":"post","2":"type-post","3":"status-publish","4":"format-standard","5":"has-post-thumbnail","7":"category-tennis","8":"tag-fr","9":"tag-france","10":"tag-sports","11":"tag-tennis"},"share_on_mastodon":{"url":"https:\/\/pubeurope.com\/@fr\/115377041953166719","error":""},"_links":{"self":[{"href":"https:\/\/www.europesays.com\/fr\/wp-json\/wp\/v2\/posts\/464354","targetHints":{"allow":["GET"]}}],"collection":[{"href":"https:\/\/www.europesays.com\/fr\/wp-json\/wp\/v2\/posts"}],"about":[{"href":"https:\/\/www.europesays.com\/fr\/wp-json\/wp\/v2\/types\/post"}],"author":[{"embeddable":true,"href":"https:\/\/www.europesays.com\/fr\/wp-json\/wp\/v2\/users\/2"}],"replies":[{"embeddable":true,"href":"https:\/\/www.europesays.com\/fr\/wp-json\/wp\/v2\/comments?post=464354"}],"version-history":[{"count":0,"href":"https:\/\/www.europesays.com\/fr\/wp-json\/wp\/v2\/posts\/464354\/revisions"}],"wp:featuredmedia":[{"embeddable":true,"href":"https:\/\/www.europesays.com\/fr\/wp-json\/wp\/v2\/media\/464355"}],"wp:attachment":[{"href":"https:\/\/www.europesays.com\/fr\/wp-json\/wp\/v2\/media?parent=464354"}],"wp:term":[{"taxonomy":"category","embeddable":true,"href":"https:\/\/www.europesays.com\/fr\/wp-json\/wp\/v2\/categories?post=464354"},{"taxonomy":"post_tag","embeddable":true,"href":"https:\/\/www.europesays.com\/fr\/wp-json\/wp\/v2\/tags?post=464354"}],"curies":[{"name":"wp","href":"https:\/\/api.w.org\/{rel}","templated":true}]}}