{"id":464358,"date":"2025-10-15T07:39:11","date_gmt":"2025-10-15T07:39:11","guid":{"rendered":"https:\/\/www.europesays.com\/fr\/464358\/"},"modified":"2025-10-15T07:39:11","modified_gmt":"2025-10-15T07:39:11","slug":"vers-un-retour-imminent-du-portugal-en-f1-et-motogp-a-estoril","status":"publish","type":"post","link":"https:\/\/www.europesays.com\/fr\/464358\/","title":{"rendered":"Vers un retour imminent du Portugal en F1 et MotoGP \u00e0 Estoril ?"},"content":{"rendered":"<p>Le circuit portugais d\u2019Estoril vise un retour en MotoGP en 2027 et en F1 en 2028 Le circuit historique d\u2019Estoril, au Portugal, vise un retour en MotoGP en 2027<\/p>\n<p>Le circuit historique d\u2019Estoril au Portugal, qui a accueilli pour la derni\u00e8re fois la Formule 1 en 1996, pourrait bient\u00f4t revenir au premier plan des calendriers de la F1 et du MotoGP.<\/p>\n<p>Le Portugal montre un regain d\u2019enthousiasme pour le sport automobile. En 2020 et 2021, le circuit de Portim\u00e3o est devenu un lieu incontournable pour la F1 et le MotoGP, aidant les championnats \u00e0 survivre aux saisons difficiles marqu\u00e9es par la pand\u00e9mie. Cependant, peu apr\u00e8s, le circuit de l\u2019Algarve a \u00e9t\u00e9 retir\u00e9 des calendriers des deux s\u00e9ries. Dans les ann\u00e9es \u00e0 venir, la situation pourrait changer pour le pays lusitanien, avec un retour bienvenu \u00e0 l\u2019horizon.<\/p>\n<p>Le circuit d\u2019Estoril se positionne pour accueillir \u00e0 nouveau la F1 et le MotoGP. Portugal News a rapport\u00e9 que la municipalit\u00e9 de Cascais a l\u2019intention de prendre le contr\u00f4le du circuit en acqu\u00e9rant Parp\u00fablica, la holding publique qui agit en tant que fonds national d\u2019actifs du Portugal et qui g\u00e8re les participations du gouvernement dans diverses entreprises.<\/p>\n<p>Objectifs pour 2027-2028<\/p>\n<p>\u00ab En 2026, trente ans se seront \u00e9coul\u00e9s depuis le dernier Grand Prix de Formule 1 \u00e0 Estoril \u00bb, a d\u00e9clar\u00e9 Nuno Piteira Lopes, vice-pr\u00e9sident du conseil municipal de Cascais. \u00ab \u00c0 ce moment-l\u00e0, nous entamerons une nouvelle \u00e8re pour ce circuit l\u00e9gendaire, la municipalit\u00e9 prenant en charge la gestion des installations. \u00bb<\/p>\n<p>L\u2019ambition est claire : Cascais souhaite accueillir une course du championnat du monde de MotoGP en 2027 et faire revenir la Formule 1 au Portugal \u00e0 partir de 2028. La municipalit\u00e9 a \u00e9galement exprim\u00e9 \u00ab sa volont\u00e9 totale d\u2019apporter les am\u00e9liorations n\u00e9cessaires \u00e0 l\u2019installation, en collaboration avec des partenaires priv\u00e9s \u00bb.<\/p>\n<p>Ce n\u2019est pas la premi\u00e8re fois que le conseil municipal de Cascais tente d\u2019acqu\u00e9rir Estoril aupr\u00e8s de l\u2019\u00c9tat. En 2015, le conseil avait lanc\u00e9 un programme d\u2019achat d\u2019une valeur d\u2019environ cinq millions d\u2019euros, mais l\u2019accord avait \u00e9t\u00e9 rejet\u00e9 par la Cour des comptes \u00e0 l\u2019\u00e9poque.<\/p>\n","protected":false},"excerpt":{"rendered":"Le circuit portugais d\u2019Estoril vise un retour en MotoGP en 2027 et en F1 en 2028 Le circuit&hellip;\n","protected":false},"author":2,"featured_media":464359,"comment_status":"","ping_status":"","sticky":false,"template":"","format":"standard","meta":{"footnotes":""},"categories":[1413],"tags":[1011,27,1457,1456,60],"class_list":{"0":"post-464358","1":"post","2":"type-post","3":"status-publish","4":"format-standard","5":"has-post-thumbnail","7":"category-moto","8":"tag-fr","9":"tag-france","10":"tag-moto","11":"tag-motocycle","12":"tag-sports"},"share_on_mastodon":{"url":"https:\/\/pubeurope.com\/@fr\/115377050028370148","error":""},"_links":{"self":[{"href":"https:\/\/www.europesays.com\/fr\/wp-json\/wp\/v2\/posts\/464358","targetHints":{"allow":["GET"]}}],"collection":[{"href":"https:\/\/www.europesays.com\/fr\/wp-json\/wp\/v2\/posts"}],"about":[{"href":"https:\/\/www.europesays.com\/fr\/wp-json\/wp\/v2\/types\/post"}],"author":[{"embeddable":true,"href":"https:\/\/www.europesays.com\/fr\/wp-json\/wp\/v2\/users\/2"}],"replies":[{"embeddable":true,"href":"https:\/\/www.europesays.com\/fr\/wp-json\/wp\/v2\/comments?post=464358"}],"version-history":[{"count":0,"href":"https:\/\/www.europesays.com\/fr\/wp-json\/wp\/v2\/posts\/464358\/revisions"}],"wp:featuredmedia":[{"embeddable":true,"href":"https:\/\/www.europesays.com\/fr\/wp-json\/wp\/v2\/media\/464359"}],"wp:attachment":[{"href":"https:\/\/www.europesays.com\/fr\/wp-json\/wp\/v2\/media?parent=464358"}],"wp:term":[{"taxonomy":"category","embeddable":true,"href":"https:\/\/www.europesays.com\/fr\/wp-json\/wp\/v2\/categories?post=464358"},{"taxonomy":"post_tag","embeddable":true,"href":"https:\/\/www.europesays.com\/fr\/wp-json\/wp\/v2\/tags?post=464358"}],"curies":[{"name":"wp","href":"https:\/\/api.w.org\/{rel}","templated":true}]}}