{"id":464386,"date":"2025-10-15T07:54:10","date_gmt":"2025-10-15T07:54:10","guid":{"rendered":"https:\/\/www.europesays.com\/fr\/464386\/"},"modified":"2025-10-15T07:54:10","modified_gmt":"2025-10-15T07:54:10","slug":"trump-est-heureux-de-triompher-a-la-une-du-time-mais-souleve-un-probleme-capillaire","status":"publish","type":"post","link":"https:\/\/www.europesays.com\/fr\/464386\/","title":{"rendered":"Trump est heureux de triompher \u00e0 la Une du \u00ab\u00a0Time\u00a0\u00bb mais soul\u00e8ve un probl\u00e8me capillaire"},"content":{"rendered":"<p>En bon communicant, <a href=\"https:\/\/www.20minutes.fr\/monde\/egypte\/4179101-20251014-fais-bien-discret-aujourd-hui-habitude-quand-trump-paie-gentiment-macron\" target=\"_blank\" class=\"c-link c-link--is-underlined\" rel=\"noopener\">Donald Trump<\/a> s\u2019est montr\u00e9 une nouvelle fois mardi soucieux de son image publique. Si le pr\u00e9sident des Etats-Unis s\u2019est r\u00e9joui d\u2019appara\u00eetre en couverture du magazine Time, il a dans le m\u00eame temps vivement regrett\u00e9 que la photo fasse \u00ab\u00a0dispara\u00eetre (ses) cheveux\u00a0\u00bb.<\/p>\n<p>Pour \u00ab\u00a0son triomphe\u00a0\u00bb apr\u00e8s le <a href=\"https:\/\/www.20minutes.fr\/monde\/etats-unis\/4179368-20251015-cessez-feu-gaza-trump-hausse-contre-hamas-repression-cours-territoire-palestinien\" target=\"_blank\" class=\"c-link c-link--is-underlined\" rel=\"noopener\">cessez-le-feu entre Isra\u00ebl et le Hamas<\/a>, le locataire de la Maison-Blanche fait la Une du c\u00e9l\u00e8bre magazine am\u00e9ricain avec une photo en gros plan et en contre-plong\u00e9e, avec une discr\u00e8te aur\u00e9ole blanche au-dessus de sa t\u00eate.<\/p>\n<p>Trump y voit \u00ab\u00a0une tr\u00e8s mauvaise photo\u00a0\u00bb<\/p>\n<p>\u00ab\u00a0Le magazine Time a \u00e9crit un assez bon papier sur moi, mais la photo est peut-\u00eatre la pire de tous les temps\u00a0\u00bb, a-t-il d\u00e9nonc\u00e9 sur son r\u00e9seau Truth Social.<\/p>\n<\/p>\n<p>\u00ab\u00a0Ils ont \u00ab\u00a0fait dispara\u00eetre\u00a0\u00bb\u00a0mes cheveux, puis ajout\u00e9 quelque chose flottant au-dessus de ma t\u00eate qui ressemblait \u00e0 une couronne flottante, mais extr\u00eamement petite. Vraiment \u00e9trange\u00a0!\u00a0\u00bb, ajoute-t-il. \u00ab\u00a0Je n\u2019ai jamais aim\u00e9 \u00eatre photographi\u00e9 sous des angles en contre-plong\u00e9e, mais celle-ci est une tr\u00e8s mauvaise photo et m\u00e9rite d\u2019\u00eatre d\u00e9nonc\u00e9e. Que font-ils, et pourquoi\u00a0?\u00a0\u00bb<\/p>\n<blockquote class=\"twitter-tweet\" align=\"center\" data-lang=\"fr_FR\">\n<p lang=\"en\" dir=\"ltr\">The living Israeli hostages held in Gaza have been freed under the first phase of Donald Trump&rsquo;s peace plan, alongside a Palestinian prisoner release. The deal may become a signature achievement of Trump&rsquo;s second term, and it could mark a strategic turning point for the Middle\u2026 <a href=\"https:\/\/t.co\/0bZDABIDGj\">pic.twitter.com\/0bZDABIDGj<\/a><\/p>\n<p>\u2014 TIME (@TIME) <a href=\"https:\/\/twitter.com\/TIME\/status\/1977784098929385818?ref_src=twsrc%5Etfw\" target=\"_blank\" rel=\"noopener\">October 13, 2025<\/a><\/p><\/blockquote>\n<p class=\"mb-xxl@xs color-ultramarine font-weight-semi-bold@xs font-source-serif-pro heading-s@xs\">L\u2019acc\u00e8s \u00e0 ce contenu a \u00e9t\u00e9 bloqu\u00e9 afin de respecter votre choix de consentement<\/p>\n<p class=\"mb-m@xs text-l@xs\">En cliquant sur\u00ab J\u2019accepte \u00bb, vous acceptez le d\u00e9p\u00f4t de cookies par des services externes et aurez ainsi acc\u00e8s aux contenus de nos partenaires.<\/p>\n<p class=\"mb-xl@xs text-s@xs\">Plus d\u2019informations sur la page<a href=\"https:\/\/www.20minutes.fr\/gestion-cookies\" class=\"mx-xxs@xs color-ultramarine\" target=\"_blank\" rel=\"noopener\">Politique de gestion des cookies<\/a><\/p>\n<p>J\u2019accepte<\/p>\n<p>Donald Trump avait \u00e9t\u00e9 ovationn\u00e9 lundi par la Knesset, le parlement isra\u00e9lien, puis couvert d\u2019\u00e9loges pendant un sommet international sur Gaza en Egypte, apr\u00e8s avoir conclu cet accord de cessez-le-feu entre Isra\u00ebl et le mouvement islamiste palestinien Hamas. \u00ab\u00a0Nous avons r\u00e9ussi ensemble ce que tout le monde pensait impossible. Enfin, nous avons la paix au Moyen-Orient\u00a0\u00bb, a-t-il clam\u00e9 en Egypte, sans s\u2019attarder sur la mise en \u0153uvre \u00e0 terme de son plan de paix en 20 points, qui s\u2019annonce ardue.<\/p>\n<p><a href=\"https:\/\/www.20minutes.fr\/monde\/etats-unis\/\" target=\"_blank\" class=\"c-link c-btn c-btn--primary\" rel=\"noopener\">Notre dossier sur les Etats-Unis<\/a><\/p>\n<p>Pourtant englu\u00e9 dans <a href=\"https:\/\/www.20minutes.fr\/monde\/etats-unis\/4178618-20251010-etats-unis-maison-blanche-affirme-avoir-commence-renvoyer-fonctionnaires\" target=\"_blank\" class=\"c-link c-link--is-underlined\" rel=\"noopener\">la paralysie budg\u00e9taire<\/a> (shutdown) aux Etats-Unis depuis plus de deux semaines, et \u00e0 couteaux tir\u00e9s avec l\u2019opposition, le r\u00e9publicain a r\u00e9colt\u00e9 de rares compliments du camp d\u00e9mocrate, dont celui de l\u2019ancien pr\u00e9sident Bill Clinton, pour qui il faut lui \u00ab\u00a0reconna\u00eetre le m\u00e9rite\u00a0\u00bb de l\u2019accord sur Gaza.<\/p>\n<p><script async src=\"https:\/\/platform.twitter.com\/widgets.js\" charset=\"utf-8\"><\/script><\/p>\n","protected":false},"excerpt":{"rendered":"En bon communicant, Donald Trump s\u2019est montr\u00e9 une nouvelle fois mardi soucieux de son image publique. Si le&hellip;\n","protected":false},"author":2,"featured_media":464387,"comment_status":"","ping_status":"","sticky":false,"template":"","format":"standard","meta":{"footnotes":""},"categories":[5],"tags":[47,11,75,73,1011,27,665,3519,14,664,74,12,58855,133,28],"class_list":{"0":"post-464386","1":"post","2":"type-post","3":"status-publish","4":"format-standard","5":"has-post-thumbnail","7":"category-international","8":"tag-actualite","9":"tag-actualites","10":"tag-donald-trump","11":"tag-etats-unis","12":"tag-fr","13":"tag-france","14":"tag-gaza","15":"tag-hamas","16":"tag-international","17":"tag-israel","18":"tag-monde","19":"tag-news","20":"tag-time-magazine","21":"tag-video","22":"tag-world"},"share_on_mastodon":{"url":"https:\/\/pubeurope.com\/@fr\/115377108761553242","error":""},"_links":{"self":[{"href":"https:\/\/www.europesays.com\/fr\/wp-json\/wp\/v2\/posts\/464386","targetHints":{"allow":["GET"]}}],"collection":[{"href":"https:\/\/www.europesays.com\/fr\/wp-json\/wp\/v2\/posts"}],"about":[{"href":"https:\/\/www.europesays.com\/fr\/wp-json\/wp\/v2\/types\/post"}],"author":[{"embeddable":true,"href":"https:\/\/www.europesays.com\/fr\/wp-json\/wp\/v2\/users\/2"}],"replies":[{"embeddable":true,"href":"https:\/\/www.europesays.com\/fr\/wp-json\/wp\/v2\/comments?post=464386"}],"version-history":[{"count":0,"href":"https:\/\/www.europesays.com\/fr\/wp-json\/wp\/v2\/posts\/464386\/revisions"}],"wp:featuredmedia":[{"embeddable":true,"href":"https:\/\/www.europesays.com\/fr\/wp-json\/wp\/v2\/media\/464387"}],"wp:attachment":[{"href":"https:\/\/www.europesays.com\/fr\/wp-json\/wp\/v2\/media?parent=464386"}],"wp:term":[{"taxonomy":"category","embeddable":true,"href":"https:\/\/www.europesays.com\/fr\/wp-json\/wp\/v2\/categories?post=464386"},{"taxonomy":"post_tag","embeddable":true,"href":"https:\/\/www.europesays.com\/fr\/wp-json\/wp\/v2\/tags?post=464386"}],"curies":[{"name":"wp","href":"https:\/\/api.w.org\/{rel}","templated":true}]}}